{"id":543841,"date":"2025-11-19T03:21:12","date_gmt":"2025-11-19T03:21:12","guid":{"rendered":"https:\/\/www.europesays.com\/fr\/543841\/"},"modified":"2025-11-19T03:21:12","modified_gmt":"2025-11-19T03:21:12","slug":"la-17eme-edition-des-ateliers-schuman","status":"publish","type":"post","link":"https:\/\/www.europesays.com\/fr\/543841\/","title":{"rendered":"La 17\u00e8me \u00e9dition des Ateliers Schuman"},"content":{"rendered":"<p><b>Le 26 octobre dernier, la Facult\u00e9 de droit de l\u2019Universit\u00e9 Laval ouvrait sa 14<\/b><b>\u00e8me<\/b><b> \u00e9cole d\u2019automne en droit de l\u2019Union europ\u00e9enne et la 17<\/b><b>\u00e8me<\/b><b> \u00e9dition des Ateliers Schuman. Il s\u2019agit d\u2019une formation intensive multidisciplinaire permettant aux \u00e9tudiants en droit, en sciences politiques et en \u00e9tudes internationales d\u2019acqu\u00e9rir de pr\u00e9cieuses connaissances sur l\u2019Union europ\u00e9enne, les relations internationales et le droit international.<\/b><\/p>\n<p style=\"text-align: right;\"><b>Par Elwin Antagana<\/b><\/p>\n<p><b>La Chaire Jean Monnet<\/b><\/p>\n<p>L\u2019activit\u00e9 est organis\u00e9e annuellement par la Chaire Jean Monnet en int\u00e9gration europ\u00e9enne, un projet dont l\u2019objectif est le d\u00e9veloppement de l\u2019enseignement et de la recherche dans les domaines des relations et du droit international et europ\u00e9en.\u00a0<\/p>\n<p><b>Th\u00e8me<\/b><\/p>\n<p>Cette ann\u00e9e, les relations internationales ont \u00e9t\u00e9 profond\u00e9ment marqu\u00e9es par le d\u00e9clin de l\u2019\u00c9tat de droit international et des accords multilat\u00e9raux entre \u00c9tats et la mont\u00e9e de la diplomatie bilat\u00e9rale bas\u00e9e sur les rapports de force internationaux. Cette situation est notamment caus\u00e9e par la nouvelle politique protectionniste des \u00c9tats-Unis, en totale rupture avec la traditionnelle posture de leaders de la mondialisation adopt\u00e9e par les pr\u00e9d\u00e9cesseurs du pr\u00e9sident Donald Trump. Dans le m\u00eame temps, la mont\u00e9e de puissances non occidentales telles que l\u2019Inde ou la Chine, qui adoptent des politiques \u00e9trang\u00e8res tr\u00e8s diff\u00e9rentes de ce que connaissent les Europ\u00e9ens, forcent ces derniers \u00e0 adopter de nouveaux proc\u00e9d\u00e9s diplomatiques.<\/p>\n<p>Cette ann\u00e9e, l\u2019\u00e9cole d\u2019automne portait sur le th\u00e8me \u00ab\u00a0Diplomatie et strat\u00e9gies de l\u2019Union europ\u00e9enne dans un monde boulevers\u00e9\u00a0\u00bb et les Ateliers Schuman se concentraient sur \u00ab\u00a0Les relations transatlantiques face \u00e0 la nouvelle politique \u00e9trang\u00e8re am\u00e9ricaine\u00a0: enjeux juridiques et g\u00e9ostrat\u00e9giques d\u2019un changement de paradigme dans les relations internationales\u00a0\u00bb.<\/p>\n<p>Les diff\u00e9rent.es conf\u00e9rencier.\u00e8res ont expliqu\u00e9 aux \u00e9tudiant.es les impacts de cette transformation de la sc\u00e8ne internationale sur l\u2019Union europ\u00e9enne du point de vue du droit, du commerce et de l\u2019\u00e9conomie, de la diplomatie et du d\u00e9veloppement durable et la place occup\u00e9e par le Canada dans ces transformations.<\/p>\n<p><b>Invit\u00e9s et programme<\/b><\/p>\n<p>Les \u00e9tudiant.es ont \u00e9t\u00e9 accueilli.es dimanche \u00e0 8h30 par un discours d\u2019ouverture du professeur titulaire de l\u2019Universit\u00e9 Laval Olivier Delas, puis par un discours du professeur Lo\u00efc Grard, professeur de droit \u00e0 l\u2019universit\u00e9 de Bordeaux. Parmi les nombreux.ses conf\u00e9rencier.\u00e8res invit\u00e9.es, l\u2019\u00e9cole d\u2019automne pouvait \u00e9galement compter sur la pr\u00e9sence du professeur et maitre de conf\u00e9rences de l\u2019Universit\u00e9 Savoie Mont Blanc, Damien Bouvier. Ces trois professeurs renomm\u00e9s ont assur\u00e9 la majeure partie de la pr\u00e9sidence au courant de cette semaine de formation intensive.\u00a0<\/p>\n<p>Les premi\u00e8res journ\u00e9es \u00e9taient consacr\u00e9es aux conf\u00e9rences sur le fonctionnement de l\u2019Union europ\u00e9enne et l\u2019histoire de sa formation, ainsi que ses positions, ses strat\u00e9gies et ses enjeux dans les domaines de la s\u00e9curit\u00e9, des valeurs europ\u00e9ennes et internationales, du droit europ\u00e9en et international et du commerce international dans un contexte de changement radical du paradigme des relations internationales et transatlantiques.<\/p>\n<p>Outre les tr\u00e8s nombreux.ses professeur.es et doctorants.e, les \u00e9tudiant.es ont \u00e9galement eu le privil\u00e8ge d\u2019assister \u00e0 une table ronde anim\u00e9e par des diplomates d\u2019Affaires Mondiales Canada et du minist\u00e8re qu\u00e9b\u00e9cois des Relations Internationales et de la Francophonie et \u00e0 des conf\u00e9rences d\u2019honneur anim\u00e9es par l\u2019ambassadeur honoraire de Belgique Son Excellence Raoul Delcorde ainsi que l\u2019ambassadrice de l\u2019Union europ\u00e9enne Son Excellence Genevi\u00e8ve Tuts.<\/p>\n<p>Des activit\u00e9s plus interactives ont \u00e9galement \u00e9t\u00e9 organis\u00e9es. Les participant.es ont \u00e9t\u00e9 invit\u00e9.es \u00e0 un cocktail de r\u00e9seautage pour discuter plus librement avec les conf\u00e9rencier.\u00e8res et diplomates pr\u00e9sent.es. Iels ont \u00e9galement pu participer \u00e0 un atelier de formation \u00e0 la diplomatie, prenant la forme d\u2019une simulation de n\u00e9gociations entre \u00c9tats pour le vote de loi par l\u2019Union europ\u00e9enne.<\/p>\n<p>Cette intense, mais enrichissante semaine de formation s\u2019est achev\u00e9e le vendredi 31 octobre par des conf\u00e9rences ax\u00e9es sur le repositionnement des acteurs internationaux par rapport aux changements des relations transatlantiques et sur les \u00e9volutions de la coop\u00e9ration internationale et des droits de l\u2019Homme. Enfin, le professeur Olivier Delas a cl\u00f4tur\u00e9 l\u2019\u00e9v\u00e9nement par un discours de remerciement des invit\u00e9.es, des participant.es ainsi que des minist\u00e8res, d\u00e9l\u00e9gations, universit\u00e9s et organismes ayant financ\u00e9 l\u2019\u00e9cole d\u2019automne et la Chaire Jean Monnet.<\/p>\n","protected":false},"excerpt":{"rendered":"Le 26 octobre dernier, la Facult\u00e9 de droit de l\u2019Universit\u00e9 Laval ouvrait sa 14\u00e8me \u00e9cole d\u2019automne en droit&hellip;\n","protected":false},"author":2,"featured_media":543842,"comment_status":"","ping_status":"","sticky":false,"template":"","format":"standard","meta":{"footnotes":""},"categories":[1586],"tags":[11,66224,66225,21105,1777,674,1779,66226,1011,27,12,25,1778,364],"class_list":{"0":"post-543841","1":"post","2":"type-post","3":"status-publish","4":"format-standard","5":"has-post-thumbnail","7":"category-europe","8":"tag-actualites","9":"tag-ateliers-schuman","10":"tag-chaire-jean-monnet","11":"tag-droit-international","12":"tag-eu","13":"tag-europe","14":"tag-european-union","15":"tag-faculte-de-droit-de-luniversite-laval","16":"tag-fr","17":"tag-france","18":"tag-news","19":"tag-republique-francaise","20":"tag-ue","21":"tag-union-europeenne"},"share_on_mastodon":{"url":"https:\/\/pubeurope.com\/@fr\/115574216129856637","error":""},"_links":{"self":[{"href":"https:\/\/www.europesays.com\/fr\/wp-json\/wp\/v2\/posts\/543841","targetHints":{"allow":["GET"]}}],"collection":[{"href":"https:\/\/www.europesays.com\/fr\/wp-json\/wp\/v2\/posts"}],"about":[{"href":"https:\/\/www.europesays.com\/fr\/wp-json\/wp\/v2\/types\/post"}],"author":[{"embeddable":true,"href":"https:\/\/www.europesays.com\/fr\/wp-json\/wp\/v2\/users\/2"}],"replies":[{"embeddable":true,"href":"https:\/\/www.europesays.com\/fr\/wp-json\/wp\/v2\/comments?post=543841"}],"version-history":[{"count":0,"href":"https:\/\/www.europesays.com\/fr\/wp-json\/wp\/v2\/posts\/543841\/revisions"}],"wp:featuredmedia":[{"embeddable":true,"href":"https:\/\/www.europesays.com\/fr\/wp-json\/wp\/v2\/media\/543842"}],"wp:attachment":[{"href":"https:\/\/www.europesays.com\/fr\/wp-json\/wp\/v2\/media?parent=543841"}],"wp:term":[{"taxonomy":"category","embeddable":true,"href":"https:\/\/www.europesays.com\/fr\/wp-json\/wp\/v2\/categories?post=543841"},{"taxonomy":"post_tag","embeddable":true,"href":"https:\/\/www.europesays.com\/fr\/wp-json\/wp\/v2\/tags?post=543841"}],"curies":[{"name":"wp","href":"https:\/\/api.w.org\/{rel}","templated":true}]}}