{"id":543850,"date":"2025-11-19T03:28:20","date_gmt":"2025-11-19T03:28:20","guid":{"rendered":"https:\/\/www.europesays.com\/fr\/543850\/"},"modified":"2025-11-19T03:28:20","modified_gmt":"2025-11-19T03:28:20","slug":"ancien-top-100-dennis-novak-prend-sa-retraite-a-32-ans","status":"publish","type":"post","link":"https:\/\/www.europesays.com\/fr\/543850\/","title":{"rendered":"Ancien top 100, Dennis Novak prend sa retraite \u00e0 32 ans"},"content":{"rendered":"<p>                <img decoding=\"async\" src=\"https:\/\/www.europesays.com\/fr\/wp-content\/uploads\/2025\/11\/IPf1.jpg\" fetchpriority=\"high\" alt=\"Ancien top 100, Dennis Novak prend sa retraite \u00e0 32 ans\"\/><\/p>\n<p>85e mondial en mars 2020, le joueur autrichien Dennis Novak a annonc\u00e9 ces derni\u00e8res heures sa retraite avec effet imm\u00e9diat.<\/p>\n<p>Quelques heures apr\u00e8s Christopher Eubanks, un autre joueur du circuit ATP a annonc\u00e9 sa retraite. Il s\u2019agit de Dennis Novak, joueur autrichien class\u00e9 \u00e0 la 85e place mondiale \u00e0 son meilleur classement, et atteinte le 2 mars 2020.<\/p>\n<p>532e du classement ATP cette semaine, Novak jouait essentiellement sur le circuit Challenger depuis plusieurs mois. L\u2019homme de 32 ans a publi\u00e9 un message sur ses r\u00e9seaux sociaux dans lequel il a annonc\u00e9 sa d\u00e9cision.<\/p>\n<p>\u00ab Bonjour \u00e0 tous, je voulais juste vous informer que ma carri\u00e8re professionnelle touche \u00e0 sa fin. Atteindre la 85e place mondiale, disputer 17 matchs de Coupe Davis pour l&rsquo;Autriche et participer \u00e0 tous les tableaux principaux en Grand Chelem, c&rsquo;est plus que je n&rsquo;aurais jamais pu r\u00eaver !<\/p>\n<p>Merci \u00e0 mes parents et \u00e0 ma famille de m&rsquo;avoir donn\u00e9 la chance de poursuivre mon r\u00eave de devenir joueur de tennis professionnel et de m&rsquo;avoir soutenu toute ma vie sans jamais douter de moi ! Merci \u00e0 tous mes entra\u00eeneurs qui m&rsquo;ont accompagn\u00e9s au fil des ann\u00e9es pour leur travail et leur confiance !<\/p>\n<p>Merci \u00e0 ma petite amie qui m&rsquo;a soutenu pendant toutes ces ann\u00e9es et qui ne s&rsquo;est jamais plainte lorsque j&rsquo;\u00e9tais absent pendant des semaines ! Je t&rsquo;aime. Je suis vraiment reconnaissant et heureux pour tout ce que j&rsquo;ai pu vivre au cours de cette aventure et pour toutes les personnes que j&rsquo;ai rencontr\u00e9es et avec lesquelles j&rsquo;ai nou\u00e9 des amiti\u00e9s pour la vie. \u00c0 bient\u00f4t \u00bb, a \u00e9crit Novak sur son compte Instagram.<\/p>\n","protected":false},"excerpt":{"rendered":"85e mondial en mars 2020, le joueur autrichien Dennis Novak a annonc\u00e9 ces derni\u00e8res heures sa retraite avec&hellip;\n","protected":false},"author":2,"featured_media":543851,"comment_status":"","ping_status":"","sticky":false,"template":"","format":"standard","meta":{"footnotes":""},"categories":[1415],"tags":[1011,27,60,1467],"class_list":{"0":"post-543850","1":"post","2":"type-post","3":"status-publish","4":"format-standard","5":"has-post-thumbnail","7":"category-tennis","8":"tag-fr","9":"tag-france","10":"tag-sports","11":"tag-tennis"},"share_on_mastodon":{"url":"https:\/\/pubeurope.com\/@fr\/115574244718485945","error":""},"_links":{"self":[{"href":"https:\/\/www.europesays.com\/fr\/wp-json\/wp\/v2\/posts\/543850","targetHints":{"allow":["GET"]}}],"collection":[{"href":"https:\/\/www.europesays.com\/fr\/wp-json\/wp\/v2\/posts"}],"about":[{"href":"https:\/\/www.europesays.com\/fr\/wp-json\/wp\/v2\/types\/post"}],"author":[{"embeddable":true,"href":"https:\/\/www.europesays.com\/fr\/wp-json\/wp\/v2\/users\/2"}],"replies":[{"embeddable":true,"href":"https:\/\/www.europesays.com\/fr\/wp-json\/wp\/v2\/comments?post=543850"}],"version-history":[{"count":0,"href":"https:\/\/www.europesays.com\/fr\/wp-json\/wp\/v2\/posts\/543850\/revisions"}],"wp:featuredmedia":[{"embeddable":true,"href":"https:\/\/www.europesays.com\/fr\/wp-json\/wp\/v2\/media\/543851"}],"wp:attachment":[{"href":"https:\/\/www.europesays.com\/fr\/wp-json\/wp\/v2\/media?parent=543850"}],"wp:term":[{"taxonomy":"category","embeddable":true,"href":"https:\/\/www.europesays.com\/fr\/wp-json\/wp\/v2\/categories?post=543850"},{"taxonomy":"post_tag","embeddable":true,"href":"https:\/\/www.europesays.com\/fr\/wp-json\/wp\/v2\/tags?post=543850"}],"curies":[{"name":"wp","href":"https:\/\/api.w.org\/{rel}","templated":true}]}}