{"id":543867,"date":"2025-11-19T03:41:10","date_gmt":"2025-11-19T03:41:10","guid":{"rendered":"https:\/\/www.europesays.com\/fr\/543867\/"},"modified":"2025-11-19T03:41:10","modified_gmt":"2025-11-19T03:41:10","slug":"raul-fernandez-brille","status":"publish","type":"post","link":"https:\/\/www.europesays.com\/fr\/543867\/","title":{"rendered":"Raul Fernandez brille"},"content":{"rendered":"<p><strong>Sur son Aprilia, l&rsquo;Espagnol Raul<br \/>\nFernandez a domin\u00e9 la journ\u00e9e de tests d&rsquo;apr\u00e8s-saison, ce mardi \u00e0<br \/>\nValence. Johann Zarco (Honda) et Fabio Quartararo (Yamaha) n&rsquo;ont<br \/>\nquant \u00e0 eux pas pu faire mieux que 13e et 15e.<\/strong><\/p>\n<p>Comme le veut la tradition, deux jours apr\u00e8s le dernier Grand<br \/>\nPrix de la saison, \u00e0 Valence, les pilotes MotoGP se sont retrouv\u00e9s<br \/>\nsur ce m\u00eame circuit pour une journ\u00e9e de tests, sur les motos qu\u2019ils<br \/>\nutiliseront en 2026. Et Aprilia, sur la lanc\u00e9e de sa belle fin de<br \/>\nsaison 2025, a livr\u00e9 de belles promesses pour l\u2019avenir, en dominant<br \/>\ncette journ\u00e9e, m\u00eame si les pilotes ont surtout roul\u00e9 l\u2019apr\u00e8s-midi,<br \/>\nen raison de l\u2019humidit\u00e9 sur la piste dans la matin\u00e9e.<\/p>\n<p>Sur sa moto de l\u2019\u00e9quipe-satellite Trackhouse, Raul Fernandez a<br \/>\nboucl\u00e9 52 tours, dont un en 1\u201929\u2033373. Et personne n\u2019a r\u00e9ussi un<br \/>\nmeilleur chrono. L\u2019Espagnol a devanc\u00e9 le vainqueur des deux<br \/>\nderniers Grands Prix, Marco Bezzecchi, qui finit \u00e0 seulement 27<br \/>\nmilli\u00e8mes, sur sa moto d\u2019usine.<\/p>\n<p>Les Bleus \u00e0 une<br \/>\ndemi-seconde<\/p>\n<p>Derri\u00e8re, on retrouve quatre Espagnols : le vice-champion du<br \/>\nmonde Alex Marquez et le meilleur rookie de l\u2019ann\u00e9e Fermin<br \/>\nAldeguer, sur leur Ducati Gresini, puis Pedro Acosta et Maverick<br \/>\nVinales, sur leur KTM. Rappelons que le champion du monde Marc<br \/>\nMarquez, toujours convalescent apr\u00e8s sa blessure \u00e0 l\u2019\u00e9paule, n\u2019a<br \/>\npas pris part \u00e0 cette journ\u00e9e de tests.<\/p>\n<p>C\u00f4t\u00e9 fran\u00e7ais, Johann Zarco, qui va poursuivre au sein de<br \/>\nl\u2019\u00e9quipe-satellite de Honda deux ans de plus (probablement ses deux<br \/>\nderni\u00e8res ann\u00e9es en MotoGP), n\u2019a pu faire mieux que 13e, \u00e0 521<br \/>\nmilli\u00e8mes de Fernandez. Fabio Quartararo n\u2019a quant \u00e0 lui plus<br \/>\nqu\u2019une ann\u00e9e de contrat avec Yamaha, et il esp\u00e8re que l\u2019\u00e9curie<br \/>\njaponaise va enfin progresser, notamment en passant \u00e0 un moteur V4.<br \/>\nMais il a d\u00fb se contenter du 15e chrono, \u00e0 554 milli\u00e8mes du<br \/>\nvainqueur.<\/p>\n<p>Rendez-vous \u00e0 Sepang en<br \/>\nf\u00e9vrier<\/p>\n<p>L\u2019\u00e9curie Yamaha effectuera d\u2019autres tests, mais priv\u00e9s, ce<br \/>\nmercredi, pour tenter d\u2019am\u00e9liorer la moto. Un ch\u00e2ssis et des pi\u00e8ces<br \/>\na\u00e9rodynamiques seront notamment mis \u00e0 l\u2019essai \u00e0 cette occasion. Les<br \/>\ndeux rookies de 2026 ont \u00e9galement pris part \u00e0 ces essais de<br \/>\nValence : le Turc Toprak Razgatlioglu a fini 18e sur la Yamaha<br \/>\nPramac, et le Br\u00e9silien Diogo Moreira, champion du monde de Moto2,<br \/>\n21e sur le Honda LCR. Place d\u00e9sormais aux vacances, avant les<br \/>\nprochains essais, \u00e0 Sepang en Malaisie au mois de f\u00e9vrier.<\/p>\n","protected":false},"excerpt":{"rendered":"Sur son Aprilia, l&rsquo;Espagnol Raul Fernandez a domin\u00e9 la journ\u00e9e de tests d&rsquo;apr\u00e8s-saison, ce mardi \u00e0 Valence. Johann&hellip;\n","protected":false},"author":2,"featured_media":543868,"comment_status":"","ping_status":"","sticky":false,"template":"","format":"standard","meta":{"footnotes":""},"categories":[9],"tags":[46954,40409,44977,1011,27,22586,1458,11653,57681,60,11651],"class_list":{"0":"post-543867","1":"post","2":"type-post","3":"status-publish","4":"format-standard","5":"has-post-thumbnail","7":"category-sports","8":"tag-aldeguer","9":"tag-bezzecchi","10":"tag-fernandez","11":"tag-fr","12":"tag-france","13":"tag-marquez","14":"tag-motogp","15":"tag-quartararo","16":"tag-sport365-fr","17":"tag-sports","18":"tag-zarco"},"share_on_mastodon":{"url":"https:\/\/pubeurope.com\/@fr\/115574294810517006","error":""},"_links":{"self":[{"href":"https:\/\/www.europesays.com\/fr\/wp-json\/wp\/v2\/posts\/543867","targetHints":{"allow":["GET"]}}],"collection":[{"href":"https:\/\/www.europesays.com\/fr\/wp-json\/wp\/v2\/posts"}],"about":[{"href":"https:\/\/www.europesays.com\/fr\/wp-json\/wp\/v2\/types\/post"}],"author":[{"embeddable":true,"href":"https:\/\/www.europesays.com\/fr\/wp-json\/wp\/v2\/users\/2"}],"replies":[{"embeddable":true,"href":"https:\/\/www.europesays.com\/fr\/wp-json\/wp\/v2\/comments?post=543867"}],"version-history":[{"count":0,"href":"https:\/\/www.europesays.com\/fr\/wp-json\/wp\/v2\/posts\/543867\/revisions"}],"wp:featuredmedia":[{"embeddable":true,"href":"https:\/\/www.europesays.com\/fr\/wp-json\/wp\/v2\/media\/543868"}],"wp:attachment":[{"href":"https:\/\/www.europesays.com\/fr\/wp-json\/wp\/v2\/media?parent=543867"}],"wp:term":[{"taxonomy":"category","embeddable":true,"href":"https:\/\/www.europesays.com\/fr\/wp-json\/wp\/v2\/categories?post=543867"},{"taxonomy":"post_tag","embeddable":true,"href":"https:\/\/www.europesays.com\/fr\/wp-json\/wp\/v2\/tags?post=543867"}],"curies":[{"name":"wp","href":"https:\/\/api.w.org\/{rel}","templated":true}]}}