{"id":543869,"date":"2025-11-19T03:42:12","date_gmt":"2025-11-19T03:42:12","guid":{"rendered":"https:\/\/www.europesays.com\/fr\/543869\/"},"modified":"2025-11-19T03:42:12","modified_gmt":"2025-11-19T03:42:12","slug":"cette-candidate-sera-t-elle-la-gagnante-de-miss-france-2026-voici-la-prediction-de-lia","status":"publish","type":"post","link":"https:\/\/www.europesays.com\/fr\/543869\/","title":{"rendered":"Cette candidate sera-t-elle la gagnante de Miss France 2026\u00a0? Voici la pr\u00e9diction de l&rsquo;IA"},"content":{"rendered":"<p>\n                            L&rsquo;heure approche pour les 30\u00a0candidates au titre de Miss France 2026. Est-ce qu&rsquo;une favorite se d\u00e9marque d\u00e9j\u00e0 dans le concours\u00a0? On a demand\u00e9 \u00e0 l&rsquo;IA&#8230;<\/p>\n<p>Rendez-vous est donn\u00e9 le 6 d\u00e9cembre, en direct sur TF1, pour la grande soir\u00e9e Miss France 2026 anim\u00e9e par <a href=\"https:\/\/www.journaldesfemmes.fr\/people\/personnalites\/2867507-jean-pierre-foucault-age-vie-privee-sante-infos\/\" title=\"Jean-Pierre Foucault\" target=\"_blank\" rel=\"noopener\">Jean-Pierre Foucault<\/a> depuis le Z\u00e9nith d&rsquo;Amiens. Les 30 candidates r\u00e9gionales, de retour en m\u00e9tropole apr\u00e8s un voyage pr\u00e9paratoire organis\u00e9 en Martinique, r\u00eavent toutes de succ\u00e9der \u00e0 l&rsquo;actuelle tenante du titre, <a href=\"https:\/\/www.journaldesfemmes.fr\/people\/personnalites\/3199046-miss-france-angelique-angarni-filopon-martinique\/\" title=\"Ang\u00e9lique Angarni-Filopon\" target=\"_blank\" rel=\"noopener\">Ang\u00e9lique Angarni-Filopon<\/a>. Qui est la favorite \u00e0 l&rsquo;heure actuelle ?\u00a0<\/p>\n<p>L&rsquo;Intelligence artificielle donne son pronostic sur la gagnante de Miss France 2026<\/p>\n<p>Nous avons demand\u00e9 \u00e0 Gemini, l&rsquo;IA de Google, de nous donner son pronostic sur la miss r\u00e9gionale qui a le plus de chances de remporter la couronne en d\u00e9cembre. Pour y r\u00e9pondre, elle a pris en compte plusieurs crit\u00e8res comme le nombre d&rsquo;abonn\u00e9s sur les r\u00e9seaux sociaux, le nombre d&rsquo;articles de presse parus, l&rsquo;historique des victoires par r\u00e9gion ou encore les r\u00e9sultats au test de culture g\u00e9n\u00e9rale&#8230;<\/p>\n<p>Ainsi, \u00e0 en croire l&rsquo;Intelligence Artificielle, la potentielle gagnante de Miss France 2026 serait&#8230; Miss Provence alias\u00a0Julie Zitouni ! A 26 ans, la candidate originaire de Marseille poss\u00e8de d\u00e9j\u00e0 pr\u00e8s de 11 000 followers sur Instagram et, comme le note judicieusement Gemini, \u00ab\u00a0la Provence est une r\u00e9gion qui se classe presque syst\u00e9matiquement dans le Top 5\u00a0depuis plusieurs ann\u00e9es. Le jury et le public ont l&rsquo;habitude de la voir parmi les finalistes.\u00a0\u00bb<\/p>\n<p><a class=\"fancy\" href=\"https:\/\/img-3.journaldesfemmes.fr\/K0GFtqg74vXEOFLqvvfz9jk8wCw=\/1080x\/smart\/4a03fb807d2a4a2cbccadbbb414f301e\/ccmcms-jdf\/40055038.jpg\" target=\"_blank\" rel=\"noopener\"><img decoding=\"async\" alt=\"\" src=\"https:\/\/www.europesays.com\/fr\/wp-content\/uploads\/2025\/11\/40055038.jpg\"\/><\/a><\/p>\n<p>\u00a9\u00a0BENJAMIN DECOIN\/SIPA<\/p>\n<p>Toutefois, au grand drame de Jean-Pierre Foucault qui a fait de la victoire d&rsquo;une Miss Provence la condition sine qua non \u00e0 <a href=\"https:\/\/www.journaldesfemmes.fr\/people\/actus\/2868115-jean-pierre-foucault-miss-france-fin-emissions\/#:~:text=Toutefois%2C%20l&#039;animateur%20pourrait%20quitter,Vous%20voil%C3%A0%20pr%C3%A9venus%20!\" target=\"_blank\" rel=\"noopener\">son d\u00e9part de l&rsquo;animation<\/a> de la soir\u00e9e Miss France, la derni\u00e8re Miss Provence qui a remport\u00e9 l&rsquo;\u00e9charpe remonte d\u00e9j\u00e0 \u00e0\u00a0Sylvie Par\u00e9ra \u00e9lue Miss France 1978. Cette ann\u00e9e sonnera-t-elle la fin de la mal\u00e9diction ?<\/p>\n<p>La candidate est en tout cas sur un petit nuage depuis sa semaine pass\u00e9e avec ses camarades en Martinique. \u00ab\u00a0Je n&rsquo;arrive toujours pas \u00e0 m&rsquo;en remettre.\u00a0C&rsquo;\u00e9tait tout simplement incroyable\u00a0: une \u00e9nergie folle, des moments d&rsquo;une richesse immense, et les Martiniquais\u2026 vous avez gagn\u00e9 mon c\u0153ur pour toujours\u00a0!\u00a0\u00bb, a-t-elle clam\u00e9 sur son compte Instagram.<\/p>\n<p>Quelle candidate est la favorite de la r\u00e9dac ?<\/p>\n<p>Au Journal des Femmes, nous aussi on a notre favorite ! Apr\u00e8s un vote, celle qui remporte les suffrages est&#8230; Miss Tahiti alias Hinaupoko Dev\u00e8ze. Gagnera-t-elle l&rsquo;\u00e9lection ?\u00a0R\u00e9ponse le 6 d\u00e9cembre 2026, au Z\u00e9nith d&rsquo;Amiens, pour la grande finale du concours de beaut\u00e9. Comme chaque ann\u00e9e, TF1 devrait signer une audience stratosph\u00e9rique avec ce rendez-vous ador\u00e9 des Fran\u00e7ais.<\/p>\n<p>L&rsquo;an dernier, l&rsquo;\u00e9lection de Miss France 2026 avait \u00e9t\u00e9 suivie par 7,6\u00a0millions de te\u0301le\u0301spectateurs avec un pic a\u0300 8,4\u00a0millions de te\u0301le\u0301spectateurs en direct sur TF1\u00a0et un record historique de 65% de part d&rsquo;audience. Ringard et obsol\u00e8te le concours ? Le grand public n&rsquo;est visiblement pas du m\u00eame avis.<\/p>\n","protected":false},"excerpt":{"rendered":"L&rsquo;heure approche pour les 30\u00a0candidates au titre de Miss France 2026. Est-ce qu&rsquo;une favorite se d\u00e9marque d\u00e9j\u00e0 dans&hellip;\n","protected":false},"author":2,"featured_media":543870,"comment_status":"","ping_status":"","sticky":false,"template":"","format":"standard","meta":{"footnotes":""},"categories":[8],"tags":[3723,66227,51761,58,59,51763,1011,27,51766,51767],"class_list":{"0":"post-543869","1":"post","2":"type-post","3":"status-publish","4":"format-standard","5":"has-post-thumbnail","7":"category-divertissement","8":"tag-actus","9":"tag-cms-journaldesfemmes-3247874","10":"tag-controller-content","11":"tag-divertissement","12":"tag-entertainment","13":"tag-format-papier","14":"tag-fr","15":"tag-france","16":"tag-les-histoires-du-jdf","17":"tag-parallaxeinfeed"},"share_on_mastodon":{"url":"https:\/\/pubeurope.com\/@fr\/115574299334310808","error":""},"_links":{"self":[{"href":"https:\/\/www.europesays.com\/fr\/wp-json\/wp\/v2\/posts\/543869","targetHints":{"allow":["GET"]}}],"collection":[{"href":"https:\/\/www.europesays.com\/fr\/wp-json\/wp\/v2\/posts"}],"about":[{"href":"https:\/\/www.europesays.com\/fr\/wp-json\/wp\/v2\/types\/post"}],"author":[{"embeddable":true,"href":"https:\/\/www.europesays.com\/fr\/wp-json\/wp\/v2\/users\/2"}],"replies":[{"embeddable":true,"href":"https:\/\/www.europesays.com\/fr\/wp-json\/wp\/v2\/comments?post=543869"}],"version-history":[{"count":0,"href":"https:\/\/www.europesays.com\/fr\/wp-json\/wp\/v2\/posts\/543869\/revisions"}],"wp:featuredmedia":[{"embeddable":true,"href":"https:\/\/www.europesays.com\/fr\/wp-json\/wp\/v2\/media\/543870"}],"wp:attachment":[{"href":"https:\/\/www.europesays.com\/fr\/wp-json\/wp\/v2\/media?parent=543869"}],"wp:term":[{"taxonomy":"category","embeddable":true,"href":"https:\/\/www.europesays.com\/fr\/wp-json\/wp\/v2\/categories?post=543869"},{"taxonomy":"post_tag","embeddable":true,"href":"https:\/\/www.europesays.com\/fr\/wp-json\/wp\/v2\/tags?post=543869"}],"curies":[{"name":"wp","href":"https:\/\/api.w.org\/{rel}","templated":true}]}}