{"id":543873,"date":"2025-11-19T03:44:26","date_gmt":"2025-11-19T03:44:26","guid":{"rendered":"https:\/\/www.europesays.com\/fr\/543873\/"},"modified":"2025-11-19T03:44:26","modified_gmt":"2025-11-19T03:44:26","slug":"des-perquisitions-en-corse-dans-lenquete-sur-un-systeme-de-corruption-au-detriment-du-groupe-altice","status":"publish","type":"post","link":"https:\/\/www.europesays.com\/fr\/543873\/","title":{"rendered":"Des perquisitions en Corse dans l&rsquo;enqu\u00eate sur un syst\u00e8me de corruption au d\u00e9triment du groupe Altice"},"content":{"rendered":"<p class=\"article__intro\">Une trentaine de domiciles et soci\u00e9t\u00e9s ont \u00e9t\u00e9 perquisitionn\u00e9s ce 18 novembre dans le cadre de l&rsquo;enqu\u00eate ouverte par le Parquet National Financier sur des soup\u00e7ons de corruption au d\u00e9triment du groupe Altice, maison m\u00e8re de SFR. Des perquisitions effectu\u00e9es en \u00cele-de-France, dans le Var et les Vosges, et en Corse.<\/p>\n<p>\n      La Quotidienne Soci\u00e9t\u00e9\n    <\/p>\n<p>\n      De la vie quotidienne aux grands enjeux, recevez tous les jours les sujets qui font la soci\u00e9t\u00e9 locale, comme la justice, l\u2019\u00e9ducation, la sant\u00e9 et la famille.\n    <\/p>\n<p>    France T\u00e9l\u00e9visions utilise votre adresse e-mail afin de vous envoyer la newsletter \u00ab\u00a0La Quotidienne Soci\u00e9t\u00e9\u00a0\u00bb. Vous pouvez vous d\u00e9sinscrire \u00e0 tout moment via le lien en bas de cette newsletter. <a target=\"_blank\" href=\"https:\/\/www.francetelevisions.fr\/groupe\/confidentialite\/politique-de-confidentialite\/politique-de-confidentialite-de-france-televisions-6503\" rel=\"nofollow noopener\">Notre politique de confidentialit\u00e9<\/a><\/p>\n<p>70 enqu\u00eateurs \u00e9taient mobilis\u00e9s ce mardi 18 novembre pour cette op\u00e9ration judiciaire d\u2019ampleur men\u00e9e par l\u2019Office Central de Lutte contre la Corruption et les Infractions Financi\u00e8res et Fiscales (OCLCIFF). Une op\u00e9ration qui s&rsquo;inscrit dans le cadre de l&rsquo;enqu\u00eate sur un vaste syst\u00e8me de corruption priv\u00e9e, d\u2019escroquerie et de blanchiment en bande organis\u00e9e, au d\u00e9triment du groupe ALTICE, maison m\u00e8re de SFR.<\/p>\n<p>\u00ab\u00a0Plusieurs perquisitions ont \u00e9t\u00e9 effectu\u00e9es simultan\u00e9ment visant 15 domiciles et 14 soci\u00e9t\u00e9s situ\u00e9s en \u00cele-de-France, en Corse, dans le Var et dans les Vosges\u00a0\u00bb, indique le procureur de la R\u00e9publique financier Jean-Fran\u00e7ois Bohnert.<\/p>\n<p>On ignore pour l&rsquo;heure quelles soci\u00e9t\u00e9s ou domiciles insulaires ont fait l&rsquo;objet de ces perquisitions.<\/p>\n<p>Le parquet National Financier pr\u00e9cise que le dispositif de corruption sur lequel porte cette enqu\u00eate est particuli\u00e8rement complexe et \u00ab\u00a0s&rsquo;appuierait sur un r\u00e9seau de soci\u00e9t\u00e9s \u00e9crans interpos\u00e9es entre Altice et certains fournisseurs, ayant permis la surfacturation de prestations et de biens. Les fonds ainsi obtenus auraient ensuite aliment\u00e9 des m\u00e9canismes de blanchiment impliquant des structures bas\u00e9es en France et \u00e0 l&rsquo;\u00e9tranger, au profit des principaux instigateurs de ce syst\u00e8me\u00a0\u00bb.<\/p>\n<p>Le PNF avait ouvert en septembre 2023 le volet fran\u00e7ais de cette enqu\u00eate deux mois apr\u00e8s l&rsquo;arrestation par les autorit\u00e9s portugaises d&rsquo;Armando Pereira, bras droit de l&rsquo;homme d&rsquo;affaires fran\u00e7ais Patrick Drahi, premier actionnaire d&rsquo;Altice France.<\/p>\n<p>L&rsquo;op\u00e9ration men\u00e9e ce 18 novembre 2025 s&rsquo;est d\u00e9roul\u00e9e \u00ab\u00a0gr\u00e2ce \u00e0 une \u00e9quipe commune d&rsquo;enqu\u00eate mise en place entre les autorit\u00e9s fran\u00e7aises et celles du Portugal\u00a0\u00bb, a pr\u00e9cis\u00e9 le PNF.<\/p>\n<p>Cette vague de perquisitions a permis de \u00ab\u00a0r\u00e9cup\u00e9rer des \u00e9l\u00e9ments de preuve utiles \u00e0 la poursuite des investigations\u00a0\u00bb, a soulign\u00e9 le procureur de la R\u00e9publique financier Jean-Fran\u00e7ois Bohnert, pr\u00e9cisant que \u00ab\u00a0plus de 14 millions d&rsquo;euros\u00a0\u00bb avaient \u00e9t\u00e9 saisis sur des comptes bancaires, \u00ab\u00a0ainsi que des v\u00e9hicules et objets de luxe\u00a0\u00bb.<\/p>\n<p>avec AFP<\/p>\n","protected":false},"excerpt":{"rendered":"Une trentaine de domiciles et soci\u00e9t\u00e9s ont \u00e9t\u00e9 perquisitionn\u00e9s ce 18 novembre dans le cadre de l&rsquo;enqu\u00eate ouverte&hellip;\n","protected":false},"author":2,"featured_media":543874,"comment_status":"","ping_status":"","sticky":false,"template":"","format":"standard","meta":{"footnotes":""},"categories":[6],"tags":[35,33,34,1011,27],"class_list":{"0":"post-543873","1":"post","2":"type-post","3":"status-publish","4":"format-standard","5":"has-post-thumbnail","7":"category-economie","8":"tag-business","9":"tag-economie","10":"tag-economy","11":"tag-fr","12":"tag-france"},"share_on_mastodon":{"url":"https:\/\/pubeurope.com\/@fr\/115574308750748110","error":""},"_links":{"self":[{"href":"https:\/\/www.europesays.com\/fr\/wp-json\/wp\/v2\/posts\/543873","targetHints":{"allow":["GET"]}}],"collection":[{"href":"https:\/\/www.europesays.com\/fr\/wp-json\/wp\/v2\/posts"}],"about":[{"href":"https:\/\/www.europesays.com\/fr\/wp-json\/wp\/v2\/types\/post"}],"author":[{"embeddable":true,"href":"https:\/\/www.europesays.com\/fr\/wp-json\/wp\/v2\/users\/2"}],"replies":[{"embeddable":true,"href":"https:\/\/www.europesays.com\/fr\/wp-json\/wp\/v2\/comments?post=543873"}],"version-history":[{"count":0,"href":"https:\/\/www.europesays.com\/fr\/wp-json\/wp\/v2\/posts\/543873\/revisions"}],"wp:featuredmedia":[{"embeddable":true,"href":"https:\/\/www.europesays.com\/fr\/wp-json\/wp\/v2\/media\/543874"}],"wp:attachment":[{"href":"https:\/\/www.europesays.com\/fr\/wp-json\/wp\/v2\/media?parent=543873"}],"wp:term":[{"taxonomy":"category","embeddable":true,"href":"https:\/\/www.europesays.com\/fr\/wp-json\/wp\/v2\/categories?post=543873"},{"taxonomy":"post_tag","embeddable":true,"href":"https:\/\/www.europesays.com\/fr\/wp-json\/wp\/v2\/tags?post=543873"}],"curies":[{"name":"wp","href":"https:\/\/api.w.org\/{rel}","templated":true}]}}