{"id":543881,"date":"2025-11-19T03:50:25","date_gmt":"2025-11-19T03:50:25","guid":{"rendered":"https:\/\/www.europesays.com\/fr\/543881\/"},"modified":"2025-11-19T03:50:25","modified_gmt":"2025-11-19T03:50:25","slug":"roche-la-moliere-lassociation-a-nos-gueules-noires-assure-lorganisation-de-la-sainte-barbe","status":"publish","type":"post","link":"https:\/\/www.europesays.com\/fr\/543881\/","title":{"rendered":"Roche-la-Moli\u00e8re. L\u2019association \u00c0 nos gueules noires assure l\u2019organisation de la Sainte-Barbe"},"content":{"rendered":"<p>C\u2019est devenu une date importante pour les mineurs et les familles de mineurs de se retrouver le premier dimanche de d\u00e9cembre afin de f\u00eater la Sainte-Barbe, patronne des mineurs, des pompiers et des artificiers.<\/p>\n<p>Une messe en hommage \u00e0 Ernest Riondel<\/p>\n<p>Le pr\u00e9sident, Aur\u00e9lien Verne, de l\u2019association \u00c0 nos gueules noires, rappelle\u00a0: \u00ab\u00a0Elle a \u00e9t\u00e9 cr\u00e9\u00e9e en 1993 par des familles rouchonnes pour perp\u00e9tuer la m\u00e9moire des mineurs,&#8230;<\/p>\n","protected":false},"excerpt":{"rendered":"C\u2019est devenu une date importante pour les mineurs et les familles de mineurs de se retrouver le premier&hellip;\n","protected":false},"author":2,"featured_media":543882,"comment_status":"","ping_status":"","sticky":false,"template":"","format":"standard","meta":{"footnotes":""},"categories":[9653],"tags":[1111,11,2430,1687,7539,1777,674,1011,27,12,2661,25,12490,12491,4001],"class_list":{"0":"post-543881","1":"post","2":"type-post","3":"status-publish","4":"format-standard","5":"has-post-thumbnail","7":"category-saint-etienne","8":"tag-actu","9":"tag-actualites","10":"tag-auvergne-rhone-alpes","11":"tag-culture-loisirs","12":"tag-edition-loire-sud","13":"tag-eu","14":"tag-europe","15":"tag-fr","16":"tag-france","17":"tag-news","18":"tag-patrimoine-culturel","19":"tag-republique-francaise","20":"tag-roche-la-moliere","21":"tag-roche-la-moliere-bassin","22":"tag-saint-etienne"},"share_on_mastodon":{"url":"https:\/\/pubeurope.com\/@fr\/115574330098987218","error":""},"_links":{"self":[{"href":"https:\/\/www.europesays.com\/fr\/wp-json\/wp\/v2\/posts\/543881","targetHints":{"allow":["GET"]}}],"collection":[{"href":"https:\/\/www.europesays.com\/fr\/wp-json\/wp\/v2\/posts"}],"about":[{"href":"https:\/\/www.europesays.com\/fr\/wp-json\/wp\/v2\/types\/post"}],"author":[{"embeddable":true,"href":"https:\/\/www.europesays.com\/fr\/wp-json\/wp\/v2\/users\/2"}],"replies":[{"embeddable":true,"href":"https:\/\/www.europesays.com\/fr\/wp-json\/wp\/v2\/comments?post=543881"}],"version-history":[{"count":0,"href":"https:\/\/www.europesays.com\/fr\/wp-json\/wp\/v2\/posts\/543881\/revisions"}],"wp:featuredmedia":[{"embeddable":true,"href":"https:\/\/www.europesays.com\/fr\/wp-json\/wp\/v2\/media\/543882"}],"wp:attachment":[{"href":"https:\/\/www.europesays.com\/fr\/wp-json\/wp\/v2\/media?parent=543881"}],"wp:term":[{"taxonomy":"category","embeddable":true,"href":"https:\/\/www.europesays.com\/fr\/wp-json\/wp\/v2\/categories?post=543881"},{"taxonomy":"post_tag","embeddable":true,"href":"https:\/\/www.europesays.com\/fr\/wp-json\/wp\/v2\/tags?post=543881"}],"curies":[{"name":"wp","href":"https:\/\/api.w.org\/{rel}","templated":true}]}}