{"id":543889,"date":"2025-11-19T03:56:14","date_gmt":"2025-11-19T03:56:14","guid":{"rendered":"https:\/\/www.europesays.com\/fr\/543889\/"},"modified":"2025-11-19T03:56:14","modified_gmt":"2025-11-19T03:56:14","slug":"patagonie-chilienne-cinq-touristes-dont-trois-europeens-meurent-dans-une-tempete","status":"publish","type":"post","link":"https:\/\/www.europesays.com\/fr\/543889\/","title":{"rendered":"Patagonie chilienne\u00a0: cinq touristes, dont trois Europ\u00e9ens, meurent dans une temp\u00eate"},"content":{"rendered":"<p>Cinq touristes &#8211; deux Mexicains et trois Europ\u00e9ens &#8211; sont morts dans la r\u00e9serve naturelle de Torres del Paine, en Patagonie <a href=\"https:\/\/www.ouest-france.fr\/monde\/chili\" target=\"_self\" rel=\"noopener\">chilienne<\/a>, apr\u00e8s avoir \u00e9t\u00e9 surpris par une temp\u00eate, ont annonc\u00e9 les autorit\u00e9s mardi 18\u00a0novembre 2025.<\/p>\n<p><strong>\u00ab\u00a0Nous devons annoncer le d\u00e9c\u00e8s de cinq personnes\u00a0\u00bb, deux Mexicains, deux Allemands et une Britannique\u00a0\u00bb<\/strong>, a d\u00e9clar\u00e9 \u00e0 la presse Jos\u00e9 Antonio Ruiz, d\u00e9l\u00e9gu\u00e9 pr\u00e9sidentiel dans la r\u00e9gion de Magallanes.<\/p>\n<p>Quatre autres personnes qui avaient \u00e9t\u00e9 port\u00e9es disparues ont \u00e9t\u00e9 retrouv\u00e9es en vie, a-t-il ajout\u00e9, sans pr\u00e9ciser leurs nationalit\u00e9s.<\/p>\n<p><strong>\u00ab\u00a0Des discussions ont d\u00e9j\u00e0 \u00e9t\u00e9 entam\u00e9es avec les consuls concern\u00e9s pour le rapatriement des corps\u00a0\u00bb<\/strong>, a-t-il soulign\u00e9.<\/p>\n<p>Plus t\u00f4t dans la journ\u00e9e, le responsable avait fait \u00e9tat de la mort des deux Mexicains et de la disparition de sept autres visiteurs, sans pr\u00e9ciser leur nationalit\u00e9.<\/p>\n<p>La r\u00e9serve naturelle de Torres del Paine, situ\u00e9e \u00e0 quelque 2,800\u00a0km au sud de Santiago, est r\u00e9put\u00e9e pour ses massifs de granit, ses lacs et sa faune. Le parc est le plus visit\u00e9 par les touristes \u00e9trangers au Chili.<\/p>\n<p>Pluie et neige<\/p>\n<p>Des militaires et policiers ont particip\u00e9 aux op\u00e9rations de recherche, selon M. Ruiz, qui s\u2019exprimait depuis Punta Arenas, capitale de la r\u00e9gion de Magallanes.<\/p>\n<p>Depuis dimanche, des vents jusqu\u2019\u00e0 120\u00a0km\/h et des pr\u00e9cipitations de pluie m\u00eal\u00e9e de neige r\u00e9duisent fortement la visibilit\u00e9, a indiqu\u00e9 \u00e0 l\u2019Agence France-Presse (AFP) Juan Carlos Andrades, directeur du Service national de pr\u00e9vention et de r\u00e9ponse aux catastrophes (Senapred) de la r\u00e9gion de Magallanes.<\/p>\n<p>Dans de telles conditions, les visiteurs <strong>\u00ab\u00a0sortent du sentier balis\u00e9, mais avec ce vent blanc, se d\u00e9sorientent\u00a0\u00bb<\/strong>, a-t-il expliqu\u00e9 par t\u00e9l\u00e9phone.<\/p>\n<p>Le parc accueille \u00e0 partir de novembre, \u00e0 la fin du printemps austral, les premiers randonneurs de la saison. L\u2019un des itin\u00e9raires les plus r\u00e9put\u00e9s est celui qui fait le tour du massif del Paine, un circuit d\u2019un peu plus d\u2019une semaine.<\/p>\n<p>En 2023, plus de 360\u00a0000\u00a0personnes ont visit\u00e9 le parc, class\u00e9 r\u00e9serve de biosph\u00e8re par l\u2019Unesco, selon la Corporation nationale foresti\u00e8re (Conaf).<\/p>\n<p>\u00a0<\/p>\n","protected":false},"excerpt":{"rendered":"Cinq touristes &#8211; deux Mexicains et trois Europ\u00e9ens &#8211; sont morts dans la r\u00e9serve naturelle de Torres del&hellip;\n","protected":false},"author":2,"featured_media":543890,"comment_status":"","ping_status":"","sticky":false,"template":"","format":"standard","meta":{"footnotes":""},"categories":[9619],"tags":[1111,11,66240,1777,674,11201,1011,27,66241,12,66239,882,25,7747,2310,21030],"class_list":{"0":"post-543889","1":"post","2":"type-post","3":"status-publish","4":"format-standard","5":"has-post-thumbnail","7":"category-toulon","8":"tag-actu","9":"tag-actualites","10":"tag-chilienne","11":"tag-eu","12":"tag-europe","13":"tag-europeens","14":"tag-fr","15":"tag-france","16":"tag-meurent","17":"tag-news","18":"tag-patagonie","19":"tag-provence-alpes-cote-dazur","20":"tag-republique-francaise","21":"tag-tempete","22":"tag-toulon","23":"tag-touristes"},"share_on_mastodon":{"url":"https:\/\/pubeurope.com\/@fr\/115574353691486870","error":""},"_links":{"self":[{"href":"https:\/\/www.europesays.com\/fr\/wp-json\/wp\/v2\/posts\/543889","targetHints":{"allow":["GET"]}}],"collection":[{"href":"https:\/\/www.europesays.com\/fr\/wp-json\/wp\/v2\/posts"}],"about":[{"href":"https:\/\/www.europesays.com\/fr\/wp-json\/wp\/v2\/types\/post"}],"author":[{"embeddable":true,"href":"https:\/\/www.europesays.com\/fr\/wp-json\/wp\/v2\/users\/2"}],"replies":[{"embeddable":true,"href":"https:\/\/www.europesays.com\/fr\/wp-json\/wp\/v2\/comments?post=543889"}],"version-history":[{"count":0,"href":"https:\/\/www.europesays.com\/fr\/wp-json\/wp\/v2\/posts\/543889\/revisions"}],"wp:featuredmedia":[{"embeddable":true,"href":"https:\/\/www.europesays.com\/fr\/wp-json\/wp\/v2\/media\/543890"}],"wp:attachment":[{"href":"https:\/\/www.europesays.com\/fr\/wp-json\/wp\/v2\/media?parent=543889"}],"wp:term":[{"taxonomy":"category","embeddable":true,"href":"https:\/\/www.europesays.com\/fr\/wp-json\/wp\/v2\/categories?post=543889"},{"taxonomy":"post_tag","embeddable":true,"href":"https:\/\/www.europesays.com\/fr\/wp-json\/wp\/v2\/tags?post=543889"}],"curies":[{"name":"wp","href":"https:\/\/api.w.org\/{rel}","templated":true}]}}