{"id":543895,"date":"2025-11-19T04:01:17","date_gmt":"2025-11-19T04:01:17","guid":{"rendered":"https:\/\/www.europesays.com\/fr\/543895\/"},"modified":"2025-11-19T04:01:17","modified_gmt":"2025-11-19T04:01:17","slug":"forme-au-rc-lens-benjamin-gomel-pas-recompense-en-national","status":"publish","type":"post","link":"https:\/\/www.europesays.com\/fr\/543895\/","title":{"rendered":"Form\u00e9 au RC Lens, Benjamin Gomel pas r\u00e9compens\u00e9 en National"},"content":{"rendered":"<p>Form\u00e9 au <strong>RC Lens<\/strong> et milieu offensif du FC Sochaux depuis l\u2019\u00e9t\u00e9 dernier, <strong>Benjamin Gomel<\/strong> concourrait pour le troph\u00e9e de meilleur joueur de National en octobre. Mais il a finalement \u00e9t\u00e9 devanc\u00e9.<\/p>\n<p>C\u2019est le d\u00e9fenseur du FC Rouen Cl\u00e9ment Bassin qui a \u00e9t\u00e9 d\u00e9sign\u00e9 par le public avec 48,87% des votes. Benjamin Gomel n\u2019a pas \u00e0 rougir avec une 2e place atteinte gr\u00e2ce \u00e0 27,30% des voix. Le Dijonnais Adel Lambezat (22,09%) et Jordan Tell (Concarneau, 1,74% des votes) \u00e9taient les autres nomm\u00e9s. Arriv\u00e9 dans le Doubs en provenance de Nancy, Benjamin Gomel a sign\u00e9 5 buts (dont 3 en octobre) et une passe d\u00e9cisive depuis le d\u00e9but de la saison en National.<\/p>\n<blockquote class=\"twitter-tweet\">\n<p dir=\"ltr\" lang=\"fr\">Avec 48,87 %, le d\u00e9fenseur et capitaine du <a href=\"https:\/\/twitter.com\/fcr1899?ref_src=twsrc%5Etfw\" rel=\"nofollow noopener\" target=\"_blank\">@fcr1899<\/a>, \ud835\udc02\ud835\udc25\ud835\udc1e\u0301\ud835\udc26\ud835\udc1e\ud835\udc27\ud835\udc2d \ud835\udc01\ud835\udc1a\ud835\udc2c\ud835\udc2c\ud835\udc22\ud835\udc27, a \u00e9t\u00e9 d\u00e9sign\u00e9 \ud835\udc26\ud835\udc1e\ud835\udc22\ud835\udc25\ud835\udc25\ud835\udc1e\ud835\udc2e\ud835\udc2b \ud835\udc23\ud835\udc28\ud835\udc2e\ud835\udc1e\ud835\udc2e\ud835\udc2b \ud835\udc1d\ud835\udc2e \ud835\udc26\ud835\udc28\ud835\udc22\ud835\udc2c \ud835\udc1d\u2019\ud835\udc28\ud835\udc1c\ud835\udc2d\ud835\udc28\ud835\udc1b\ud835\udc2b\ud835\udc1e du championnat <a href=\"https:\/\/twitter.com\/hashtag\/NationalFFF?src=hash&amp;ref_src=twsrc%5Etfw\" rel=\"nofollow noopener\" target=\"_blank\">#NationalFFF<\/a> \ud83d\ude4c\ud83d\ude04<\/p>\n<p>Le troph\u00e9e reste ainsi en Normandie \ud83c\udfc6<\/p>\n<p>Toutes les infos \u27a1\ufe0f <a href=\"https:\/\/t.co\/tKpdFz0BvI\" rel=\"nofollow\">https:\/\/t.co\/tKpdFz0BvI<\/a> <a href=\"https:\/\/t.co\/y8BR4wE6XX\" rel=\"nofollow\">pic.twitter.com\/y8BR4wE6XX<\/a><\/p>\n<p>\u2014 Championnat National (@NationalFFF) <a href=\"https:\/\/twitter.com\/NationalFFF\/status\/1990440302901952890?ref_src=twsrc%5Etfw\" rel=\"nofollow noopener\" target=\"_blank\">November 17, 2025<\/a><\/p>\n<\/blockquote>\n<p>\t<script async src=\"https:\/\/platform.twitter.com\/widgets.js\" charset=\"utf-8\"><\/script><\/p>\n","protected":false},"excerpt":{"rendered":"Form\u00e9 au RC Lens et milieu offensif du FC Sochaux depuis l\u2019\u00e9t\u00e9 dernier, Benjamin Gomel concourrait pour le&hellip;\n","protected":false},"author":2,"featured_media":234503,"comment_status":"","ping_status":"","sticky":false,"template":"","format":"standard","meta":{"footnotes":""},"categories":[9587],"tags":[1111,11,1777,674,1011,27,12,5161,25,9590],"class_list":{"0":"post-543895","1":"post","2":"type-post","3":"status-publish","4":"format-standard","5":"has-post-thumbnail","7":"category-rouen","8":"tag-actu","9":"tag-actualites","10":"tag-eu","11":"tag-europe","12":"tag-fr","13":"tag-france","14":"tag-news","15":"tag-normandie","16":"tag-republique-francaise","17":"tag-rouen"},"share_on_mastodon":{"url":"https:\/\/pubeurope.com\/@fr\/115574373279297628","error":""},"_links":{"self":[{"href":"https:\/\/www.europesays.com\/fr\/wp-json\/wp\/v2\/posts\/543895","targetHints":{"allow":["GET"]}}],"collection":[{"href":"https:\/\/www.europesays.com\/fr\/wp-json\/wp\/v2\/posts"}],"about":[{"href":"https:\/\/www.europesays.com\/fr\/wp-json\/wp\/v2\/types\/post"}],"author":[{"embeddable":true,"href":"https:\/\/www.europesays.com\/fr\/wp-json\/wp\/v2\/users\/2"}],"replies":[{"embeddable":true,"href":"https:\/\/www.europesays.com\/fr\/wp-json\/wp\/v2\/comments?post=543895"}],"version-history":[{"count":0,"href":"https:\/\/www.europesays.com\/fr\/wp-json\/wp\/v2\/posts\/543895\/revisions"}],"wp:featuredmedia":[{"embeddable":true,"href":"https:\/\/www.europesays.com\/fr\/wp-json\/wp\/v2\/media\/234503"}],"wp:attachment":[{"href":"https:\/\/www.europesays.com\/fr\/wp-json\/wp\/v2\/media?parent=543895"}],"wp:term":[{"taxonomy":"category","embeddable":true,"href":"https:\/\/www.europesays.com\/fr\/wp-json\/wp\/v2\/categories?post=543895"},{"taxonomy":"post_tag","embeddable":true,"href":"https:\/\/www.europesays.com\/fr\/wp-json\/wp\/v2\/tags?post=543895"}],"curies":[{"name":"wp","href":"https:\/\/api.w.org\/{rel}","templated":true}]}}