{"id":543898,"date":"2025-11-19T04:04:51","date_gmt":"2025-11-19T04:04:51","guid":{"rendered":"https:\/\/www.europesays.com\/fr\/543898\/"},"modified":"2025-11-19T04:04:51","modified_gmt":"2025-11-19T04:04:51","slug":"un-enfant-grievement-blesse-par-balles-une-voisine-a-tout-entendu-du-drame","status":"publish","type":"post","link":"https:\/\/www.europesays.com\/fr\/543898\/","title":{"rendered":"un enfant gri\u00e8vement bless\u00e9 par balles, une voisine a tout entendu du drame"},"content":{"rendered":"<p class=\"app_entry_lead\">\n<p>                    <a title=\"\u00a0\u00a9\u00a0Alain ROBERT\/SIPA (publi\u00e9e le 17\/11\/2025)\" href=\"https:\/\/www.europesays.com\/fr\/wp-content\/uploads\/2025\/11\/82811110.jpg\" class=\"fancy\"><\/p>\n<p>                            <img loading=\"lazy\" decoding=\"async\" src=\"https:\/\/www.europesays.com\/fr\/wp-content\/uploads\/2025\/11\/82811110.jpg\" alt=\"Grenoble\u00a0: un enfant gri\u00e8vement bless\u00e9 par balles, une voisine a tout entendu du drame\" width=\"1500\" height=\"1000\"\/><\/p>\n<p>                    <\/a><\/p>\n<p>                Un enfant de 12\u00a0ans est toujours entre la vie et la mort apr\u00e8s avoir \u00e9t\u00e9 bless\u00e9 par trois balles \u00e0 Grenoble dans la nuit de samedi \u00e0 dimanche. Une habitante a tout entendu, elle livre son r\u00e9cit.<\/p>\n<p>Dans la nuit du samedi 15 au dimanche 16 novembre, un adolescent de 12 ans a \u00e9t\u00e9 victime de tirs par armes \u00e0 feu, selon les informations du <a href=\"https:\/\/www.ledauphine.com\/faits-divers-justice\/2025\/11\/16\/un-garcon-de-14-ans-grievement-blesse-lors-d-une-fusillade-cette-nuit-dans-le-quartier-chorier-berriat\" rel=\"nofollow noopener\" target=\"_blank\">Dauphin\u00e9 Lib\u00e9r\u00e9<\/a>. Les faits se sont d\u00e9roul\u00e9s \u00e0 2h55 du matin \u00e0 l&rsquo;angle de la rue du Drac et de la rue Boucher-de-Perthes, laquelle relie la rue Nicolas-Chorier \u00e0 la rue Amp\u00e8re.<\/p>\n<p>Les forces de l&rsquo;ordre sont alors intervenues sur un point de deal bien connu, apr\u00e8s l&rsquo;appel de plusieurs riverains qui ont entendu des coups de feu et vu un v\u00e9hicule prendre la fuite. \u00c0 leur arriv\u00e9e sur place, ils ont d\u00e9couvert un jeune adolescent \u00e0 terre, en arr\u00eat cardio-respiratoire. Il pr\u00e9sentait des blessures par balles : une dans le dos et deux aux jambes. L&rsquo;intervention des secours a permis de le r\u00e9animer avant de le transporter \u00e0 l&rsquo;h\u00f4pital.\u00a0Il a pris la direction du CHU dans le coma. Dimanche soir, son pronostic vital \u00e9tait toujours engag\u00e9.<\/p>\n<p>Neuf \u00e9tuis de 9\u00a0mm ont \u00e9t\u00e9 retrouv\u00e9s sur les lieux ainsi qu&rsquo;une ogive \u00e9cras\u00e9e et un fragment de chemisage.\u00a0Une enqu\u00eate pour tentative de meurtre est en cours, men\u00e9e par la DCOS (ex-police judiciaire). Celle-ci ne pourra malheureusement pas \u00eatre appuy\u00e9e d&rsquo;images de vid\u00e9osurveillance, puisque le quartier n&rsquo;en dispose pas. En revanche, le profil de la victime s&rsquo;affine de plus en plus.\u00a0Selon le procureur adjoint de la R\u00e9publique de <a href=\"https:\/\/www.linternaute.com\/ville\/grenoble\/ville-38185\" title=\"Grenoble\" rel=\"nofollow noopener\" target=\"_blank\">Grenoble<\/a>, Fran\u00e7ois Touret-de-Coucy, la victime pourrait \u00eatre un mineur non accompagn\u00e9 d&rsquo;origine nord-africaine, peut-\u00eatre \u00ab\u00a0alg\u00e9rienne\u00a0\u00bb selon <a href=\"https:\/\/www.larep.fr\/grenoble-38000\/faits-divers\/adolescent-de-12-ans-dans-le-coma-blesse-par-3-balles-point-de-deal-ce-que-l-on-sait-de-la-fusillade-a-grenoble_14783056\/\" rel=\"nofollow noopener\" target=\"_blank\">La R\u00e9publique du Centre<\/a>, n\u00e9 en d\u00e9cembre 2012.\u00a0<\/p>\n<p>\u00ab\u00a0J&rsquo;ai entendu un gar\u00e7on qui criait &lsquo;\u00e0 l&rsquo;aide, aidez-moi'\u00a0\u00bb<\/p>\n<p>Le parquet ajoute que\u00a0la jeune victime a multipli\u00e9 les fugues de son foyer ces derni\u00e8res semaines, potentiellement pour se livrer au trafic de drogue. Ses empreintes\u00a0\u00ab\u00a0ressortent sous plusieurs identit\u00e9s, dont une pour laquelle il est convoqu\u00e9 devant le juge des enfants le 10\u00a0d\u00e9cembre pour d\u00e9tention et offre ou cession de stup\u00e9fiants\u00a0\u00bb. Il n&rsquo;\u00e9tait, auparavant, \u00ab\u00a0pas connu de la justice\u00a0\u00bb, d\u00e9taille le magistrat. Des propos relay\u00e9s par <a href=\"https:\/\/rmc.bfmtv.com\/actualites\/police-justice\/faits-divers\/grenoble-ce-que-l-on-sait-de-l-enfant-de-12-ans-dans-le-coma-apres-avoir-ete-blesse-par-balles_AV-202511170170.html\" rel=\"nofollow noopener\" target=\"_blank\">RMC<\/a>. Les auteurs des tirs, eux, n&rsquo;ont pas encore \u00e9t\u00e9 identifi\u00e9s.<\/p>\n<p>Dans ce quartier de Grenoble, la pr\u00e9fecture et le parquet se f\u00e9licitaient jusqu&rsquo;alors d&rsquo;une\u00a0am\u00e9lioration dans la lutte contre le narcobanditisme depuis le mois de janvier. Force est de constater que malgr\u00e9 les efforts, ce fl\u00e9au est toujours pr\u00e9sent, entra\u00eenant un nouveau drame. Maria, une habitante du quartier est en col\u00e8re face au manque d&rsquo;accompagnement de ces mineurs livr\u00e9s \u00e0 eux m\u00eames. Elle a tout entendu du drame.<\/p>\n<p>\u00ab\u00a0J&rsquo;ai entendu vers 3\u00a0heures, quatre coups de feu. Quatre d\u00e9tonations et un gar\u00e7on qui criait &lsquo;\u00e0 l&rsquo;aide, arr\u00eatez, arr\u00eatez, \u00e0 l&rsquo;aide, aidez-moi&rsquo;. J&rsquo;ai entendu la police arriver. \u00c7a ne fait pas longtemps que j&rsquo;habite l\u00e0 mais je n&rsquo;ai jamais vu \u00e7a. C&rsquo;est tr\u00e8s triste sachant que c&rsquo;est un mineur isol\u00e9. \u00c7a craint quand m\u00eame qu&rsquo;en France, il y ait des mineurs dehors \u00e0 cette heure-ci, en plus isol\u00e9s. Aucun enfant ne doit \u00eatre dan ce genre de rixes-l\u00e0. Et qu&rsquo;on ne sache m\u00eame pas l&rsquo;identifier, tellement qu&rsquo;on s&rsquo;en fout de la jeunesse&#8230; \u00c7a me tue\u00a0\u00bb, confie-t-elle au micro de <a href=\"https:\/\/rmc.bfmtv.com\/actualites\/police-justice\/video-grenoble-le-profil-de-l-adolescent-de-12-ans-blesse-par-balles_VN-202511170134.html\" target=\"_blank\" rel=\"nofollow noopener\">RMC<\/a>.<\/p>\n<p>Selon la Mission interminist\u00e9rielle de lutte contre les drogues et les conduites addictives (Mildeca), en 2024\u00a0en France, 61 % des condamn\u00e9s pour infractions li\u00e9es aux drogues \u00e9taient \u00e2g\u00e9s de 15\u00a0\u00e0 25\u00a0ans et pr\u00e8s de 10 000\u00a0mineurs \u00e9taient impliqu\u00e9s dans des affaires de trafic de stup\u00e9fiants.<\/p>\n","protected":false},"excerpt":{"rendered":"Un enfant de 12\u00a0ans est toujours entre la vie et la mort apr\u00e8s avoir \u00e9t\u00e9 bless\u00e9 par trois&hellip;\n","protected":false},"author":2,"featured_media":543899,"comment_status":"","ping_status":"","sticky":false,"template":"","format":"standard","meta":{"footnotes":""},"categories":[9566],"tags":[1111,11,2430,66242,51761,1777,674,118,51763,1011,27,2731,12,51767,25],"class_list":{"0":"post-543898","1":"post","2":"type-post","3":"status-publish","4":"format-standard","5":"has-post-thumbnail","7":"category-grenoble","8":"tag-actu","9":"tag-actualites","10":"tag-auvergne-rhone-alpes","11":"tag-cms-linternaute-9252795","12":"tag-controller-content","13":"tag-eu","14":"tag-europe","15":"tag-faits-divers","16":"tag-format-papier","17":"tag-fr","18":"tag-france","19":"tag-grenoble","20":"tag-news","21":"tag-parallaxeinfeed","22":"tag-republique-francaise"},"share_on_mastodon":{"url":"https:\/\/pubeurope.com\/@fr\/115574389921903516","error":""},"_links":{"self":[{"href":"https:\/\/www.europesays.com\/fr\/wp-json\/wp\/v2\/posts\/543898","targetHints":{"allow":["GET"]}}],"collection":[{"href":"https:\/\/www.europesays.com\/fr\/wp-json\/wp\/v2\/posts"}],"about":[{"href":"https:\/\/www.europesays.com\/fr\/wp-json\/wp\/v2\/types\/post"}],"author":[{"embeddable":true,"href":"https:\/\/www.europesays.com\/fr\/wp-json\/wp\/v2\/users\/2"}],"replies":[{"embeddable":true,"href":"https:\/\/www.europesays.com\/fr\/wp-json\/wp\/v2\/comments?post=543898"}],"version-history":[{"count":0,"href":"https:\/\/www.europesays.com\/fr\/wp-json\/wp\/v2\/posts\/543898\/revisions"}],"wp:featuredmedia":[{"embeddable":true,"href":"https:\/\/www.europesays.com\/fr\/wp-json\/wp\/v2\/media\/543899"}],"wp:attachment":[{"href":"https:\/\/www.europesays.com\/fr\/wp-json\/wp\/v2\/media?parent=543898"}],"wp:term":[{"taxonomy":"category","embeddable":true,"href":"https:\/\/www.europesays.com\/fr\/wp-json\/wp\/v2\/categories?post=543898"},{"taxonomy":"post_tag","embeddable":true,"href":"https:\/\/www.europesays.com\/fr\/wp-json\/wp\/v2\/tags?post=543898"}],"curies":[{"name":"wp","href":"https:\/\/api.w.org\/{rel}","templated":true}]}}