{"id":543904,"date":"2025-11-19T04:09:19","date_gmt":"2025-11-19T04:09:19","guid":{"rendered":"https:\/\/www.europesays.com\/fr\/543904\/"},"modified":"2025-11-19T04:09:19","modified_gmt":"2025-11-19T04:09:19","slug":"munster-une-conference-de-maurice-wintz-sur-la-demarche-dalsace-nature","status":"publish","type":"post","link":"https:\/\/www.europesays.com\/fr\/543904\/","title":{"rendered":"Munster. Une conf\u00e9rence de Maurice Wintz sur\u00a0la d\u00e9marche d\u2019Alsace Nature"},"content":{"rendered":"<p>Dans le cadre des Automnales 2025 organis\u00e9es par Vall\u00e9e de Munster en Transition, et \u00e0 l\u2019occasion des <a href=\"https:\/\/www.lalsace.fr\/culture-loisirs\/2025\/01\/27\/luttes-sociales-et-ecologiques-le-fosse-generationnel-est-il-reconciliable\" target=\"_blank\" rel=\"noopener\">60 ans d\u2019Alsace Nature<\/a> , le groupe local Fecht vous propose de revenir sur son histoire et sur ses objectifs, en faisant aussi un focus sur la vall\u00e9e de Munster. Le conf\u00e9rencier abordera la d\u00e9marche d\u2019Alsace Nature portant sur la protection de l\u2019environnement par le droit et les interpr\u00e9tations diverses que cela suscite. Il parlera du dilemme actuel entre libert\u00e9 individuelle et pr\u00e9servation de l\u2019environnement\u00a0: o\u00f9 sont les limites et comment les faire accepter\u00a0? C\u2019est la question \u00e0 laquelle tentera de r\u00e9pondre <a href=\"https:\/\/www.lalsace.fr\/culture-loisirs\/2025\/07\/14\/a-l-aube-une-parenthese-nature-dans-le-kochersberg\" target=\"_blank\" rel=\"noopener\">Maurice Wintz<\/a> , sociologue de l\u2019environnement, ancien pr\u00e9sident d\u2019Alsace Nature, et ancien ma\u00eetre de conf\u00e9rences \u00e0 l\u2019Universit\u00e9 de Strasbourg.<\/p>\n<p class=\"note\">Vendredi 21\u00a0novembre, \u00e0 20\u00a0h, Munster, salle de la Laub (premier \u00e9tage), entr\u00e9e libre.<\/p>\n","protected":false},"excerpt":{"rendered":"Dans le cadre des Automnales 2025 organis\u00e9es par Vall\u00e9e de Munster en Transition, et \u00e0 l\u2019occasion des 60&hellip;\n","protected":false},"author":2,"featured_media":543905,"comment_status":"","ping_status":"","sticky":false,"template":"","format":"standard","meta":{"footnotes":""},"categories":[2820],"tags":[1111,11,6211,1687,2413,436,1777,674,1011,27,775,2411,12,5486,25,2412,640],"class_list":{"0":"post-543904","1":"post","2":"type-post","3":"status-publish","4":"format-standard","5":"has-post-thumbnail","7":"category-strasbourg","8":"tag-actu","9":"tag-actualites","10":"tag-conference","11":"tag-culture-loisirs","12":"tag-edition-colmar-guebwiller","13":"tag-environnement","14":"tag-eu","15":"tag-europe","16":"tag-fr","17":"tag-france","18":"tag-grand-est","19":"tag-munster","20":"tag-news","21":"tag-rencontre","22":"tag-republique-francaise","23":"tag-secteur-de-munster","24":"tag-strasbourg"},"share_on_mastodon":{"url":"https:\/\/pubeurope.com\/@fr\/115574405067245127","error":""},"_links":{"self":[{"href":"https:\/\/www.europesays.com\/fr\/wp-json\/wp\/v2\/posts\/543904","targetHints":{"allow":["GET"]}}],"collection":[{"href":"https:\/\/www.europesays.com\/fr\/wp-json\/wp\/v2\/posts"}],"about":[{"href":"https:\/\/www.europesays.com\/fr\/wp-json\/wp\/v2\/types\/post"}],"author":[{"embeddable":true,"href":"https:\/\/www.europesays.com\/fr\/wp-json\/wp\/v2\/users\/2"}],"replies":[{"embeddable":true,"href":"https:\/\/www.europesays.com\/fr\/wp-json\/wp\/v2\/comments?post=543904"}],"version-history":[{"count":0,"href":"https:\/\/www.europesays.com\/fr\/wp-json\/wp\/v2\/posts\/543904\/revisions"}],"wp:featuredmedia":[{"embeddable":true,"href":"https:\/\/www.europesays.com\/fr\/wp-json\/wp\/v2\/media\/543905"}],"wp:attachment":[{"href":"https:\/\/www.europesays.com\/fr\/wp-json\/wp\/v2\/media?parent=543904"}],"wp:term":[{"taxonomy":"category","embeddable":true,"href":"https:\/\/www.europesays.com\/fr\/wp-json\/wp\/v2\/categories?post=543904"},{"taxonomy":"post_tag","embeddable":true,"href":"https:\/\/www.europesays.com\/fr\/wp-json\/wp\/v2\/tags?post=543904"}],"curies":[{"name":"wp","href":"https:\/\/api.w.org\/{rel}","templated":true}]}}