{"id":543906,"date":"2025-11-19T04:10:21","date_gmt":"2025-11-19T04:10:21","guid":{"rendered":"https:\/\/www.europesays.com\/fr\/543906\/"},"modified":"2025-11-19T04:10:21","modified_gmt":"2025-11-19T04:10:21","slug":"loire-atlantique-hockey-sur-glace-d1-battu-a-strasbourg-nantes-reste-trop-tendre-sport","status":"publish","type":"post","link":"https:\/\/www.europesays.com\/fr\/543906\/","title":{"rendered":"Loire Atlantique &#8211; Hockey sur glace. D1\u00a0: battu \u00e0 Strasbourg, Nantes reste trop tendre . Sport"},"content":{"rendered":"<p>Les Corsaires savaient qu\u2019il fallait \u00a0conserver l\u2019attitude offensive propos\u00e9e samedi dernier face \u00e0 Caen, pour esp\u00e9rer faire un bon r\u00e9sultat en Alsace\u00a0. Et les co\u00e9quipiers de C\u00e9dric Custosse ne se sont pas fait prier en d\u00e9but de match, scorant d\u00e8s la premi\u00e8re minute, gr\u00e2ce \u00e0 Sean Ross. Malheureusement, <a href=\"https:\/\/rennes.maville.com\/sport\/detail_-hockey-sur-glace.-d1-caen-l-emporte-au-forceps-contre-nantes-_4-7065545_actu.Htm\" target=\"_blank\" rel=\"noopener\">comme face aux Drakkars<\/a>, les Nantais n\u2019ont pas su conserver ce court avantage, payant cher, tout au long de cette partie, les quelques fautes commises.<\/p>\n<p>Avec le Tch\u00e8que Vit Budinsky \u00e0 la baguette, m\u00e9tronome d\u2019exp\u00e9rience (37\u00a0ans) et de talent (55 points avec Dunkerque l\u2019an pass\u00e9), l\u2019\u00c9toile Noire a combl\u00e9 son retard lorsque l\u2019opportunit\u00e9 s\u2019est pr\u00e9sent\u00e9e et repris l\u2019avantage, juste avant la premi\u00e8re pause. Contraints de tout reconstruire, les hockeyeurs nantais avaient encore, \u00e0 ce moment du match, l\u2019\u00e9nergie et la lucidit\u00e9 pour continuer d\u2019esp\u00e9rer.<\/p>\n<p>Punis par l\u2019efficacit\u00e9 alsacienne<\/p>\n<p>C\u2019est tr\u00e8s probablement ce qui leur aura fait d\u00e9faut sur la deuxi\u00e8me partie de la rencontre, marqu\u00e9e par de nombreuses provocations des Alsaciens et dans lesquelles certains Nantais sont malheureusement tomb\u00e9s. Port\u00e9s par un Tomas Hiadlovsky, portier strasbourgeois, \u00e0 l\u2019efficacit\u00e9 des grands soirs, les Alsaciens, plus efficaces, ont tir\u00e9 les marrons du feu aux moments opportuns, saisissant les occasions offertes.<\/p>\n<p>Cette efficacit\u00e9, quasi chirurgicale, a puni des Nantais qui vont devoir tenter de se relever d\u00e8s samedi, pour \u00e9viter que le derby face \u00e0 Cholet n\u2019accouche d\u2019une souris.<\/p>\n<p><strong>STRASBOURG \u2013 NANTES\u00a0: 5-2 <\/strong>(2-1, 1-1, 2-0).<\/p>\n<p>1\u00a0214\u00a0spectateurs.<\/p>\n<p>Arbitres\u00a0: MM. Collin, Geoffroy, Kirschenbaum et Kocak.<\/p>\n<p><strong>STRASBOURG\u00a0:<\/strong> Kopta 16\u201905\u2019\u2019 (Saarinen, Budinsky), Budinsky 19\u201956\u2019\u2019 (Trudeau, Main) et 58\u201910\u2019\u2019 (Kopta), Saarinen 29\u201948\u2019\u2019, Chapleau 56\u201957\u2019\u2019 (Kopta, Saarinen). 12\u00a0minutes de p\u00e9nalit\u00e9s.<\/p>\n<p><strong>NANTES\u00a0:<\/strong> Ross 0\u201925\u2019\u2019 (Farmer, Msumbu), Andr\u00e9 21\u201925\u2019\u2019 (Custosse, Valier). 4\u00a0minutes de p\u00e9nalit\u00e9s.<\/p>\n<p>\u00a0<\/p>\n","protected":false},"excerpt":{"rendered":"Les Corsaires savaient qu\u2019il fallait \u00a0conserver l\u2019attitude offensive propos\u00e9e samedi dernier face \u00e0 Caen, pour esp\u00e9rer faire un&hellip;\n","protected":false},"author":2,"featured_media":543907,"comment_status":"","ping_status":"","sticky":false,"template":"","format":"standard","meta":{"footnotes":""},"categories":[2820],"tags":[1111,11,3809,1465,1777,674,63,1011,27,775,1792,1922,12,25,479,4937,517,640,1470],"class_list":{"0":"post-543906","1":"post","2":"type-post","3":"status-publish","4":"format-standard","5":"has-post-thumbnail","7":"category-strasbourg","8":"tag-actu","9":"tag-actualites","10":"tag-ball","11":"tag-basket","12":"tag-eu","13":"tag-europe","14":"tag-football","15":"tag-fr","16":"tag-france","17":"tag-grand-est","18":"tag-handball","19":"tag-info","20":"tag-news","21":"tag-republique-francaise","22":"tag-rugby","23":"tag-saint-brieuc","24":"tag-sport","25":"tag-strasbourg","26":"tag-volley"},"share_on_mastodon":{"url":"https:\/\/pubeurope.com\/@fr\/115574408697569461","error":""},"_links":{"self":[{"href":"https:\/\/www.europesays.com\/fr\/wp-json\/wp\/v2\/posts\/543906","targetHints":{"allow":["GET"]}}],"collection":[{"href":"https:\/\/www.europesays.com\/fr\/wp-json\/wp\/v2\/posts"}],"about":[{"href":"https:\/\/www.europesays.com\/fr\/wp-json\/wp\/v2\/types\/post"}],"author":[{"embeddable":true,"href":"https:\/\/www.europesays.com\/fr\/wp-json\/wp\/v2\/users\/2"}],"replies":[{"embeddable":true,"href":"https:\/\/www.europesays.com\/fr\/wp-json\/wp\/v2\/comments?post=543906"}],"version-history":[{"count":0,"href":"https:\/\/www.europesays.com\/fr\/wp-json\/wp\/v2\/posts\/543906\/revisions"}],"wp:featuredmedia":[{"embeddable":true,"href":"https:\/\/www.europesays.com\/fr\/wp-json\/wp\/v2\/media\/543907"}],"wp:attachment":[{"href":"https:\/\/www.europesays.com\/fr\/wp-json\/wp\/v2\/media?parent=543906"}],"wp:term":[{"taxonomy":"category","embeddable":true,"href":"https:\/\/www.europesays.com\/fr\/wp-json\/wp\/v2\/categories?post=543906"},{"taxonomy":"post_tag","embeddable":true,"href":"https:\/\/www.europesays.com\/fr\/wp-json\/wp\/v2\/tags?post=543906"}],"curies":[{"name":"wp","href":"https:\/\/api.w.org\/{rel}","templated":true}]}}