{"id":543908,"date":"2025-11-19T04:12:37","date_gmt":"2025-11-19T04:12:37","guid":{"rendered":"https:\/\/www.europesays.com\/fr\/543908\/"},"modified":"2025-11-19T04:12:37","modified_gmt":"2025-11-19T04:12:37","slug":"a-quoi-cela-pourrait-ressembler","status":"publish","type":"post","link":"https:\/\/www.europesays.com\/fr\/543908\/","title":{"rendered":"\u00e0 quoi cela pourrait ressembler\u00a0?"},"content":{"rendered":"<p>                    Par<br \/>\n        <strong><br \/>\n            <a href=\"https:\/\/actu.fr\/auteur\/ugo-maillard\" title=\"Consulter tous les articles de Ugo Maillard\" rel=\"nofollow noopener\" target=\"_blank\">Ugo Maillard<\/a><br \/>\n                    <\/strong><\/p>\n<p>        Publi\u00e9 le<\/p>\n<p>            18 nov. 2025 \u00e0 17h26<br \/>\n        ; mis \u00e0 jour le 18 nov. 2025 \u00e0 17h27    <\/p>\n<p>La justice a enfin rendu son verdict. Apr\u00e8s des mois plong\u00e9s dans l\u2019incertitude, les Ni\u00e7ois connaissent le <strong>visage d\u00e9finitif de la pointe de Rauba Capeu<\/strong>, du quai Lunel et du quai des \u00c9tats-Unis. C\u2019est Christian Estrosi, maire de <a href=\"https:\/\/actu.fr\/nice\/\" rel=\"nofollow noopener\" target=\"_blank\">Nice<\/a>, qui a lui-m\u00eame communiqu\u00e9 la d\u00e9cision de justice <a href=\"https:\/\/actu.fr\/provence-alpes-cote-d-azur\/nice_06088\/nice-christian-estrosi-desavoue-par-la-justice-cet-axe-majeur-doit-repasser-en-double-sens_63437323.html\" rel=\"nofollow noopener\" target=\"_blank\">rendue le vendredi 14\u00a0novembre 2025<\/a> obligeant ses services \u00e0 r\u00e9tablir le double sens pour les voitures. Mis en place depuis le mois de mai\u00a02020, le sens unique pour les v\u00e9hicules motoris\u00e9s sur la pointe de Rauba Capeu vit donc ses derni\u00e8res semaines.<\/p>\n<p class=\" wall-content\">Travaux, nouvelle place accord\u00e9e aux diff\u00e9rents modes de transport, calendrier\u2026 Voici tout ce que l\u2019on sait.<\/p>\n<p>L\u2019appel de la Ville rejet\u00e9<\/p>\n<p class=\" wall-content\">La cour administrative d\u2019appel a d\u00e9cid\u00e9 de rejeter la demande de la Ville qui souhaitait le maintien du sens unique sur cette voie. Une d\u00e9cision qui appuie une premi\u00e8re rendue en f\u00e9vrier\u00a02024 par le tribunal administratif de Nice qui indiquait alors que \u00ab\u2009la mise \u00e0 sens unique de cet axe de circulation rendait cet axe impropre aux fonctions assign\u00e9es aux routes \u00e0 grande circulation par l\u2019article L. 110-3 du code de la route\u2009\u00bb.<\/p>\n<p>    <a href=\"https:\/\/www.google.com\/maps\/embed?pb=!1m18!1m12!1m3!1d2425.766298075424!2d7.27753785585861!3d43.69519875771158!2m3!1f0!2f0!3f0!3m2!1i1024!2i768!4f13.1!3m3!1m2!1s0x12cddabdf296aa77%3A0x9621c7f14e2e109a!2s1%20Quai%20Rauba%20Capeu%2C%2006300%20Nice!5e0!3m2!1sfr!2sfr!4v1763479656232!5m2!1sfr!2sfr\" title=\"Ouvrie le lien\" rel=\"nofollow noopener\" target=\"_blank\">Cliquez ici pour visualiser le contenu<\/a><\/p>\n<p class=\" wall-content\">\u00ab\u2009Je regrette la d\u00e9cision de la Cour d\u2019appel de Marseille qui est faite sans aucune nuance, mais que je suis oblig\u00e9e de mettre en \u0153uvre\u2009\u00bb, a r\u00e9agi le maire de Nice, fervent d\u00e9fenseur du sens unique.<\/p>\n<p>Un retour \u00e0 la r\u00e9partition pr\u00e9c\u00e9dente\u2009?<\/p>\n<p class=\" wall-content\">Pour ceux qui ne s\u2019en souviennent pas, le tron\u00e7on d\u2019environ 1,5\u00a0km permettait, avant le printemps 2020, de rallier la promenade des Anglais au port Lympia dans les deux sens. Au niveau du quai des \u00c9tats-Unis, deux voies \u00e9taient mises en place pour les automobilistes dans le sens port \u2013 promenade.<\/p>\n<p>    <img   decoding=\"async\" loading=\"lazy\" src=\"https:\/\/www.europesays.com\/fr\/wp-content\/uploads\/2025\/11\/design-sans-titre-2025-11-18t134144411-960x640.png\" alt=\"Voici \u00e0 quoi ressembler le quai des \u00c9tats-Unis avant le sens unique (Photo datant de 2018)\" width=\"960\" height=\"640\"\/><br \/>\n    Voici \u00e0 quoi ressemblait le quai des \u00c9tats-Unis avant le sens unique (Photo datant de 2018) (\u00a9Capture Google Street View)<\/p>\n<p>Votre r\u00e9gion, votre actu !<\/p>\n<p>Recevez chaque jour les infos qui comptent pour vous.<\/p>\n<p>\t<a href=\"https:\/\/actu.fr\/newsletter\" class=\"ac-btn ac-btn--corner ac-btn--medium ac-btn--blue800\" rel=\"nofollow noopener\" target=\"_blank\">S&rsquo;incrire<\/a><\/p>\n<p class=\" wall-content\">La piste cyclable jouxtait alors la voie pi\u00e9tonne. Les deux axes n\u2019\u00e9taient alors d\u00e9limit\u00e9s que par une bande blanche trac\u00e9e au sol.<\/p>\n<p>    <img   decoding=\"async\" loading=\"lazy\" src=\"https:\/\/www.europesays.com\/fr\/wp-content\/uploads\/2025\/11\/rauba-capeu-2014-960x640.png\" alt=\"Voici \u00e0 quoi ressemblait le quai des \u00c9tats-Unis avant le sens unique (Photo datant de 2014).\" width=\"960\" height=\"640\"\/><br \/>\n    Voici \u00e0 quoi ressemblait le quai des \u00c9tats-Unis avant le sens unique (Photo datant de 2014). (\u00a9Capture Google Street View)<\/p>\n<p class=\" wall-content\">Est-ce un mod\u00e8le qui va \u00eatre adopt\u00e9 par les services de la mairie\u2009? Il est encore trop t\u00f4t pour le dire, mais la Ville de Nice a d\u2019ores et d\u00e9j\u00e0 pos\u00e9 ses exigences.<\/p>\n<p class=\" wall-content\">\u00ab\u2009Ma priorit\u00e9, c\u2019est garantir la s\u00e9curit\u00e9 aux pi\u00e9tons et aux cyclistes. Le crit\u00e8re s\u00e9curitaire pour les pi\u00e9tons et les cyclistes n\u2019a pas \u00e9t\u00e9 pris en compte. La promenade des Anglais ne devrait plus \u00eatre route de convoi exceptionnel depuis plus de 50\u00a0ans. Je me bats avec les gouvernements successifs pour ce d\u00e9classement\u2009\u00bb, a assur\u00e9 Christian Estrosi.<\/p>\n<p>Quel calendrier\u2009?<\/p>\n<p class=\" wall-content\">Un flou demeure donc quant au devenir pr\u00e9cis de l\u2019axe routier. Pour r\u00e9pondre aux attentes de tous, les services de la Ville de Nice, en lien avec des bureaux d\u2019\u00e9tudes, vont faire des <strong>propositions d\u2019am\u00e9nagements<\/strong>.<\/p>\n<blockquote class=\"ac-article-quote wall-content\">\n<p>Nous pr\u00e9senterons, d&rsquo;ici \u00e0 la fin du mois, ces propositions aux riverains, cyclistes, pi\u00e9tons lors d&rsquo;une phrase de concertation.<\/p>\n<p>    <strong>Christian Estrosi<\/strong><br \/>\n        Maire de Nice    <\/p><\/blockquote>\n<p class=\" wall-content\">Les services de la mairie indiquent qu\u2019une pr\u00e9sentation du projet sera fournie \u00ab\u2009dans la foul\u00e9e de la concertation avec les parties prenantes\u2009\u00bb, soit \u00e0 la<strong> fin du mois de novembre<\/strong>\u00a02025.<\/p>\n<p class=\" wall-content\">Personnalisez votre actualit\u00e9 en ajoutant vos villes et m\u00e9dias en favori avec <a href=\"https:\/\/moncompte.actu.fr\" title=\"D\u00e9couvez Mon Actu\" rel=\"nofollow noopener\" data-trk=\"{&quot;cta&quot;:{&quot;action&quot;:&quot;https:\\\/\\\/moncompte.actu.fr&quot;,&quot;category&quot;:&quot;mon compte&quot;,&quot;from&quot;:&quot;article footer&quot;,&quot;name&quot;:&quot;Mon actu&quot;,&quot;type&quot;:&quot;cta&quot;}}\" target=\"_blank\">Mon Actu<\/a>.<\/p>\n","protected":false},"excerpt":{"rendered":"Par Ugo Maillard Publi\u00e9 le 18 nov. 2025 \u00e0 17h26 ; mis \u00e0 jour le 18 nov. 2025&hellip;\n","protected":false},"author":2,"featured_media":543909,"comment_status":"","ping_status":"","sticky":false,"template":"","format":"standard","meta":{"footnotes":""},"categories":[2819],"tags":[1111,11,3542,1777,674,1011,27,12,2401,882,25,104,2086],"class_list":{"0":"post-543908","1":"post","2":"type-post","3":"status-publish","4":"format-standard","5":"has-post-thumbnail","7":"category-nice","8":"tag-actu","9":"tag-actualites","10":"tag-circulation","11":"tag-eu","12":"tag-europe","13":"tag-fr","14":"tag-france","15":"tag-news","16":"tag-nice","17":"tag-provence-alpes-cote-dazur","18":"tag-republique-francaise","19":"tag-societe","20":"tag-travaux"},"share_on_mastodon":{"url":"https:\/\/pubeurope.com\/@fr\/115574417521463782","error":""},"_links":{"self":[{"href":"https:\/\/www.europesays.com\/fr\/wp-json\/wp\/v2\/posts\/543908","targetHints":{"allow":["GET"]}}],"collection":[{"href":"https:\/\/www.europesays.com\/fr\/wp-json\/wp\/v2\/posts"}],"about":[{"href":"https:\/\/www.europesays.com\/fr\/wp-json\/wp\/v2\/types\/post"}],"author":[{"embeddable":true,"href":"https:\/\/www.europesays.com\/fr\/wp-json\/wp\/v2\/users\/2"}],"replies":[{"embeddable":true,"href":"https:\/\/www.europesays.com\/fr\/wp-json\/wp\/v2\/comments?post=543908"}],"version-history":[{"count":0,"href":"https:\/\/www.europesays.com\/fr\/wp-json\/wp\/v2\/posts\/543908\/revisions"}],"wp:featuredmedia":[{"embeddable":true,"href":"https:\/\/www.europesays.com\/fr\/wp-json\/wp\/v2\/media\/543909"}],"wp:attachment":[{"href":"https:\/\/www.europesays.com\/fr\/wp-json\/wp\/v2\/media?parent=543908"}],"wp:term":[{"taxonomy":"category","embeddable":true,"href":"https:\/\/www.europesays.com\/fr\/wp-json\/wp\/v2\/categories?post=543908"},{"taxonomy":"post_tag","embeddable":true,"href":"https:\/\/www.europesays.com\/fr\/wp-json\/wp\/v2\/tags?post=543908"}],"curies":[{"name":"wp","href":"https:\/\/api.w.org\/{rel}","templated":true}]}}