{"id":543918,"date":"2025-11-19T04:17:13","date_gmt":"2025-11-19T04:17:13","guid":{"rendered":"https:\/\/www.europesays.com\/fr\/543918\/"},"modified":"2025-11-19T04:17:13","modified_gmt":"2025-11-19T04:17:13","slug":"toulouse-continue-de-soutenir-lukraine","status":"publish","type":"post","link":"https:\/\/www.europesays.com\/fr\/543918\/","title":{"rendered":"Toulouse continue de soutenir l&rsquo;Ukraine"},"content":{"rendered":"<p>Mi-novembre, Jean-Luc Moudenc, maire de Toulouse et pr\u00e9sident de Toulouse M\u00e9tropole, a remis les cl\u00e9s des deux v\u00e9hicules donn\u00e9s par la Mairie de Toulouse \u00e0 la ville de Kyiv, toujours confront\u00e9e \u00e0 la guerre d\u00e9clench\u00e9e par la Russie. Les deux v\u00e9hicules Peugeot Partner, charg\u00e9s de mat\u00e9riel m\u00e9dical humanitaire, ont pris la route pour un trajet de plus de 3000 kilom\u00e8tres, conduits par deux chauffeurs ukrainiens volontaires.<\/p>\n<p>Cette initiative entre dans la cadre d\u2019une action globale portant sur six v\u00e9hicules (camions et utilitaires) qui seront c\u00e9d\u00e9s gratuitement en coordination avec les associations ukrainiennes de Toulouse pour l\u2019acheminement de mat\u00e9riel d\u2019urgence et humanitaire. En amont de ce programme, six autres v\u00e9hicules ont d\u00e9j\u00e0 \u00e9t\u00e9 donn\u00e9s et achemin\u00e9s vers l\u2019Ukraine, il y a dix-huit mois. Jean-Luc Moudenc s\u2019est rendu dans la capitale ukrainienne au printemps dernier pour rencontrer son homologue Vitali Klitschko, maire de Kyiv.<\/p>\n","protected":false},"excerpt":{"rendered":"Mi-novembre, Jean-Luc Moudenc, maire de Toulouse et pr\u00e9sident de Toulouse M\u00e9tropole, a remis les cl\u00e9s des deux v\u00e9hicules&hellip;\n","protected":false},"author":2,"featured_media":373637,"comment_status":"","ping_status":"","sticky":false,"template":"","format":"standard","meta":{"footnotes":""},"categories":[2816],"tags":[1111,11,61541,1777,674,1011,27,14,12,2680,25,3400,2312],"class_list":{"0":"post-543918","1":"post","2":"type-post","3":"status-publish","4":"format-standard","5":"has-post-thumbnail","7":"category-toulouse","8":"tag-actu","9":"tag-actualites","10":"tag-cooperation-internationale","11":"tag-eu","12":"tag-europe","13":"tag-fr","14":"tag-france","15":"tag-international","16":"tag-news","17":"tag-occitanie","18":"tag-republique-francaise","19":"tag-solidarite","20":"tag-toulouse"},"share_on_mastodon":{"url":"https:\/\/pubeurope.com\/@fr\/115574436292421272","error":""},"_links":{"self":[{"href":"https:\/\/www.europesays.com\/fr\/wp-json\/wp\/v2\/posts\/543918","targetHints":{"allow":["GET"]}}],"collection":[{"href":"https:\/\/www.europesays.com\/fr\/wp-json\/wp\/v2\/posts"}],"about":[{"href":"https:\/\/www.europesays.com\/fr\/wp-json\/wp\/v2\/types\/post"}],"author":[{"embeddable":true,"href":"https:\/\/www.europesays.com\/fr\/wp-json\/wp\/v2\/users\/2"}],"replies":[{"embeddable":true,"href":"https:\/\/www.europesays.com\/fr\/wp-json\/wp\/v2\/comments?post=543918"}],"version-history":[{"count":0,"href":"https:\/\/www.europesays.com\/fr\/wp-json\/wp\/v2\/posts\/543918\/revisions"}],"wp:featuredmedia":[{"embeddable":true,"href":"https:\/\/www.europesays.com\/fr\/wp-json\/wp\/v2\/media\/373637"}],"wp:attachment":[{"href":"https:\/\/www.europesays.com\/fr\/wp-json\/wp\/v2\/media?parent=543918"}],"wp:term":[{"taxonomy":"category","embeddable":true,"href":"https:\/\/www.europesays.com\/fr\/wp-json\/wp\/v2\/categories?post=543918"},{"taxonomy":"post_tag","embeddable":true,"href":"https:\/\/www.europesays.com\/fr\/wp-json\/wp\/v2\/tags?post=543918"}],"curies":[{"name":"wp","href":"https:\/\/api.w.org\/{rel}","templated":true}]}}