{"id":543919,"date":"2025-11-19T04:18:15","date_gmt":"2025-11-19T04:18:15","guid":{"rendered":"https:\/\/www.europesays.com\/fr\/543919\/"},"modified":"2025-11-19T04:18:15","modified_gmt":"2025-11-19T04:18:15","slug":"meteo-entre-fraicheur-et-ciel-voile-a-toulouse-et-en-occitanie-ce-mercredi-voici-les-previsions","status":"publish","type":"post","link":"https:\/\/www.europesays.com\/fr\/543919\/","title":{"rendered":"M\u00e9t\u00e9o. Entre fra\u00eecheur et ciel voil\u00e9 \u00e0 Toulouse et en Occitanie ce mercredi : voici les pr\u00e9visions"},"content":{"rendered":"<p>                    Par<br \/>\n        <strong><br \/>\n            <a href=\"https:\/\/actu.fr\/auteur\/lea-afonso\" title=\"Consulter tous les articles de L\u00e9a Afonso\" rel=\"nofollow noopener\" target=\"_blank\">L\u00e9a Afonso<\/a><br \/>\n                    <\/strong><\/p>\n<p>        Publi\u00e9 le<\/p>\n<p>            19 nov. 2025 \u00e0 5h04        <\/p>\n<p>Une nouvelle journ\u00e9e se l\u00e8ve sur <a href=\"https:\/\/actu.fr\/toulouse\/\" rel=\"nofollow noopener\" target=\"_blank\">Toulouse<\/a> et la r\u00e9gion <a href=\"https:\/\/actu.fr\/occitanie\/\" rel=\"nofollow noopener\" target=\"_blank\">Occitanie<\/a> qui sera accompagn\u00e9e de <strong>fra\u00eecheur<\/strong> et de <strong>nuages<\/strong>. Voici les pr\u00e9visions de m\u00e9t\u00e9o France pour ce mercredi 19\u00a0novembre 2025.<\/p>\n<p>Un matin frais \u00e0 Toulouse<br \/>\n    <img   decoding=\"async\" loading=\"lazy\" src=\"https:\/\/www.europesays.com\/fr\/wp-content\/uploads\/2025\/11\/toulouse-1-960x505.png\" alt=\"Toulouse sous la fra\u00eecheur ce mercredi 19 novembre 2025. \" width=\"960\" height=\"505\"\/><br \/>\n    Toulouse sous la fra\u00eecheur ce mercredi 19\u00a0novembre 2025. (\u00a9Capture d\u2019\u00e9cran m\u00e9t\u00e9o France)<\/p>\n<p class=\" wall-content\">Ce sera un matin bien frais qui attendra les Toulousains avec un petit<strong> un degr\u00e9 au minimum<\/strong> (5\u00a0\u00b0C en moyenne) sous un<strong> ciel voil\u00e9.<\/strong> L\u2019apr\u00e8s-midi, comptez au<strong> maximum 12\u00a0\u00b0C<\/strong> (10\u00a0\u00b0C en moyenne). Le ciel se couvrira de plus en plus pour laisser tomber une<strong> pluie fine en d\u00e9but de soir\u00e9e<\/strong>. Notez du vent \u00e0 15\u00a0km\/h toute la journ\u00e9e.<\/p>\n<p>Une r\u00e9gion \u00e0 deux facettes<br \/>\n    <img   decoding=\"async\" loading=\"lazy\" src=\"https:\/\/www.europesays.com\/fr\/wp-content\/uploads\/2025\/11\/occitanie-1-960x640.png\" alt=\"Deux visages \u00e0 l'Occitanie pour ce mercredi : pluie et soleil\" width=\"960\" height=\"640\"\/><br \/>\n    Deux visages \u00e0 l\u2019Occitanie pour ce mercredi\u2009: pluie et soleil (\u00a9Capture d\u2019\u00e9cran m\u00e9t\u00e9o France)<\/p>\n<p class=\" wall-content\">C\u00f4t\u00e9 Occitanie, le ciel sera couvert le matin sur toute la r\u00e9gion, mais l\u2019apr\u00e8s-midi, le paysage aura deux visages avec <strong>l\u2019ouest de la r\u00e9gion sous la pluie et l\u2019est sous un ciel voil\u00e9<\/strong> qui laissera appara\u00eetre quelques rayons de soleil.<\/p>\n<p>Vid\u00e9os : en ce moment sur Actu<\/p>\n<p class=\" wall-content\">C\u00f4t\u00e9 temp\u00e9rature, il fera froid<strong> 2\u00a0\u00b0C au minimum \u00e0 Carcassonne, 0\u00a0\u00b0C \u00e0 Foix, -1\u00a0\u00b0C \u00e0 Saint-Gaudens et -4\u00a0\u00b0C \u00e0 Cahors.<\/strong> Pour les maximales, comptez <strong>12\u00a0\u00b0C \u00e0 Auch, 11\u00a0\u00b0C \u00e0 Montauban et 6\u00a0\u00b0C \u00e0 Rodez.<\/strong><\/p>\n<p class=\" wall-content\">Personnalisez votre actualit\u00e9 en ajoutant vos villes et m\u00e9dias en favori avec <a href=\"https:\/\/moncompte.actu.fr\" title=\"D\u00e9couvez Mon Actu\" rel=\"nofollow noopener\" data-trk=\"{&quot;cta&quot;:{&quot;action&quot;:&quot;https:\\\/\\\/moncompte.actu.fr&quot;,&quot;category&quot;:&quot;mon compte&quot;,&quot;from&quot;:&quot;article footer&quot;,&quot;name&quot;:&quot;Mon actu&quot;,&quot;type&quot;:&quot;cta&quot;}}\" target=\"_blank\">Mon Actu<\/a>.<\/p>\n","protected":false},"excerpt":{"rendered":"Par L\u00e9a Afonso Publi\u00e9 le 19 nov. 2025 \u00e0 5h04 Une nouvelle journ\u00e9e se l\u00e8ve sur Toulouse et&hellip;\n","protected":false},"author":2,"featured_media":543920,"comment_status":"","ping_status":"","sticky":false,"template":"","format":"standard","meta":{"footnotes":""},"categories":[2816],"tags":[1111,11,1777,674,1011,27,2487,2357,12,2680,25,2312],"class_list":{"0":"post-543919","1":"post","2":"type-post","3":"status-publish","4":"format-standard","5":"has-post-thumbnail","7":"category-toulouse","8":"tag-actu","9":"tag-actualites","10":"tag-eu","11":"tag-europe","12":"tag-fr","13":"tag-france","14":"tag-meteo","15":"tag-meteo-france","16":"tag-news","17":"tag-occitanie","18":"tag-republique-francaise","19":"tag-toulouse"},"share_on_mastodon":{"url":"https:\/\/pubeurope.com\/@fr\/115574441142024780","error":""},"_links":{"self":[{"href":"https:\/\/www.europesays.com\/fr\/wp-json\/wp\/v2\/posts\/543919","targetHints":{"allow":["GET"]}}],"collection":[{"href":"https:\/\/www.europesays.com\/fr\/wp-json\/wp\/v2\/posts"}],"about":[{"href":"https:\/\/www.europesays.com\/fr\/wp-json\/wp\/v2\/types\/post"}],"author":[{"embeddable":true,"href":"https:\/\/www.europesays.com\/fr\/wp-json\/wp\/v2\/users\/2"}],"replies":[{"embeddable":true,"href":"https:\/\/www.europesays.com\/fr\/wp-json\/wp\/v2\/comments?post=543919"}],"version-history":[{"count":0,"href":"https:\/\/www.europesays.com\/fr\/wp-json\/wp\/v2\/posts\/543919\/revisions"}],"wp:featuredmedia":[{"embeddable":true,"href":"https:\/\/www.europesays.com\/fr\/wp-json\/wp\/v2\/media\/543920"}],"wp:attachment":[{"href":"https:\/\/www.europesays.com\/fr\/wp-json\/wp\/v2\/media?parent=543919"}],"wp:term":[{"taxonomy":"category","embeddable":true,"href":"https:\/\/www.europesays.com\/fr\/wp-json\/wp\/v2\/categories?post=543919"},{"taxonomy":"post_tag","embeddable":true,"href":"https:\/\/www.europesays.com\/fr\/wp-json\/wp\/v2\/tags?post=543919"}],"curies":[{"name":"wp","href":"https:\/\/api.w.org\/{rel}","templated":true}]}}