{"id":543921,"date":"2025-11-19T04:20:44","date_gmt":"2025-11-19T04:20:44","guid":{"rendered":"https:\/\/www.europesays.com\/fr\/543921\/"},"modified":"2025-11-19T04:20:44","modified_gmt":"2025-11-19T04:20:44","slug":"la-tunisie-accroche-le-bresil-a-lille-dans-un-amical-de-prestige","status":"publish","type":"post","link":"https:\/\/www.europesays.com\/fr\/543921\/","title":{"rendered":"La Tunisie accroche le Br\u00e9sil \u00e0 Lille dans un amical de prestige"},"content":{"rendered":"<p><strong>En ce mardi soir 18 novembre au Stade Pierre-Mauroy plein \u00e0 craquer, \u00e0 Lille, la Tunisie et le Br\u00e9sil se sont quitt\u00e9s sur un score de 1-1 lors d\u2019un match amical riche en \u00e9motion et en intensit\u00e9. <\/strong><\/p>\n<blockquote class=\"instagram-media\" data-instgrm-captioned=\"\" data-instgrm-permalink=\"https:\/\/www.instagram.com\/reel\/DRNpYs-DDA5\/?utm_source=ig_embed&amp;utm_campaign=loading\" data-instgrm-version=\"14\" style=\" background:#FFF; border:0; border-radius:3px; box-shadow:0 0 1px 0 rgba(0,0,0,0.5),0 1px 10px 0 rgba(0,0,0,0.15); margin: 1px; max-width:658px; min-width:326px; padding:0; width:99.375%; width:-webkit-calc(100% - 2px); width:calc(100% - 2px);\"\/>\n<p>Les Aigles de Carthage r\u00e9alisent la belle op\u00e9ration de ces \u00ab\u00a0friendlies\u00a0\u00bb <a href=\"https:\/\/inside.fifa.com\/fr\/fifa-world-ranking\/men\" target=\"_blank\" rel=\"noopener\">Fifa<\/a> en n\u2019ayant pas trembl\u00e9 face \u00e0 ce qui reste probablement la meilleure \u00e9quipe au monde.<\/p>\n<p>La soir\u00e9e a d\u00e9but\u00e9 en fanfare pour les Aigles de Carthage : d\u00e8s la 23\u1d49 minute, Hazem Mastouri trouve le chemin des filets apr\u00e8s une belle action collective en contre-attaque, donnant l\u2019avantage \u00e0 la Tunisie. Les tribunes vibrent : les supporters tunisiens, nombreux \u00e0 Lille, c\u00e9l\u00e8brent ce but avec des fumig\u00e8nes et des chants, montrant tout leur attachement \u00e0 leur s\u00e9lection.<\/p>\n<p>Le Br\u00e9sil, pouss\u00e9 par son effectif, notamment plusieurs stars du Real Madrid, r\u00e9agit par orgueil dans la foul\u00e9e. Vers la 43\u1d49 minute, les hommes du v\u00e9n\u00e9rable Carlo Ancelotti (66 ans) obtiennent un penalty apr\u00e8s un disput\u00e9 recours \u00e0 la VAR suite \u00e0 une main fort discutable du d\u00e9fenseur tunisien, le num\u00e9ro 6 Dylan Bronn qui d\u00e9fendait un corner.<\/p>\n<p>Estevao se charge de la transformation pleine lucarne et \u00e9galise juste avant la pause, portant le score \u00e0 1-1. Frustr\u00e9s de l\u2019arbitrage (retour au penalty bien apr\u00e8s la reprise du jeu), les hommes de Sami Trabelsi peuvent en r\u00e9alit\u00e9 d\u2019autant plus se f\u00e9liciter de cette surprise des bookmakers que le score ne bougera plus.<\/p>\n<p>\u00a0<\/p>\n<p>Une seconde mi-temps sous tension<\/p>\n<p>La seconde p\u00e9riode est en revanche plus saccad\u00e9e : le Br\u00e9sil pousse pour prendre l\u2019avantage, mais la Tunisie r\u00e9siste bien, affichant une belle discipline tactique doubl\u00e9e d\u2019un pressing constant sur le porteur de balle.<\/p>\n<p>Les Br\u00e9siliens ont plusieurs opportunit\u00e9s, mais ne parviennent pas \u00e0 d\u00e9jouer la solidit\u00e9 d\u00e9fensive tunisienne. Sur la pelouse humide, plusieurs frappes br\u00e9siliennes sont d\u00e9viss\u00e9es et finissent dans les tribunes, \u00e0 l\u2019image de celles de Rodrygo et de Vinicius Junior qui p\u00e8chent par exc\u00e8s de confiance et pestent d\u2019agacement.<\/p>\n<p>Dans les derni\u00e8res minutes, Est\u00eav\u00e3o manque un poteau une minute apr\u00e8s la fin des prolongations (90+5\u2019) qui aurait pu permettre au Br\u00e9sil de l\u2019emporter. Ce match nul est quoi qu\u2019il en soit un excellent r\u00e9sultat pour la Tunisie, qui prouve \u00e0 la veille de la CAN le mois prochain qu\u2019elle peut rivaliser contre une s\u00e9lection majeure.<\/p>\n<p>Les Aigles r\u00e9alisent en prime quelques \u00ab\u00a0ol\u00e9s\u00a0\u00bb salu\u00e9s par le public \u00e0 l\u2019occasion de quelques successions de passes r\u00e9ussies, notamment gr\u00e2ce \u00e0 la technicit\u00e9 de Hannibal Mejbri qui a r\u00e9ussi son match. A l\u2019inverse, m\u00eame s\u2019il r\u00e9alise quelques parades, le gardien Aymen Dahmen est encore f\u00e9brile et aura conc\u00e9d\u00e9 de nombreuses pertes de balle gratuites.<\/p>\n<p>Pour le Br\u00e9sil, c\u2019est un avertissement avant le Mondial 2026 : malgr\u00e9 la domination technique, l\u2019\u00e9quipe peine \u00e0 imposer sa sup\u00e9riorit\u00e9 dans un amical visiblement pas pris au s\u00e9rieux par certains \u00e9l\u00e9ments de la \u00ab\u00a0sele\u00e7ao\u00a0\u00bb qui n\u2019aura donc d\u00fb son salut qu\u2019\u00e0 un penalty.<\/p>\n<p><script async src=\"\/\/www.instagram.com\/embed.js\"><\/script><\/p>\n","protected":false},"excerpt":{"rendered":"En ce mardi soir 18 novembre au Stade Pierre-Mauroy plein \u00e0 craquer, \u00e0 Lille, la Tunisie et le&hellip;\n","protected":false},"author":2,"featured_media":543922,"comment_status":"","ping_status":"","sticky":false,"template":"","format":"standard","meta":{"footnotes":""},"categories":[2815],"tags":[1111,11,66247,34632,2548,1777,674,63,1011,27,811,1307,12,25],"class_list":{"0":"post-543921","1":"post","2":"type-post","3":"status-publish","4":"format-standard","5":"has-post-thumbnail","7":"category-lille","8":"tag-actu","9":"tag-actualites","10":"tag-aigles-de-carthage","11":"tag-amical","12":"tag-bresil","13":"tag-eu","14":"tag-europe","15":"tag-football","16":"tag-fr","17":"tag-france","18":"tag-hauts-de-france","19":"tag-lille","20":"tag-news","21":"tag-republique-francaise"},"share_on_mastodon":{"url":"https:\/\/pubeurope.com\/@fr\/115574448145283220","error":""},"_links":{"self":[{"href":"https:\/\/www.europesays.com\/fr\/wp-json\/wp\/v2\/posts\/543921","targetHints":{"allow":["GET"]}}],"collection":[{"href":"https:\/\/www.europesays.com\/fr\/wp-json\/wp\/v2\/posts"}],"about":[{"href":"https:\/\/www.europesays.com\/fr\/wp-json\/wp\/v2\/types\/post"}],"author":[{"embeddable":true,"href":"https:\/\/www.europesays.com\/fr\/wp-json\/wp\/v2\/users\/2"}],"replies":[{"embeddable":true,"href":"https:\/\/www.europesays.com\/fr\/wp-json\/wp\/v2\/comments?post=543921"}],"version-history":[{"count":0,"href":"https:\/\/www.europesays.com\/fr\/wp-json\/wp\/v2\/posts\/543921\/revisions"}],"wp:featuredmedia":[{"embeddable":true,"href":"https:\/\/www.europesays.com\/fr\/wp-json\/wp\/v2\/media\/543922"}],"wp:attachment":[{"href":"https:\/\/www.europesays.com\/fr\/wp-json\/wp\/v2\/media?parent=543921"}],"wp:term":[{"taxonomy":"category","embeddable":true,"href":"https:\/\/www.europesays.com\/fr\/wp-json\/wp\/v2\/categories?post=543921"},{"taxonomy":"post_tag","embeddable":true,"href":"https:\/\/www.europesays.com\/fr\/wp-json\/wp\/v2\/tags?post=543921"}],"curies":[{"name":"wp","href":"https:\/\/api.w.org\/{rel}","templated":true}]}}