{"id":543939,"date":"2025-11-19T04:31:26","date_gmt":"2025-11-19T04:31:26","guid":{"rendered":"https:\/\/www.europesays.com\/fr\/543939\/"},"modified":"2025-11-19T04:31:26","modified_gmt":"2025-11-19T04:31:26","slug":"alors-que-les-caisses-de-lukraine-sont-vides-leurope-rechigne-a-confisquer-les-avoirs-russes","status":"publish","type":"post","link":"https:\/\/www.europesays.com\/fr\/543939\/","title":{"rendered":"Alors que les caisses de l&rsquo;Ukraine sont vides, l&rsquo;Europe rechigne \u00e0 confisquer les avoirs russes"},"content":{"rendered":"<p>La question \u00e9tait sur toutes les l\u00e8vres lorsque Volodomyr Zelensky et Emmanuel Macron ont <a href=\"https:\/\/www.geo.fr\/geopolitique\/commande-de-100-rafale-defense-aerienne-drones-la-visite-de-zelensky-a-paris-relance-la-cooperation-de-defense-franco-ukrainienne-229513\" target=\"_blank\" rel=\"noopener\">annonc\u00e9 <\/a>hier l&rsquo;acquisition de \u00ab\u00a0jusqu&rsquo;\u00e0 cent Rafale\u00a0\u00bb par l&rsquo;Ukraine (ainsi que des syst\u00e8mes de d\u00e9fense a\u00e9rienne et des drones fran\u00e7ais): avec quel argent? Selon le <a href=\"https:\/\/www.geo.fr\/geopolitique\/comment-fonctionne-le-fmi-212512\" target=\"_blank\" rel=\"noopener\">Fonds mon\u00e9taire international<\/a>, le d\u00e9ficit de l&rsquo;Ukraine devrait plonger \u00e0 56 milliards d&rsquo;euros en 2026 et 2027.<\/p>\n<p>Et les Europ\u00e9ens n&rsquo;ont gu\u00e8re de solutions \u00e0 apporter, alerte le <a href=\"https:\/\/www.nytimes.com\/2025\/11\/17\/world\/europe\/ukraine-russia-frozen-assets-european-union.html\" target=\"_blank\" rel=\"noopener\">New York Times<\/a>. \u00ab\u00a0Les responsables de l&rsquo;UE se sont pench\u00e9s pendant des mois sur un plan visant \u00e0 utiliser des avoirs russes gel\u00e9s pour accorder un pr\u00eat \u00e0 l&rsquo;Ukraine. Il appara\u00eet de plus en plus \u00e9vident que l&rsquo;UE ne dispose que de pi\u00e8tres alternatives en cas d&rsquo;\u00e9chec\u00a0\u00bb, pr\u00e9vient le quotidien am\u00e9ricain.<\/p>\n<p>Touche pas au grisbi<\/p>\n<p>\u00ab\u00a0Ce pr\u00eat, par lequel l&rsquo;UE utiliserait les avoirs de la <a href=\"https:\/\/www.geo.fr\/geopolitique\/chute-du-rouble-la-banque-centrale-russe-suspend-ses-achats-de-devises-216131\" target=\"_blank\" rel=\"noopener\">Banque centrale russe<\/a> en Belgique pour acheminer 140 milliards d&rsquo;euros (&#8230;) vers l&rsquo;Ukraine, devait \u00eatre approuv\u00e9 lors du [Conseil europ\u00e9en] le mois dernier. Contre toute attente, la Belgique l&rsquo;a bloqu\u00e9 \u00e0 la derni\u00e8re minute.\u00a0\u00bb Le plat pays a exig\u00e9 que l&rsquo;UE trouve des alternatives et que les \u00c9tats membres se portent garants des pr\u00eats, cette derni\u00e8re proposition ayant suscit\u00e9 l&rsquo;ire du russophile gouvernement <a href=\"https:\/\/www.geo.fr\/geopolitique\/le-premier-ministre-slovaque-touche-par-plusieurs-balles-l-ue-denonce-une-agression-ignoble-220229\" target=\"_blank\" rel=\"noopener\">slovaque<\/a>.<\/p>\n<p>En effet, la soci\u00e9t\u00e9 Euroclear, qui g\u00e8re ces avoirs russes gel\u00e9s, est bas\u00e9e en Belgique. Le pays redoute donc de se retrouver dans le collimateur de la Russie si elle cherche \u00e0 r\u00e9cup\u00e9rer son argent ou porte l&rsquo;affaire en justice. Dans une r\u00e9cente interview au Monde, Val\u00e9rie Urbain, directrice g\u00e9n\u00e9rale d&rsquo;Euroclear, a pr\u00e9venu qu&rsquo;elle pourrait poursuivre l&rsquo;UE en cas de confiscation des avoirs russes gel\u00e9s, et alert\u00e9 sur les cons\u00e9quences d&rsquo;une telle d\u00e9cision sur le syst\u00e8me financier.<\/p>\n<p>\u00ab\u00a0L&rsquo;une des [alternatives] consisterait \u00e0 \u00e9mettre une dette commune de l&rsquo;UE afin de r\u00e9unir les fonds n\u00e9cessaires \u00e0 l&rsquo;<a href=\"https:\/\/www.geo.fr\/geopolitique\/guerre-en-ukraine-kiev-utilise-son-redoutable-missile-flamingo-contre-des-cibles-en-russie-229487\" target=\"_blank\" rel=\"noopener\">Ukraine<\/a>, explique le New York Times. Une autre serait d&rsquo;accorder des aides directes des \u00c9tats membres \u00e0 l&rsquo;Ukraine. Cependant, ces deux solutions pr\u00e9sentent des inconv\u00e9nients. Un emprunt commun serait co\u00fbteux, en raison des int\u00e9r\u00eats, et les aides directes p\u00e8seraient lourdement sur les budgets de pays d\u00e9j\u00e0 endett\u00e9s.\u00a0\u00bb<\/p>\n<p>Rendre l&rsquo;argent<\/p>\n<p>A l&rsquo;inverse, un pr\u00eat garanti par les avoirs russes confisqu\u00e9s aurait plusieurs atouts: il permettrait \u00e0 l&rsquo;Ukraine d&#8217;emprunter \u00e0 taux z\u00e9ro et de rembourser uniquement si la Russie acceptait de verser des <a href=\"https:\/\/www.geo.fr\/environnement\/un-rapport-parlementaire-exige-des-reparations-a-la-pollution-du-chlordecone-198777\" target=\"_blank\" rel=\"noopener\">r\u00e9parations<\/a>, et garantirait \u00e0 Kyiv l&rsquo;acc\u00e8s \u00e0 des fonds consid\u00e9rables pour tenter de gagner la guerre. Envoyant au passage un signal fort \u00e0 la population ukrainienne, \u00e0 Poutine et au monde.<\/p>\n<p>\u00ab\u00a0Non seulement les alternatives seraient plus \u00e9prouvantes financi\u00e8rement, mais elles n&rsquo;impliqueraient probablement que des flux de tr\u00e9sorerie plus faibles et plus progressifs vers l&rsquo;Ukraine\u00a0\u00bb, constate le quotidien am\u00e9ricain. \u00ab\u00a0Cela renforcerait la perception, chez <a href=\"https:\/\/www.geo.fr\/geopolitique\/la-supercherie-de-la-russie-pour-cacher-la-veritable-localisation-de-vladimir-poutine-229497\" target=\"_blank\" rel=\"noopener\">Poutine<\/a>, que le temps joue en sa faveur\u00a0\u00bb, pr\u00e9vient Mujtaba Rahman, directeur g\u00e9n\u00e9ral pour l&rsquo;Europe du cabinet de conseil en risques politiques Eurasia Group.<\/p>\n<p>La situation est compliqu\u00e9e par la fragilit\u00e9 du gouvernement belge (ce n&rsquo;est pas en France qu&rsquo;on verrait \u00e7a), qui risque de ne pas passer l&rsquo;hiver, et l&rsquo;obstruction des prorusses europ\u00e9ens comme le Premier ministre slovaque <a href=\"https:\/\/www.geo.fr\/geopolitique\/slovaquie-retour-en-force-robert-fico-social-democrate-pro-russe-qui-pourrait-gouverner-avec-neonazis-smer-216742\" target=\"_blank\" rel=\"noopener\">Robert Fico<\/a>. Une lueur d&rsquo;espoir scintille toutefois en <a href=\"https:\/\/www.geo.fr\/histoire\/en-norvege-un-vaste-piege-a-rennes-conserve-pendant-1500-ans-vient-d-etre-decouvert-229479\" target=\"_blank\" rel=\"noopener\">Norv\u00e8ge<\/a>: bien que non-membre de l&rsquo;UE, le pays nordique accepterait de garantir les pr\u00eats \u00e0 l&rsquo;Ukraine \u00e0 condition que d&rsquo;autres se joignent \u00e0 lui. Ce n&rsquo;est pas le moment de flancher.<\/p>\n","protected":false},"excerpt":{"rendered":"La question \u00e9tait sur toutes les l\u00e8vres lorsque Volodomyr Zelensky et Emmanuel Macron ont annonc\u00e9 hier l&rsquo;acquisition de&hellip;\n","protected":false},"author":2,"featured_media":543940,"comment_status":"","ping_status":"","sticky":false,"template":"","format":"standard","meta":{"footnotes":""},"categories":[1591],"tags":[10714,11,2120,1887,131,12,1885,1886,132,7185,2475],"class_list":{"0":"post-543939","1":"post","2":"type-post","3":"status-publish","4":"format-standard","5":"has-post-thumbnail","7":"category-russie","8":"tag-actu-russie","9":"tag-actualites","10":"tag-conflit","11":"tag-federation-de-russie","12":"tag-guerre-en-ukraine","13":"tag-news","14":"tag-russia","15":"tag-russian-federation","16":"tag-russie","17":"tag-sanctions","18":"tag-union-europu00e9enne"},"share_on_mastodon":{"url":"https:\/\/pubeurope.com\/@fr\/115574491356628018","error":""},"_links":{"self":[{"href":"https:\/\/www.europesays.com\/fr\/wp-json\/wp\/v2\/posts\/543939","targetHints":{"allow":["GET"]}}],"collection":[{"href":"https:\/\/www.europesays.com\/fr\/wp-json\/wp\/v2\/posts"}],"about":[{"href":"https:\/\/www.europesays.com\/fr\/wp-json\/wp\/v2\/types\/post"}],"author":[{"embeddable":true,"href":"https:\/\/www.europesays.com\/fr\/wp-json\/wp\/v2\/users\/2"}],"replies":[{"embeddable":true,"href":"https:\/\/www.europesays.com\/fr\/wp-json\/wp\/v2\/comments?post=543939"}],"version-history":[{"count":0,"href":"https:\/\/www.europesays.com\/fr\/wp-json\/wp\/v2\/posts\/543939\/revisions"}],"wp:featuredmedia":[{"embeddable":true,"href":"https:\/\/www.europesays.com\/fr\/wp-json\/wp\/v2\/media\/543940"}],"wp:attachment":[{"href":"https:\/\/www.europesays.com\/fr\/wp-json\/wp\/v2\/media?parent=543939"}],"wp:term":[{"taxonomy":"category","embeddable":true,"href":"https:\/\/www.europesays.com\/fr\/wp-json\/wp\/v2\/categories?post=543939"},{"taxonomy":"post_tag","embeddable":true,"href":"https:\/\/www.europesays.com\/fr\/wp-json\/wp\/v2\/tags?post=543939"}],"curies":[{"name":"wp","href":"https:\/\/api.w.org\/{rel}","templated":true}]}}