{"id":543943,"date":"2025-11-19T04:33:25","date_gmt":"2025-11-19T04:33:25","guid":{"rendered":"https:\/\/www.europesays.com\/fr\/543943\/"},"modified":"2025-11-19T04:33:25","modified_gmt":"2025-11-19T04:33:25","slug":"usa-le-congres-approuve-une-mesure-pour-contraindre-a-la-publication-du-dossier-epstein-19-11-2025-a-0016","status":"publish","type":"post","link":"https:\/\/www.europesays.com\/fr\/543943\/","title":{"rendered":"USA-Le Congr\u00e8s approuve une mesure pour contraindre \u00e0 la publication du dossier Epstein &#8211; 19\/11\/2025 \u00e0 00:16"},"content":{"rendered":"<p>\n par David Morgan et Nolan D. McCaskill\n<\/p>\n<p>\n Le Congr\u00e8s<br \/>\nam\u00e9ricain, o\u00f9 les pairs r\u00e9publicains de Donald Trump sont<br \/>\nmajoritaires, a vot\u00e9 quasiment \u00e0 l&rsquo;unanimit\u00e9 mardi une mesure<br \/>\ndestin\u00e9e \u00e0 contraindre le d\u00e9partement de la Justice \u00e0 publier<br \/>\ndes documents li\u00e9s \u00e0 Jeffrey Epstein, retrouv\u00e9 pendu en prison<br \/>\nen 2019 avant son proc\u00e8s pour trafic sexuel de mineures.\n<\/p>\n<p>\n Deux jours apr\u00e8s que Donald Trump a effectu\u00e9 une volte-face<br \/>\nen annon\u00e7ant \u00eatre favorable \u00e0 la publication du dossier<br \/>\njudiciaire de Jeffrey Epstein, avec lequel le pr\u00e9sident<br \/>\nam\u00e9ricain a dit avoir \u00e9t\u00e9 amis avant de prendre ses distances<br \/>\nsans rien savoir des crimes attribu\u00e9s au d\u00e9funt financier, la<br \/>\nChambre des repr\u00e9sentants a approuv\u00e9 la mesure avec 427 voix<br \/>\ncontre une.\n<\/p>\n<p>\n Transmis alors au S\u00e9nat, le texte exigeant la publication de<br \/>\nl&rsquo;ensemble des documents d\u00e9classifi\u00e9s du d\u00e9partement de la<br \/>\nJustice concernant Jeffrey Epstein a \u00e9t\u00e9 rapidement adopt\u00e9 par<br \/>\nla chambre haute, \u00e0 l&rsquo;unanimit\u00e9.\n<\/p>\n<p>\n Il appartient d\u00e9sormais \u00e0 Donald Trump de promulguer la<br \/>\nmesure.\n<\/p>\n<p>\n Rendre public ou non le \u00ab\u00a0dossier Epstein\u00a0\u00bb est une question<br \/>\nqui a engendr\u00e9 des divisions dans les rangs r\u00e9publicains,<br \/>\nentra\u00eenant m\u00eame une rupture entre Donald Trump et certains des<br \/>\nplus fid\u00e8les repr\u00e9sentants du mouvement MAGA (\u00ab\u00a0Make America<br \/>\nGreat Again\u00a0\u00bb).\n<\/p>\n<p>\n Peu avant le vote \u00e0 la Chambre des repr\u00e9sentants, une<br \/>\ndizaine de victimes d&rsquo;abus sexuels pr\u00e9sum\u00e9s commis par Jeffrey<br \/>\nEpstein ont pris part \u00e0 une conf\u00e9rence de presse devant le<br \/>\nCapitole, en compagnie d&rsquo;\u00e9lus r\u00e9publicains et d\u00e9mocrates, pour<br \/>\nexhorter le Congr\u00e8s \u00e0 exiger la publication du dossier.\n<\/p>\n<p>\n Pour Donald Trump, l&rsquo;affaire constitue depuis son retour au<br \/>\npouvoir en janvier dernier l&rsquo;un des rares points de discorde<br \/>\navec ses partisans, lesquels sont convaincus de longue date que<br \/>\nl&rsquo;establishment veut garder secrets les liens entretenus par<br \/>\nJeffrey Epstein avec un \u00e9ventail de personnalit\u00e9s influentes.\n<\/p>\n<p>\n Apr\u00e8s avoir promis durant la campagne \u00e9lectorale de rendre<br \/>\npublic le dossier judiciaire de Jeffrey Epstein, r\u00e9pondant \u00e0 une<br \/>\ndemande de nombre de ses soutiens, le pr\u00e9sident r\u00e9publicain<br \/>\ns&rsquo;est oppos\u00e9 \u00e0 une telle d\u00e9marche, d\u00e9non\u00e7ant une \u00ab\u00a0supercherie\u00a0\u00bb<br \/>\ndes d\u00e9mocrates destin\u00e9e \u00e0 jeter une ombre sur ses r\u00e9ussites.\n<\/p>\n<p>\n TRUMP IRRIT\u00c9 PAR L&rsquo;AFFAIRE\n<\/p>\n<p>\n Un sondage Reuters\/Ipsos r\u00e9alis\u00e9 en octobre montre que seuls<br \/>\nquatre \u00e9lecteurs r\u00e9publicains sur dix ont dit approuver la<br \/>\ngestion par Donald Trump de cette affaire, tandis que neuf sur<br \/>\ndix saluaient son action pr\u00e9sidentielle dans son ensemble.\n<\/p>\n<p>\n En d\u00e9pit de son changement de position \u00e0 propos du vote au<br \/>\nCongr\u00e8s, le pr\u00e9sident am\u00e9ricain demeure irrit\u00e9 par l&rsquo;attention<br \/>\nport\u00e9e \u00e0 l&rsquo;affaire Epstein.\n<\/p>\n<p>\n Interrog\u00e9 mardi par des journalistes lors de la visite du<br \/>\nprince h\u00e9ritier Mohammed ben Salman \u00e0 la Maison blanche, Donald<br \/>\nTrump a qualifi\u00e9 de \u00ab\u00a0personne horrible\u00a0\u00bb une journaliste ayant<br \/>\npos\u00e9 une question sur cette affaire, appelant \u00e0 retirer la<br \/>\nlicence de diffusion de la cha\u00eene de t\u00e9l\u00e9vision qui l&#8217;emploie.\n<\/p>\n<p>\n \u00ab\u00a0Je n&rsquo;ai rien \u00e0 voir avec Jeffrey Epstein\u00a0\u00bb, a dit Donald<br \/>\nTrump devant la presse. \u00ab\u00a0Je l&rsquo;ai mis dehors de mon club il y a<br \/>\nde nombreuses ann\u00e9es parce que je pensais que c&rsquo;\u00e9tait un pervers<br \/>\nmalade\u00a0\u00bb, a-t-il ajout\u00e9.\n<\/p>\n<p>\n Parmi les plus virulentes repr\u00e9sentantes du mouvement MAGA,<br \/>\nl&rsquo;\u00e9lue r\u00e9publicaine Marjorie Taylor Greene est tomb\u00e9e en<br \/>\ndisgr\u00e2ce aupr\u00e8s de Donald Trump pour avoir r\u00e9guli\u00e8rement exprim\u00e9<br \/>\nsa col\u00e8re que le d\u00e9partement de la Justice ne communique pas<br \/>\ndavantage d&rsquo;\u00e9l\u00e9ments \u00e0 propos de Jeffrey Epstein.\n<\/p>\n<p>\n Les d\u00e9mocrates ont fait part de longue date de leur volont\u00e9<br \/>\nque le dossier Epstein soit publi\u00e9.\n<\/p>\n<p>\n Un doute demeure sur l&rsquo;ampleur des documents qui pourraient<br \/>\n\u00eatre rendus publics, le projet de r\u00e9solution de la Chambre<br \/>\nautorisant le d\u00e9partement de la Justice \u00e0 garder secrets des<br \/>\n\u00e9l\u00e9ments d&rsquo;enqu\u00eate.\n<\/p>\n<p>\n L&rsquo;\u00e9lu r\u00e9publicain Thomas Massie, \u00e0 l&rsquo;origine d&rsquo;une p\u00e9tition<br \/>\nayant recueilli suffisamment de soutiens pour contraindre \u00e0 la<br \/>\ntenue d&rsquo;un vote \u00e0 la Chambre des repr\u00e9sentants sur la<br \/>\npublication du dossier Epstein, a accus\u00e9 le d\u00e9partement de la<br \/>\nJustice de \u00ab\u00a0prot\u00e9ger des p\u00e9dophiles et des trafiquants sexuels\u00a0\u00bb.\n<\/p>\n<p>\n \u00ab\u00a0Comment saurons-nous que ce texte aura \u00e9t\u00e9 un succ\u00e8s ?\u00a0\u00bb,<br \/>\na-t-il d\u00e9clar\u00e9 mardi \u00e0 la Chambre avant le vote. \u00ab\u00a0Quand des<br \/>\nhommes, des hommes riches, seront menott\u00e9s et transport\u00e9s en<br \/>\nprison. Tant que cela n&rsquo;aura pas lieu, c&rsquo;est que l&rsquo;affaire est<br \/>\n\u00e9touff\u00e9e\u00a0\u00bb.\n<\/p>\n<p>\n (David Morgan et Nolan McCaskill, avec la contribution de<br \/>\nJonathan Allen \u00e0 New York, Richard Cowan, Bo Erickson et<br \/>\nKatharine Jackson\u00e0 Washington; version fran\u00e7aise Jean Terzian)<\/p>\n","protected":false},"excerpt":{"rendered":"par David Morgan et Nolan D. McCaskill Le Congr\u00e8s am\u00e9ricain, o\u00f9 les pairs r\u00e9publicains de Donald Trump sont&hellip;\n","protected":false},"author":2,"featured_media":2486,"comment_status":"","ping_status":"","sticky":false,"template":"","format":"standard","meta":{"footnotes":""},"categories":[1589],"tags":[400,11,398,408,405,73,1866,403,402,399,404,12,401,406,1864,1865,1863,308,407],"class_list":{"0":"post-543943","1":"post","2":"type-post","3":"status-publish","4":"format-standard","5":"has-post-thumbnail","7":"category-etats-unis","8":"tag-action-cac-40","9":"tag-actualites","10":"tag-bourse-de-paris","11":"tag-boursorama","12":"tag-cotations","13":"tag-etats-unis","14":"tag-etats-unis-damerique","15":"tag-indices-devises","16":"tag-investir","17":"tag-investissement","18":"tag-marche-boursier","19":"tag-news","20":"tag-sicav","21":"tag-trackers","22":"tag-united-states","23":"tag-united-states-of-america","24":"tag-us","25":"tag-usa","26":"tag-warrants"},"share_on_mastodon":{"url":"https:\/\/pubeurope.com\/@fr\/115574499168830972","error":""},"_links":{"self":[{"href":"https:\/\/www.europesays.com\/fr\/wp-json\/wp\/v2\/posts\/543943","targetHints":{"allow":["GET"]}}],"collection":[{"href":"https:\/\/www.europesays.com\/fr\/wp-json\/wp\/v2\/posts"}],"about":[{"href":"https:\/\/www.europesays.com\/fr\/wp-json\/wp\/v2\/types\/post"}],"author":[{"embeddable":true,"href":"https:\/\/www.europesays.com\/fr\/wp-json\/wp\/v2\/users\/2"}],"replies":[{"embeddable":true,"href":"https:\/\/www.europesays.com\/fr\/wp-json\/wp\/v2\/comments?post=543943"}],"version-history":[{"count":0,"href":"https:\/\/www.europesays.com\/fr\/wp-json\/wp\/v2\/posts\/543943\/revisions"}],"wp:featuredmedia":[{"embeddable":true,"href":"https:\/\/www.europesays.com\/fr\/wp-json\/wp\/v2\/media\/2486"}],"wp:attachment":[{"href":"https:\/\/www.europesays.com\/fr\/wp-json\/wp\/v2\/media?parent=543943"}],"wp:term":[{"taxonomy":"category","embeddable":true,"href":"https:\/\/www.europesays.com\/fr\/wp-json\/wp\/v2\/categories?post=543943"},{"taxonomy":"post_tag","embeddable":true,"href":"https:\/\/www.europesays.com\/fr\/wp-json\/wp\/v2\/tags?post=543943"}],"curies":[{"name":"wp","href":"https:\/\/api.w.org\/{rel}","templated":true}]}}