{"id":543946,"date":"2025-11-19T04:35:30","date_gmt":"2025-11-19T04:35:30","guid":{"rendered":"https:\/\/www.europesays.com\/fr\/543946\/"},"modified":"2025-11-19T04:35:30","modified_gmt":"2025-11-19T04:35:30","slug":"allemagne-nagelsmann-soulage-et-tourne-vers-le-mondial-2026-sports","status":"publish","type":"post","link":"https:\/\/www.europesays.com\/fr\/543946\/","title":{"rendered":"Allemagne : Nagelsmann soulag\u00e9 et tourn\u00e9 vers le Mondial 2026 : Sports"},"content":{"rendered":"<p class=\"date\">\n                                                            Thibaut Simon, Media365, publi\u00e9 le mardi 18 novembre 2025 \u00e0 15h45\n                                                    <\/p>\n<p>Large vainqueur de la Slovaquie (6-0), l&rsquo;Allemagne a valid\u00e9 son billet pour le Mondial 2026 \u00e0 l&rsquo;heure o\u00f9 la s\u00e9lection est critiqu\u00e9e.<\/p>\n<p>D\u00e8s la 18e minute et une ouverture parfaite de Joshua Kimmich pour Nick Woltemade, le public pr\u00e9sent \u00e0 la Red Bull Arena de Leipzig a pu respirer. Car oui, l&rsquo;Allemagne jouait face \u00e0 la Slovaquie, ce lundi, sa qualification directe pour le Mondial 2026 et s&rsquo;\u00e9viter ainsi un match pi\u00e8ge en barrage. A la pause, avec un score de 4-0, l&rsquo;Allemagne r\u00e9pondait aux attentes, malgr\u00e9 le contexte houleux autour de la s\u00e9lection. En effet, depuis la prise de fonction de Julian Nageslmann en 2023 &#8211; le s\u00e9lectionneur a prolong\u00e9 en d\u00e9but d&rsquo;ann\u00e9e son bail jusqu&rsquo;en 2028 avec la Nationalmannschaft &#8211; la continuit\u00e9 des r\u00e9sultats est difficilement lisible. Une quatri\u00e8me place obtenue en Ligue des nations, puis une d\u00e9faite en Slovaquie au match aller, l&rsquo;Allemagne s&rsquo;est rattrap\u00e9 par la suite. Une s\u00e9rie de cinq victoires, mais un jeu peu rassurant. Ce lundi, Nagelsmann a fait taire quelques critiques.<\/p>\n<p>San\u00e9 a r\u00e9pondu pr\u00e9sent<\/p>\n<p>Julian Nagelsmann \u00e9tait soulag\u00e9 en conf\u00e9rence de presse. \u00ab <strong>L&rsquo;\u00e9quipe a travaill\u00e9 extr\u00eamement dur, chaque joueur a tout donn\u00e9<\/strong>. Cela nous aid\u00e9 pour avoir de nombreuses belles occasions, \u00e9galement pour marquer de buts fantastiques \u00bb, a-t-il expliqu\u00e9 en conf\u00e9rence de presse. Dans une situation d\u00e9licate avant le coup d&rsquo;envoi, le s\u00e9lectionneur a notamment compt\u00e9 sur la r\u00e9ponse de certains joueurs sur le terrain \u00e0 l&rsquo;image de Leroy San\u00e9. Un doubl\u00e9 express en cinq minutes et une passe d\u00e9cisive pour Assan Ouedraogo, auteur de son premier but en s\u00e9lection, lui le joueur du RB Leipzig. San\u00e9 a marqu\u00e9 des points dans un match d\u00e9cisif, tout comme Florian Wirtz, dont le temps de jeu \u00e0 Liverpool n&rsquo;est pas celui esp\u00e9r\u00e9. Le Reds a offert deux passes \u00e0 San\u00e9, faisant le bonheur de la presse anglaise. \u00ab <strong>Florian Wirtz adresse un message \u00e0 Arne Slot avant la phase d\u00e9cisive pour Liverpool<\/strong>. Apr\u00e8s deux passes d\u00e9cisives rapides avec l&rsquo;Allemagne, Florian Wirtz a rappel\u00e9 \u00e0 ses d\u00e9tracteurs \u00e0 Liverpool qu&rsquo;il n&rsquo;avait rien \u00e0 perdre. \u00bb titrait le Liverpool Echo ce mardi.<\/p>\n<p>L&rsquo;Allemagne, la belle surprise du Mondial 2026 ?<\/p>\n<p>Emmen\u00e9 par ses joueurs bavarois (cinq titulaires au coup d&rsquo;envoi) l&rsquo;Allemagne a retrouv\u00e9 du plaisir et des sensations. De quoi en faire un candidat s\u00e9rieux au titre l&rsquo;\u00e9t\u00e9 prochain en Am\u00e9rique ? Nico Schlotterbeck conna\u00eet les forces de son \u00e9quipe et se veut optimiste. \u00ab Si nous jouons comme aujourd&rsquo;hui, peu importe que nous affrontions la 46e \u00e9quipe mondiale ou la num\u00e9ro un. Je suis convaincu que nous pouvons battre n&rsquo;importe quel adversaire. Nous sommes l&rsquo;Allemagne. <strong>Nous voulons accomplir quelque chose, et je veux aussi aller \u00e0 la Coupe du monde pour la gagner<\/strong> \u00bb, a d\u00e9clar\u00e9 le d\u00e9fenseur de Dortmund au micro de la ZDF. Le message est pass\u00e9.<\/p>\n","protected":false},"excerpt":{"rendered":"Thibaut Simon, Media365, publi\u00e9 le mardi 18 novembre 2025 \u00e0 15h45 Large vainqueur de la Slovaquie (6-0), l&rsquo;Allemagne&hellip;\n","protected":false},"author":2,"featured_media":543947,"comment_status":"","ping_status":"","sticky":false,"template":"","format":"standard","meta":{"footnotes":""},"categories":[1587],"tags":[11,672,1804,1805,1803,1777,674,1801,12,1802],"class_list":{"0":"post-543946","1":"post","2":"type-post","3":"status-publish","4":"format-standard","5":"has-post-thumbnail","7":"category-allemagne","8":"tag-actualites","9":"tag-allemagne","10":"tag-bundesrepublik-deutschland","11":"tag-de","12":"tag-deutschland","13":"tag-eu","14":"tag-europe","15":"tag-germany","16":"tag-news","17":"tag-republique-federale-dallemagne"},"share_on_mastodon":{"url":"https:\/\/pubeurope.com\/@fr\/115574507069334250","error":""},"_links":{"self":[{"href":"https:\/\/www.europesays.com\/fr\/wp-json\/wp\/v2\/posts\/543946","targetHints":{"allow":["GET"]}}],"collection":[{"href":"https:\/\/www.europesays.com\/fr\/wp-json\/wp\/v2\/posts"}],"about":[{"href":"https:\/\/www.europesays.com\/fr\/wp-json\/wp\/v2\/types\/post"}],"author":[{"embeddable":true,"href":"https:\/\/www.europesays.com\/fr\/wp-json\/wp\/v2\/users\/2"}],"replies":[{"embeddable":true,"href":"https:\/\/www.europesays.com\/fr\/wp-json\/wp\/v2\/comments?post=543946"}],"version-history":[{"count":0,"href":"https:\/\/www.europesays.com\/fr\/wp-json\/wp\/v2\/posts\/543946\/revisions"}],"wp:featuredmedia":[{"embeddable":true,"href":"https:\/\/www.europesays.com\/fr\/wp-json\/wp\/v2\/media\/543947"}],"wp:attachment":[{"href":"https:\/\/www.europesays.com\/fr\/wp-json\/wp\/v2\/media?parent=543946"}],"wp:term":[{"taxonomy":"category","embeddable":true,"href":"https:\/\/www.europesays.com\/fr\/wp-json\/wp\/v2\/categories?post=543946"},{"taxonomy":"post_tag","embeddable":true,"href":"https:\/\/www.europesays.com\/fr\/wp-json\/wp\/v2\/tags?post=543946"}],"curies":[{"name":"wp","href":"https:\/\/api.w.org\/{rel}","templated":true}]}}