{"id":543952,"date":"2025-11-19T04:38:13","date_gmt":"2025-11-19T04:38:13","guid":{"rendered":"https:\/\/www.europesays.com\/fr\/543952\/"},"modified":"2025-11-19T04:38:13","modified_gmt":"2025-11-19T04:38:13","slug":"la-belgique-nira-pas-au-mondial-compo-probable-des-bleus-les-8-infos-rugby-quil-ne-fallait-pas-rater","status":"publish","type":"post","link":"https:\/\/www.europesays.com\/fr\/543952\/","title":{"rendered":"La Belgique n&rsquo;ira pas au Mondial, compo probable des Bleus&#8230; les 8 infos rugby qu&rsquo;il ne fallait pas rater"},"content":{"rendered":"<p>                    Par<br \/>\n        <strong><br \/>\n            <a href=\"https:\/\/actu.fr\/auteur\/clement-mazella\" title=\"Consulter tous les articles de Cl\u00e9ment Mazella\" target=\"_blank\" rel=\"noopener\">Cl\u00e9ment Mazella<\/a><br \/>\n                    <\/strong><\/p>\n<p>        Publi\u00e9 le<\/p>\n<p>            18 nov. 2025 \u00e0 18h38        <\/p>\n<p>Ce n\u2019est pas ce mardi que la plan\u00e8te rugby s\u2019est arr\u00eat\u00e9e de tourner. Loin de l\u00e0 m\u00eame. De ce fait, <a href=\"https:\/\/actu.fr\/rugby\/\" target=\"_blank\" rel=\"noopener\">Actu Rugby<\/a> vous \u00e9vite de passer des heures \u00e0 scroller pour \u00eatre au parfum de tout ce qu\u2019il fallait savoir aujourd\u2019hui. Voici <strong>les 8 infos rugby \u00e0 retenir ce mardi 18 novembre<\/strong>.<\/p>\n<p>La Belgique n\u2019ira pas \u00e0 la Coupe du monde 2027<\/p>\n<p class=\" wall-content\"><strong>La derni\u00e8re \u00e9quipe qualifi\u00e9e pour la Coupe du monde 2027 se nomme les Samoa<\/strong>. Ce mardi, \u00e0 Duba\u00ef, l\u2019\u00eele du Pacifique s\u2019est qualifi\u00e9e apr\u00e8s\u2026 un match nul contre la Belgique (13-13). Un r\u00e9sultat qui lui permet de remporter le tournoi de rep\u00eachage, avec 12 points au classement, tout juste devant les Belges (11). La Belgique est pass\u00e9e tout pr\u00e8s d\u2019une premi\u00e8re qualification en Coupe du monde.<\/p>\n<p class=\" wall-content\">Le tirage au sort pour le Mondial en Australie aura lieu le 3 d\u00e9cembre prochain. Sont qualifi\u00e9s l\u2019Afrique du Sud, la Nouvelle-Z\u00e9lande, l\u2019Angleterre, l\u2019Argentine, la France, l\u2019Irlande,<br \/>l\u2019\u00c9cosse, le pays de Galles, l\u2019Australie, le Japon, l\u2019Italie, les Fidji, la G\u00e9orgie, le Portugal, l\u2019Espagne, la Roumanie, Hong Kong, le Zimbabwe, les Tonga, l\u2019Uruguay, le Canada, les \u00c9tats-Unis, le Chili et donc les Samoa.<\/p>\n<p>XV de France : 3 changements face \u00e0 l\u2019Australie ?<\/p>\n<p class=\" wall-content\">Ce mardi, lors de l\u2019entra\u00eenement \u00e0 Marcoussis, il a \u00e9t\u00e9 possible d\u2019avoir une id\u00e9e de la <strong>compo probable<\/strong> du <a href=\"https:\/\/actu.fr\/rugby\/xv-de-france\" target=\"_blank\" rel=\"noopener\">XV de France<\/a> pour affronter l\u2019Australie en cl\u00f4ture de la tourn\u00e9e d\u2019automne. 3 changements seraient \u00e0 l\u2019ordre du jour : Flament, Meafou et Fickou succ\u00e9deraient \u00e0 Taofifenua, Jegou et Barassi, ce dernier \u00e9tant bless\u00e9. Ollivon glisserait en n\u00b07, alors que le novice Kalvin Gourgues pourrait prendre place sur le banc des rempla\u00e7ants.<\/p>\n<p>XV de France : la compo probable face \u00e0 l&rsquo;Australie<\/p>\n<p>Le XV de d\u00e9part : Ramos ; Penaud, Depoort\u00e8re, Fickou, Bielle-Biarrey ; (o) Ntamack, (m) Lucu ; Ollivon, Alldritt, Jelonch ; Meafou, Flament ; Montagne, Marchand, Gros.<br \/>Rempla\u00e7ants : Lamothe, Neti, Laclayat, Taofifenua, Auradou, Jegou, Jauneau, Gourgues.<\/p>\n<p>Bielle-Biarrey nomm\u00e9 pour le titre de meilleur joueur de l\u2019ann\u00e9e<\/p>\n<p class=\" wall-content\">L\u2019ailier de <a href=\"https:\/\/actu.fr\/tag\/usb-union-bordeaux-begles\" target=\"_blank\" rel=\"noopener\">Bordeaux-B\u00e8gles<\/a>, Louis Bielle-Biarrey, qui a \u00e9gal\u00e9 le record d\u2019essais inscrits sur une \u00e9dition du Tournoi (8), fait partie des 4 nomm\u00e9s d\u00e9voil\u00e9s par World Rugby ce mardi 18 novembre. LBB fera face aux Sud-Africains Ox Nche, Malcolm Marx, et Pieter-Steph Du Toit, laur\u00e9at en 2019 et 2024. Le vainqueur sera connu samedi 22 novembre.\u00a0<\/p>\n<p>XV de France : Boudehent absent entre 4 et 6 semaines<\/p>\n<p class=\" wall-content\">Selon <a href=\"https:\/\/www.lequipe.fr\/Rugby\/Actualites\/Touche-au-genou-gauche-avec-le-xv-de-france-paul-boudehent-sera-absent-entre-4-et-6-semaines\/1610551\" target=\"_blank\" rel=\"noopener\">L\u2019\u00c9quipe<\/a>, le 3e ligne du XV de France, <strong>Paul Boudehent, a \u00e9t\u00e9 touch\u00e9 au tendon rotulien<\/strong> du genou gauche. Son absence est estim\u00e9e entre 4 et 6 semaines. Une nouvelle d\u00e9ception pour La Rochelle, qui a aussi vu Nolann Le Garrec se blesser avec les Bleus.<\/p>\n<p>Votre r\u00e9gion, votre actu !<\/p>\n<p>Recevez chaque jour les infos qui comptent pour vous.<\/p>\n<p>\t<a href=\"https:\/\/actu.fr\/newsletter\" class=\"ac-btn ac-btn--corner ac-btn--medium ac-btn--blue800\" target=\"_blank\" rel=\"noopener\">S&rsquo;incrire<\/a><br \/>\nBrive : Darricarr\u00e8re \u00e9cart\u00e9, Broncan de retour sur le terrain<\/p>\n<p class=\" wall-content\">R\u00e9uni lundi 17 novembre au soir, le conseil d\u2019administration de <a href=\"https:\/\/actu.fr\/tag\/ca-brive-correze\" target=\"_blank\" rel=\"noopener\">Brive<\/a> a d\u00e9cid\u00e9 d\u2019\u00e9carter le manager et entra\u00eeneur des trois-quarts David Darricarr\u00e8re. Ce dernier paie des mauvais r\u00e9sultats sportifs. Pierre-Henry Broncan, directeur sportif au CAB, reprend le r\u00f4le de Darricarr\u00e8re, dont il \u00e9tait tr\u00e8s proche, avant de se brouiller.<\/p>\n<p>Rugby F\u00e9minin : Montpellier-Stade Bordelais diffus\u00e9 sur Canal +<\/p>\n<p class=\" wall-content\">Apr\u00e8s <a href=\"https:\/\/actu.fr\/occitanie\/toulouse_31555\/deception-pour-canal-le-choc-d-axa-elite-1-toulouse-stade-bordelais-sans-les-meilleures-joueuses_63279634.html\" target=\"_blank\" rel=\"noopener\">Toulouse\u2013Stade Bordelais<\/a> lors de la 1\u00e8re journ\u00e9e, Canal + a annonc\u00e9 qu\u2019il allait de nouveau diffuser sur ses antennes un match d\u2019Axa Elite 1. L\u2019affiche retenue et Montpellier-Stade Bordelais, pr\u00e9vue le samedi 29 novembre. Elle aura lieu \u00e0 16h45 (sur Canal + Sport), en baisser de rideau de la rencontre de Top 14 MHR-UBB au Septeo Stadium.<\/p>\n<p>Finale Top 14 : la billetterie d\u00e9j\u00e0 ouverte<\/p>\n<p class=\" wall-content\">La LNR a mentionn\u00e9 que <a href=\"https:\/\/billetterie.lnr.fr\/fr\/2026_FINALE_TOP_14_STADE_DE_FRANCE_OFFRE_GP?utm_campaign=FT1426Ouverture&amp;utm_medium=LNR&amp;utm_source=presse&amp;token=eyJ0eXAiOiJKV1QiLCJhbGciOiJIUzI1NiJ9.eyJleHAiOjE3NjM0NjU3MTEsInN1YiI6IjZlMDJlZTA2LWQ1MTctNDNjZi1iYzJhLWMyMDIzMDI2NWEzNCIsInBhc3NpbmciOjEsImluc3RhbmNlIjoyN30.VwwiA6hkjlZPpbyc4v7JqRCN6hz7aAEGgLuClOahh9c\" target=\"_blank\" rel=\"noopener\">la billetterie<\/a> de la <strong>finale du Top 14<\/strong>, programm\u00e9e le 27 juin prochain au Stade de France, \u00e9tait officiellement ouverte depuis ce mardi 18 novembre. \u00ab\u00a0Pour permettre au plus grand nombre d\u2019assister \u00e0 cette soir\u00e9e exceptionnelle, les places sont propos\u00e9es \u00e0 partir de 30 euros, en exclusivit\u00e9 sur MyRugby (<a href=\"https:\/\/top14.lnr.fr\/inscription\" target=\"_blank\" rel=\"noopener\">inscription gratuite<\/a>)\u00a0\u00bb, pr\u00e9cise l\u2019instance.<\/p>\n<p>Fin de carri\u00e8re pour Jean-Marcellin Buttin<\/p>\n<p class=\" wall-content\">Sans club depuis l\u2019\u00e9t\u00e9 dernier, l\u2019arri\u00e8re international (33 ans ; 2 s\u00e9lections) <strong>Jean-Marcellin Buttin<\/strong> a annonc\u00e9 qu\u2019il mettait officiellement un terme \u00e0 sa carri\u00e8re. L\u2019ancien joueur de Clermont, Agen, Bordeaux-B\u00e8gles ou Lyon raccroche les crampons (il s\u2019est gravement bless\u00e9 lors de son dernier match en avril 2025, NDLR) \u00ab\u00a0pour enfiler prochainement des chaussures de s\u00e9curit\u00e9\u00a0\u00bb. Il va s\u2019engager dans la conduite de travaux.<\/p>\n<p class=\" wall-content\">Personnalisez votre actualit\u00e9 en ajoutant vos villes et m\u00e9dias en favori avec <a href=\"https:\/\/moncompte.actu.fr\" title=\"D\u00e9couvez Mon Actu\" rel=\"nofollow noopener\" data-trk=\"{&quot;cta&quot;:{&quot;action&quot;:&quot;https:\\\/\\\/moncompte.actu.fr&quot;,&quot;category&quot;:&quot;mon compte&quot;,&quot;from&quot;:&quot;article footer&quot;,&quot;name&quot;:&quot;Mon actu&quot;,&quot;type&quot;:&quot;cta&quot;}}\" target=\"_blank\">Mon Actu<\/a>.<\/p>\n","protected":false},"excerpt":{"rendered":"Par Cl\u00e9ment Mazella Publi\u00e9 le 18 nov. 2025 \u00e0 18h38 Ce n\u2019est pas ce mardi que la plan\u00e8te&hellip;\n","protected":false},"author":2,"featured_media":543953,"comment_status":"","ping_status":"","sticky":false,"template":"","format":"standard","meta":{"footnotes":""},"categories":[2],"tags":[11,1011,27,12,3788,25,479,60],"class_list":{"0":"post-543952","1":"post","2":"type-post","3":"status-publish","4":"format-standard","5":"has-post-thumbnail","7":"category-actualites","8":"tag-actualites","9":"tag-fr","10":"tag-france","11":"tag-news","12":"tag-pro","13":"tag-republique-francaise","14":"tag-rugby","15":"tag-sports"},"share_on_mastodon":{"url":"https:\/\/pubeurope.com\/@fr\/115574518859014135","error":""},"_links":{"self":[{"href":"https:\/\/www.europesays.com\/fr\/wp-json\/wp\/v2\/posts\/543952","targetHints":{"allow":["GET"]}}],"collection":[{"href":"https:\/\/www.europesays.com\/fr\/wp-json\/wp\/v2\/posts"}],"about":[{"href":"https:\/\/www.europesays.com\/fr\/wp-json\/wp\/v2\/types\/post"}],"author":[{"embeddable":true,"href":"https:\/\/www.europesays.com\/fr\/wp-json\/wp\/v2\/users\/2"}],"replies":[{"embeddable":true,"href":"https:\/\/www.europesays.com\/fr\/wp-json\/wp\/v2\/comments?post=543952"}],"version-history":[{"count":0,"href":"https:\/\/www.europesays.com\/fr\/wp-json\/wp\/v2\/posts\/543952\/revisions"}],"wp:featuredmedia":[{"embeddable":true,"href":"https:\/\/www.europesays.com\/fr\/wp-json\/wp\/v2\/media\/543953"}],"wp:attachment":[{"href":"https:\/\/www.europesays.com\/fr\/wp-json\/wp\/v2\/media?parent=543952"}],"wp:term":[{"taxonomy":"category","embeddable":true,"href":"https:\/\/www.europesays.com\/fr\/wp-json\/wp\/v2\/categories?post=543952"},{"taxonomy":"post_tag","embeddable":true,"href":"https:\/\/www.europesays.com\/fr\/wp-json\/wp\/v2\/tags?post=543952"}],"curies":[{"name":"wp","href":"https:\/\/api.w.org\/{rel}","templated":true}]}}