{"id":543958,"date":"2025-11-19T04:43:19","date_gmt":"2025-11-19T04:43:19","guid":{"rendered":"https:\/\/www.europesays.com\/fr\/543958\/"},"modified":"2025-11-19T04:43:19","modified_gmt":"2025-11-19T04:43:19","slug":"ecarte-de-la-premiere-liste-un-joueur-de-lubb-la-vecu-comme-un-gros-coup-dur","status":"publish","type":"post","link":"https:\/\/www.europesays.com\/fr\/543958\/","title":{"rendered":"\u00e9cart\u00e9 de la premi\u00e8re liste, un joueur de l\u2019UBB l\u2019a v\u00e9cu comme un \u00ab gros coup dur \u00bb"},"content":{"rendered":"<p>Il est tomb\u00e9 de haut. Fort de son bon d\u00e9but de saison et des blessures de Mauvaka ou Barlot, Maxime Lamothe pensait avoir la voie libre pour rejoindre Marcoussis et le XV de France. Finalement, le talonneur de <a href=\"https:\/\/www.quinzemondial.com\/top-14\/ubb-marti-dement-la-rumeur-de-larrivee-dun-champion-du-monde-piste-par-toulouse-820542\" rel=\"nofollow noopener\" target=\"_blank\">l\u2019Union Bordeaux-B\u00e8gles<\/a> n\u2019a pas \u00e9t\u00e9 retenu dans la premi\u00e8re liste pour d\u00e9fier l\u2019Afrique du Sud, Fabien Galthi\u00e9 lui pr\u00e9f\u00e9rant Guillaume Cramont et Barnab\u00e9 Massa pour accompagner Julien Marchand.<\/p>\n<p>Lamothe n\u2019a pas compris son absence<\/p>\n<p>Finalement, Lamothe a fait son retour \u00e0 Marcoussis une semaine plus tard et a pu <a href=\"https:\/\/www.quinzemondial.com\/xv-de-france\/xv-de-france-ca-faisait-quelques-annees-que-je-lattendais-savoure-un-joueur-de-lubb-apres-sa-premiere-820512\" rel=\"nofollow noopener\" target=\"_blank\">f\u00eater sa premi\u00e8re s\u00e9lection devant son public<\/a>, \u00e0 Bordeaux face aux Fidji. Apr\u00e8s avoir savour\u00e9 ses d\u00e9buts internationaux, il a confi\u00e9 \u00e0 <a href=\"https:\/\/www.sudouest.fr\/sport\/rugby\/xv-de-france\/xv-de-france-maxime-lamothe-apres-sa-premiere-selection-je-ne-pouvais-pas-rever-mieux-26739929.php\" rel=\"nofollow noopener\" target=\"_blank\">Sud Ouest <\/a>avoir mal v\u00e9cu cette absence initiale.<\/p>\n<blockquote>\n<p>\u00ab\u00a0Quand Fabien Galthi\u00e9 m&rsquo;a appel\u00e9 pour me dire que je n&rsquo;\u00e9tais pas dans la premi\u00e8re liste, \u00e7a avait \u00e9t\u00e9 un gros coup dur. Il faut respecter les choix. Je prends ce qu&rsquo;on me donne. Je suis super content de cette premi\u00e8re s\u00e9lection \u00e0 la maison.\u00a0\u00bb<\/p>\n<\/blockquote>\n<p>Rappel\u00e9 pour l\u2019ultime test de la tourn\u00e9e face \u00e0 l\u2019Australie samedi prochain, Maxime Lamothe tentera d\u2019encha\u00eener et de rester devant Guillaume Cramont dans la hi\u00e9rarchie.<\/p>\n<p>Partagez cette info avec vos amis et vos proches en cliquant ici<br \/>Pour r\u00e9sumer<\/p>\n<p>Absent de la premi\u00e8re liste du XV de France publi\u00e9e par Fabien Galthi\u00e9 pour le test-match face \u00e0 l\u2019Afrique du Sud, un joueur de l\u2019Union Bordeaux-B\u00e8gles l\u2019a mal v\u00e9cu. Il a finalement pu f\u00eater sa premi\u00e8re cape contre les Fidji.<\/p>\n<p> <img decoding=\"async\" width=\"76\" height=\"76\" loading=\"lazy\" src=\"https:\/\/www.europesays.com\/fr\/wp-content\/uploads\/2025\/04\/avatar-quinze.png\" alt=\"La r\u00e9daction\"\/><\/p>\n","protected":false},"excerpt":{"rendered":"Il est tomb\u00e9 de haut. Fort de son bon d\u00e9but de saison et des blessures de Mauvaka ou&hellip;\n","protected":false},"author":2,"featured_media":543959,"comment_status":"","ping_status":"","sticky":false,"template":"","format":"standard","meta":{"footnotes":""},"categories":[1416],"tags":[1011,27,479,1468,60,478],"class_list":{"0":"post-543958","1":"post","2":"type-post","3":"status-publish","4":"format-standard","5":"has-post-thumbnail","7":"category-rugby","8":"tag-fr","9":"tag-france","10":"tag-rugby","11":"tag-rugby-football","12":"tag-sports","13":"tag-top-14"},"share_on_mastodon":{"url":"https:\/\/pubeurope.com\/@fr\/115574539903322460","error":""},"_links":{"self":[{"href":"https:\/\/www.europesays.com\/fr\/wp-json\/wp\/v2\/posts\/543958","targetHints":{"allow":["GET"]}}],"collection":[{"href":"https:\/\/www.europesays.com\/fr\/wp-json\/wp\/v2\/posts"}],"about":[{"href":"https:\/\/www.europesays.com\/fr\/wp-json\/wp\/v2\/types\/post"}],"author":[{"embeddable":true,"href":"https:\/\/www.europesays.com\/fr\/wp-json\/wp\/v2\/users\/2"}],"replies":[{"embeddable":true,"href":"https:\/\/www.europesays.com\/fr\/wp-json\/wp\/v2\/comments?post=543958"}],"version-history":[{"count":0,"href":"https:\/\/www.europesays.com\/fr\/wp-json\/wp\/v2\/posts\/543958\/revisions"}],"wp:featuredmedia":[{"embeddable":true,"href":"https:\/\/www.europesays.com\/fr\/wp-json\/wp\/v2\/media\/543959"}],"wp:attachment":[{"href":"https:\/\/www.europesays.com\/fr\/wp-json\/wp\/v2\/media?parent=543958"}],"wp:term":[{"taxonomy":"category","embeddable":true,"href":"https:\/\/www.europesays.com\/fr\/wp-json\/wp\/v2\/categories?post=543958"},{"taxonomy":"post_tag","embeddable":true,"href":"https:\/\/www.europesays.com\/fr\/wp-json\/wp\/v2\/tags?post=543958"}],"curies":[{"name":"wp","href":"https:\/\/api.w.org\/{rel}","templated":true}]}}