{"id":543962,"date":"2025-11-19T04:48:16","date_gmt":"2025-11-19T04:48:16","guid":{"rendered":"https:\/\/www.europesays.com\/fr\/543962\/"},"modified":"2025-11-19T04:48:16","modified_gmt":"2025-11-19T04:48:16","slug":"premier-tech-devient-partenaire-dune-equipe-francaise-actualite","status":"publish","type":"post","link":"https:\/\/www.europesays.com\/fr\/543962\/","title":{"rendered":"Premier Tech devient partenaire d\u2019une \u00e9quipe fran\u00e7aise &#8211; Actualit\u00e9"},"content":{"rendered":"<p style=\"text-align: justify;\">La soci\u00e9t\u00e9 canadienne Premier Tech a sign\u00e9 un partenariat pour deux ans avec la structure St-Michel-Preference Home-Auber 93.<\/p>\n<p>\u201cPremier Tech\u202faccompagnera notamment les prochaines phases de d\u00e9veloppement\u202fdu volet ProTeam f\u00e9minin de l\u2019\u00e9quipe\u00a0\u00bb, annonce un communiqu\u00e9.<\/p>\n<p>Premier Tech appara\u00eetra sur les maillots de la ProTeam femmes, de la Continentale hommes et des autres \u00e9quipes du club francilien. En revanche, le nom ne changera pas.<\/p>\n<p>Trois Canadiennes ont pour rappel \u00e9t\u00e9 recrut\u00e9es par la ProTeam francilienne, \u00e0 savoir<strong> <a href=\"https:\/\/www.directvelo.com\/equipe\/3624\/st-michel-preference-home-auber-93-fem\" target=\"_blank\" rel=\"noopener\">Alice Jacskon, Simone Boilard et Clara \u00c9mond<\/a><\/strong>.<\/p>\n<p>\u201cL\u2019arriv\u00e9e de Premier Tech repr\u00e9sente un cap important pour notre structure. Tout comme nous, l\u2019entreprise internationale d\u2019origine canadienne dirig\u00e9e par Jean B\u00e9langer est engag\u00e9e dans le d\u00e9veloppement du cyclisme sous toutes ses formes. Nous partageons une m\u00eame vision : celle d\u2019un cyclisme mixte et ouvert, port\u00e9 par la diversit\u00e9 des talents. Nous sommes tr\u00e8s heureux d\u2019accueillir Premier Tech et de partager ensemble cette ambition commune\u201d, indique dans un communiqu\u00e9 Charlie Nerzic, Directeur g\u00e9n\u00e9ral adjoint de l\u2019\u00e9quipe.<\/p>\n<p>Premier Tech avait fait savoir d\u00e9but novembre l\u2019arr\u00eat de son partenariat de l\u2019\u00e9quipe Israel. \u00ab\u00a0La raison principale de l&rsquo;engagement de Premier Tech en tant que sponsor a \u00e9t\u00e9 \u00e9clips\u00e9e au point qu&rsquo;il nous est devenu impossible de poursuivre notre partenariat\u201d, annon\u00e7ait un communiqu\u00e9.<\/p>\n<p>La soci\u00e9t\u00e9 Premier Tech, pr\u00e9sente depuis plus de 30 ans dans le monde du v\u00e9lo,\u00a0\u00e9tait d\u00e9j\u00e0\u00a0partenaire en France du CIC U Nantes.<\/p>\n","protected":false},"excerpt":{"rendered":"La soci\u00e9t\u00e9 canadienne Premier Tech a sign\u00e9 un partenariat pour deux ans avec la structure St-Michel-Preference Home-Auber 93.&hellip;\n","protected":false},"author":2,"featured_media":543963,"comment_status":"","ping_status":"","sticky":false,"template":"","format":"standard","meta":{"footnotes":""},"categories":[1411],"tags":[834,828,836,829,837,827,83,826,824,823,1154,207,814,817,815,816,822,821,832,211,839,1011,27,820,818,819,835,831,830,833,838,60,212,208,825],"class_list":{"0":"post-543962","1":"post","2":"type-post","3":"status-publish","4":"format-standard","5":"has-post-thumbnail","7":"category-cyclisme","8":"tag-attaque","9":"tag-belgique","10":"tag-braquet","11":"tag-bretagne","12":"tag-chute","13":"tag-competition","14":"tag-coupe-de-france","15":"tag-coureur","16":"tag-course-cyclisme","17":"tag-course-cycliste","18":"tag-cycling","19":"tag-cyclisme","20":"tag-direct","21":"tag-direct-velo","22":"tag-directvelo","23":"tag-directvelo-com","24":"tag-epreuve","25":"tag-epreuve-cycliste","26":"tag-federation-francaise-de-cyclisme","27":"tag-ffc","28":"tag-flandres","29":"tag-fr","30":"tag-france","31":"tag-live","32":"tag-live-course","33":"tag-live-epreuve","34":"tag-peloton","35":"tag-radio-peloton","36":"tag-radio-tour","37":"tag-ravitaillement","38":"tag-relance","39":"tag-sports","40":"tag-uci","41":"tag-velo","42":"tag-velos"},"share_on_mastodon":{"url":"https:\/\/pubeurope.com\/@fr\/115574558215339634","error":""},"_links":{"self":[{"href":"https:\/\/www.europesays.com\/fr\/wp-json\/wp\/v2\/posts\/543962","targetHints":{"allow":["GET"]}}],"collection":[{"href":"https:\/\/www.europesays.com\/fr\/wp-json\/wp\/v2\/posts"}],"about":[{"href":"https:\/\/www.europesays.com\/fr\/wp-json\/wp\/v2\/types\/post"}],"author":[{"embeddable":true,"href":"https:\/\/www.europesays.com\/fr\/wp-json\/wp\/v2\/users\/2"}],"replies":[{"embeddable":true,"href":"https:\/\/www.europesays.com\/fr\/wp-json\/wp\/v2\/comments?post=543962"}],"version-history":[{"count":0,"href":"https:\/\/www.europesays.com\/fr\/wp-json\/wp\/v2\/posts\/543962\/revisions"}],"wp:featuredmedia":[{"embeddable":true,"href":"https:\/\/www.europesays.com\/fr\/wp-json\/wp\/v2\/media\/543963"}],"wp:attachment":[{"href":"https:\/\/www.europesays.com\/fr\/wp-json\/wp\/v2\/media?parent=543962"}],"wp:term":[{"taxonomy":"category","embeddable":true,"href":"https:\/\/www.europesays.com\/fr\/wp-json\/wp\/v2\/categories?post=543962"},{"taxonomy":"post_tag","embeddable":true,"href":"https:\/\/www.europesays.com\/fr\/wp-json\/wp\/v2\/tags?post=543962"}],"curies":[{"name":"wp","href":"https:\/\/api.w.org\/{rel}","templated":true}]}}