{"id":543966,"date":"2025-11-19T04:50:15","date_gmt":"2025-11-19T04:50:15","guid":{"rendered":"https:\/\/www.europesays.com\/fr\/543966\/"},"modified":"2025-11-19T04:50:15","modified_gmt":"2025-11-19T04:50:15","slug":"je-fais-le-triple-du-poids-dune-miss-france-sa-confession-touchante","status":"publish","type":"post","link":"https:\/\/www.europesays.com\/fr\/543966\/","title":{"rendered":"\u201cJe fais le triple du poids d\u2019une Miss France\u201d, sa confession touchante"},"content":{"rendered":"<p>Lorsqu\u00a0\u00bbelle a commenc\u00e9 la t\u00e9l\u00e9-r\u00e9alit\u00e9, <a href=\"https:\/\/www.melty.fr\/people\/je-me-suis-fait-cracher-dessus-dans-la-rue-fille-de-nathalie-marquay-et-jean-pierre-lou-pernaut-en-proie-a-de-lourdes-accusations-2276560.html\" target=\"_blank\" rel=\"noopener\"><br \/>\nLou Pernaut a \u00e9t\u00e9 confront\u00e9e \u00e0 la m\u00e9chancet\u00e9 des r\u00e9seaux<br \/>\nsociaux<\/a>. <strong>Certains internautes ont jug\u00e9 son physique sur<br \/>\nla toile et les messages re\u00e7us \u00e9taient loin d&rsquo;\u00eatre<br \/>\ntendres<\/strong>. Face au cyberharc\u00e8lement v\u00e9cu, la principale<br \/>\nint\u00e9ress\u00e9e a d\u00e9cid\u00e9 de faire une mise au point en d\u00e9clarant :<br \/>\n\u00ab\u00a0Je dis toujours que je suis assez forte face au<br \/>\ncyberharc\u00e8lement, que je suis une warrior et que c\u2019est ma<br \/>\nprincipale cause\u2026 Mais, s\u00e9rieusement, \u00e9duquez vos enfants, vos<br \/>\nparents, vos grands-parents\u2026 Les commentaires sont hallucinants,<br \/>\noccupez-vous de vos affaires et arr\u00eatez de transmettre votre<br \/>\nn\u00e9gativit\u00e9 aux autres ! Je ne comprends pas comment on peut \u00eatre<br \/>\naussi cruel.\u00a0\u00bb<\/p>\n<p>\u00ab\u00a0Je me suis mise au sport, j\u2019ai encore perdu un peu de<br \/>\npoids\u00a0\u00bb<\/p>\n<p>Fort heureusement, Lou Pernaut ne re\u00e7oit pas que des mauvais<br \/>\ncommentaires sur les r\u00e9seaux sociaux ou pour la soutenir, <a href=\"https:\/\/www.melty.fr\/people\/lou-pernaut-en-couple-elle-devoile-une-rare-photo-de-son-compagnon-2237232.html\" target=\"_blank\" rel=\"noopener\"><br \/>\nelle peut toujours compter sur ses<br \/>\nproches.<\/a>\u00a0\u00ab\u00a0<strong>J&rsquo;ai de la chance d\u2019avoir un copain<br \/>\nqui est tr\u00e8s cool avec moi, qui est tout le temps en train de me<br \/>\ndemander si je me sens bien.<\/strong> Il est tr\u00e8s aux petits<br \/>\nsoins.Mes amies passent leur temps \u00e0 dire que je suis<br \/>\nbelle,\u00a0malgr\u00e9 que je ne m&rsquo;accepte pas. Ma m\u00e8re aussi et \u00e0 dire<br \/>\nque je suis la meilleure. Je suis entour\u00e9e par des gens tr\u00e8s<br \/>\npositifs, ce qui m\u2019aide beaucoup au quotidien\u00a0\u00bb, a-t-elle<br \/>\nr\u00e9v\u00e9l\u00e9.<\/p>\n<p>La jeune femme a \u00e9galement expliqu\u00e9 s&rsquo;\u00eatre prise en main pour se<br \/>\nsentir mieux dans sa peau : \u00ab\u00a0<strong>Je me suis mise au sport,<br \/>\nj\u2019ai encore perdu un peu de poids.<\/strong> Je me sens mieux, mais<br \/>\napr\u00e8s,\u00a0je le fais surtout pour me sentir bien mentalement et<br \/>\npas seulement pour perdre du poids.\u00a0\u00bb\u00a0<\/p>\n<p>Lou Pernaut revient sur le moment o\u00f9 elle a pris du poid<\/p>\n<p>Ce lundi 17 novembre 2025, Jordan De Luxe a re\u00e7u Lou Pernaut et<br \/>\ncette derni\u00e8re a justement \u00e9voqu\u00e9 son apparence<br \/>\nphysique<strong>. \u00ab\u00a0J&rsquo;ai eu mes r\u00e8gles \u00e0 9 ans et demi donc \u00e7a<br \/>\nne m&rsquo;a pas aid\u00e9. Puis j&rsquo;ai pris la pilule \u00e0 13 ans, car j&rsquo;ai eu mon<br \/>\npremier mec et tout s&rsquo;est encha\u00een\u00e9 vite. J&rsquo;ai mal support\u00e9 la<br \/>\npilule et j&rsquo;ai commenc\u00e9 \u00e0 prendre du poids comme \u00e7a. Et apr\u00e8s j&rsquo;ai<br \/>\ncontinu\u00e9\u2026\u00a0\u00bb<\/strong>, a-t-elle racont\u00e9.<\/p>\n<p>La fille du regrett\u00e9 Jean-Pierre Pernaut a ensuite ajout\u00e9 :<br \/>\n<strong>\u00ab\u00a0J&rsquo;ai une petite bouche, des petits yeux, des grandes<br \/>\ndents, j&rsquo;avais les oreilles d\u00e9coll\u00e9es, je les ai encore un peu. Je<br \/>\nn&rsquo;aime pas ma t\u00eate en fait. Aujourd&rsquo;hui, complexe num\u00e9ro un, c&rsquo;est<br \/>\nque je fais le triple du poids d&rsquo;une Miss<br \/>\nFrance.\u00a0\u00bb<\/strong><\/p>\n<p>\u00ab\u00a0Ma personnalit\u00e9 est remplie de<br \/>\nd\u00e9ni\u00a0\u00bb<\/p>\n<p>Au cours de cette interview, elle a aussi d\u00e9clar\u00e9 :<br \/>\n\u00ab\u00a0<strong>Ma personnalit\u00e9 est remplie de d\u00e9ni et de choses que<br \/>\nje fais genre de ne pas voir.\u00a0<\/strong>Donc les critiques et<br \/>\nles avis n\u00e9fastes, et le fait que je n&rsquo;ai pas confiance en moi, je<br \/>\nfais comme si \u00e7a n&rsquo;existait pas et j&rsquo;avance parce que sinon, je n&rsquo;y<br \/>\narriverais jamais\u00a0\u00bb.<\/p>\n<p>Elle a fini par expliquer avoir perdu entre 25 et 30 kilos en<br \/>\ndeux ans en pr\u00e9cisant \u00ab\u00a0perdre doucement mais s\u00fbrement\u00a0\u00bb.<br \/>\n<strong>\u00ab\u00a0Maintenant dans ma vie actuelle, je suis dans le 78, avec<br \/>\ndes for\u00eats, ma voiture, je vois mes amis\u2026 J&rsquo;ai mon appart&rsquo; avec mon<br \/>\nch\u00e9ri, la vie est belle.\u00a0\u00bb<\/strong><\/p>\n","protected":false},"excerpt":{"rendered":"Lorsqu\u00a0\u00bbelle a commenc\u00e9 la t\u00e9l\u00e9-r\u00e9alit\u00e9, Lou Pernaut a \u00e9t\u00e9 confront\u00e9e \u00e0 la m\u00e9chancet\u00e9 des r\u00e9seaux sociaux. Certains internautes&hellip;\n","protected":false},"author":2,"featured_media":543967,"comment_status":"","ping_status":"","sticky":false,"template":"","format":"standard","meta":{"footnotes":""},"categories":[1359],"tags":[58,59,1011,27,29940,973],"class_list":{"0":"post-543966","1":"post","2":"type-post","3":"status-publish","4":"format-standard","5":"has-post-thumbnail","7":"category-people","8":"tag-divertissement","9":"tag-entertainment","10":"tag-fr","11":"tag-france","12":"tag-lou-pernaut","13":"tag-people"},"share_on_mastodon":{"url":"https:\/\/pubeurope.com\/@fr\/115574566034474858","error":""},"_links":{"self":[{"href":"https:\/\/www.europesays.com\/fr\/wp-json\/wp\/v2\/posts\/543966","targetHints":{"allow":["GET"]}}],"collection":[{"href":"https:\/\/www.europesays.com\/fr\/wp-json\/wp\/v2\/posts"}],"about":[{"href":"https:\/\/www.europesays.com\/fr\/wp-json\/wp\/v2\/types\/post"}],"author":[{"embeddable":true,"href":"https:\/\/www.europesays.com\/fr\/wp-json\/wp\/v2\/users\/2"}],"replies":[{"embeddable":true,"href":"https:\/\/www.europesays.com\/fr\/wp-json\/wp\/v2\/comments?post=543966"}],"version-history":[{"count":0,"href":"https:\/\/www.europesays.com\/fr\/wp-json\/wp\/v2\/posts\/543966\/revisions"}],"wp:featuredmedia":[{"embeddable":true,"href":"https:\/\/www.europesays.com\/fr\/wp-json\/wp\/v2\/media\/543967"}],"wp:attachment":[{"href":"https:\/\/www.europesays.com\/fr\/wp-json\/wp\/v2\/media?parent=543966"}],"wp:term":[{"taxonomy":"category","embeddable":true,"href":"https:\/\/www.europesays.com\/fr\/wp-json\/wp\/v2\/categories?post=543966"},{"taxonomy":"post_tag","embeddable":true,"href":"https:\/\/www.europesays.com\/fr\/wp-json\/wp\/v2\/tags?post=543966"}],"curies":[{"name":"wp","href":"https:\/\/api.w.org\/{rel}","templated":true}]}}