{"id":543972,"date":"2025-11-19T04:54:12","date_gmt":"2025-11-19T04:54:12","guid":{"rendered":"https:\/\/www.europesays.com\/fr\/543972\/"},"modified":"2025-11-19T04:54:12","modified_gmt":"2025-11-19T04:54:12","slug":"le-mec-qui-a-fait-ca-son-binome-tombe-des-nues","status":"publish","type":"post","link":"https:\/\/www.europesays.com\/fr\/543972\/","title":{"rendered":"\u00ab\u00a0Le mec qui a fait \u00e7a&#8230;\u00a0\u00bb, son bin\u00f4me tombe des nues"},"content":{"rendered":"<p>L\u00a0\u00bbunivers musical fran\u00e7ais regorge de duos embl\u00e9matiques dont la<br \/>\ncomplicit\u00e9 transcende les simples collaborations artistiques. Par<br \/>\ncons\u00e9quent, lorsque l&rsquo;un des deux membres semble s&rsquo;\u00e9vaporer,<br \/>\nl&rsquo;\u00e9motion envahit les fans. Les fr\u00e8res toulousains Florian et<br \/>\nOlivio incarnent depuis des ann\u00e9es cette fraternit\u00e9 musicale<br \/>\nind\u00e9fectible.<\/p>\n<p>N\u00e9anmoins, une r\u00e9cente m\u00e9saventure commerciale vient bousculer<br \/>\ncette belle harmonie apparente sur les rayons d&rsquo;une enseigne<br \/>\nculturelle. En effet, une erreur d&rsquo;\u00e9tiquetage transforme le c\u00e9l\u00e8bre<br \/>\nduo en simple projet solo. Cette situation cocasse m\u00e9rite<br \/>\nd&rsquo;ailleurs qu&rsquo;on s&rsquo;y attarde pour comprendre comment pareille<br \/>\nconfusion a pu surgir.<\/p>\n<p>Un incident boutique qui aurait pu mal tourner pour Oli<\/p>\n<p>Il y a plusieurs mois, le cadet du duo toulousain a v\u00e9cu<br \/>\n<a href=\"https:\/\/www.melty.fr\/musique\/bigflo-oli-accuse-de-vol-oli-se-filme-video-surrealiste-1015739.html\" target=\"_blank\" rel=\"noopener\"><br \/>\nune exp\u00e9rience pour le moins embarrassante<\/a>. Ainsi, lorsqu&rsquo;il<br \/>\np\u00e9n\u00e8tre dans une Fnac parisienne en juin 2022, Oli souhaite<br \/>\nsimplement acheter plusieurs exemplaires de leur quatri\u00e8me album.<br \/>\nSon objectif demeure g\u00e9n\u00e9reux puisqu&rsquo;il compte distribuer ces<br \/>\npr\u00e9cieux disques aux admirateurs crois\u00e9s dans les rues de la<br \/>\ncapitale. Cependant, la sortie du magasin se complique rapidement \u00e0<br \/>\ncause d&rsquo;un vigile m\u00e9fiant qui l&rsquo;interpelle sans m\u00e9nagement.<\/p>\n<p>\u00ab Il ne m&rsquo;a pas donn\u00e9 le ticket le monsieur, je ne sais pas<br \/>\npourquoi, mais je les ai pay\u00e9s hein ! \u00bb, explique alors<br \/>\n<strong>Oli face au gardien incr\u00e9dule<\/strong>. Par ailleurs, le<br \/>\njeune artiste insiste aupr\u00e8s des deux professionnels pr\u00e9sents sur<br \/>\nplace. \u00ab En fait, c&rsquo;est mon album qu&rsquo;il y a dedans. Regardez la<br \/>\npochette\u2026 Je vous jure, je n&rsquo;ai pas vol\u00e9 ! <strong>Bigflo et<br \/>\nOli<\/strong>, on s&rsquo;appelle \u00bb, d\u00e9clare-t-il avec une pointe<br \/>\nd&rsquo;exasp\u00e9ration. Heureusement, un vendeur reconna\u00eet finalement le<br \/>\nrappeur et r\u00e9gularise cette situation ubuesque imm\u00e9diatement.<br \/>\nD&rsquo;ailleurs, cette anecdote pr\u00e9figure une autre confusion<br \/>\nidentitaire bien plus amusante encore.<\/p>\n<p>Quand la Fnac r\u00e9invente le duo en effa\u00e7ant la moiti\u00e9 du<br \/>\ngroupe<\/p>\n<p>L&rsquo;enseigne culturelle propose r\u00e9guli\u00e8rement des packs<br \/>\npromotionnels regroupant plusieurs albums d&rsquo;artistes pour s\u00e9duire<br \/>\nles m\u00e9lomanes. Pourtant, une <strong>r\u00e9cente initiative<br \/>\nmarketing<\/strong> tourne au fiasco involontaire lorsqu&rsquo;un pack<br \/>\nrassemble leurs deux derniers projets musicaux. Sur l&rsquo;\u00e9tiquette<br \/>\ncommerciale, seul le pr\u00e9nom \u00ab BigFlo \u00bb appara\u00eet tandis que<br \/>\nson fr\u00e8re semble s&rsquo;\u00eatre volatilis\u00e9 myst\u00e9rieusement. Cette bourde<br \/>\nmonumentale n&rsquo;\u00e9chappe \u00e9videmment pas \u00e0 l&rsquo;\u0153il aff\u00fbt\u00e9 de l&rsquo;a\u00een\u00e9 qui<br \/>\nd\u00e9couvre cette aberration surprenante.<\/p>\n<p><strong>Bigflo<\/strong> immortalise imm\u00e9diatement la sc\u00e8ne<br \/>\ngrotesque et partage sa d\u00e9couverte avec ses <strong>nombreux<br \/>\nabonn\u00e9s fid\u00e8les sur Instagram<\/strong>. De plus, il faut souligner<br \/>\nque <strong>Julien Dor\u00e9<\/strong> compte parmi les artistes ayant<br \/>\ncollabor\u00e9 avec les deux fr\u00e8res. Les Toulousains ont <a href=\"https:\/\/www.melty.fr\/people\/julien-dore-il-a-un-cote-big-flo-et-oli-se-lachent-apres-leur-collaboration-2205812.html\" target=\"_blank\" rel=\"noopener\"><br \/>\nr\u00e9cemment r\u00e9v\u00e9l\u00e9 les dessous de leur featuring commun<\/a> sans la<br \/>\nmoindre r\u00e9serve ni g\u00eane. Cette proximit\u00e9 artistique rend d&rsquo;autant<br \/>\nplus cocasse l&rsquo;id\u00e9e qu&rsquo;<strong>Oli<\/strong> puisse dispara\u00eetre des<br \/>\nradars commerciaux aussi facilement.<\/p>\n<p>La r\u00e9action d\u00e9capante de Bigflo face \u00e0<br \/>\nl&rsquo;oubli flagrant d&rsquo;Oli<\/p>\n<p>Dans une story Instagram d\u00e9bordant d&rsquo;ironie mordante,<br \/>\n<strong>Bigflo<\/strong> filme le pack litigieux avec un ton<br \/>\nfaussement indign\u00e9. \u00ab Y&rsquo;a des mecs \u00e0 la Fnac qui ont fait un<br \/>\npack avec nos deux albums. Et l\u00e0, le mec, il n&rsquo;a mis que BigFlo !<br \/>\n\u00bb, s&rsquo;exclame-t-il devant la cam\u00e9ra. Ensuite, il s&rsquo;adresse<br \/>\ndirectement au responsable de cette <strong>erreur monumentale avec<br \/>\nune verve comique<\/strong> parfaitement ma\u00eetris\u00e9e. \u00ab Le mec qui<br \/>\na fait \u00e7a\u2026 juste, tu ne travailles pas en fait ! On attend un<br \/>\ncommentaire de la Fnac ! Tu as oubli\u00e9 la moiti\u00e9 du groupe\u2026 \u00bb,<br \/>\nlance-t-il avec une pointe d&rsquo;humour ravageur.<\/p>\n<blockquote class=\"instagram-media\" style=\"background: #ffffff;border: 0;margin: 1px;width: 100%;padding: 0;max-width: 500px;\" data-instgrm-permalink=\"https:\/\/www.instagram.com\/reel\/DRK1eGoCDvZ\/?\" data-instgrm-version=\"14\"\/>\n<p>Les internautes r\u00e9agissent instantan\u00e9ment \u00e0 cette bourde<br \/>\ncommerciale en inondant les r\u00e9seaux sociaux de commentaires<br \/>\nhilarants et d\u00e9cal\u00e9s. Certains fans imaginent des sc\u00e9narios fictifs<br \/>\no\u00f9 <strong>Oli<\/strong> aurait effectivement disparu de l&rsquo;existence<br \/>\nmusicale du groupe embl\u00e9matique. \u00ab C&rsquo;est s\u00fbr qu&rsquo;il bosse \u00e0<br \/>\nmi-temps \u00bb, plaisante un internaute amus\u00e9 par cette situation<br \/>\nrocambolesque particuli\u00e8rement savoureuse. D&rsquo;autres rench\u00e9rissent<br \/>\navec des jeux de mots audacieux tandis que la communaut\u00e9 c\u00e9l\u00e8bre<br \/>\ncette erreur involontaire. Cette anecdote rappelle finalement que<br \/>\nm\u00eame <strong>les plus grandes enseignes culturelles<\/strong> ne<br \/>\ndemeurent pas \u00e0 l&rsquo;abri de rat\u00e9s.<\/p>\n<p><script async src=\"\/\/www.instagram.com\/embed.js\"><\/script><\/p>\n","protected":false},"excerpt":{"rendered":"L\u00a0\u00bbunivers musical fran\u00e7ais regorge de duos embl\u00e9matiques dont la complicit\u00e9 transcende les simples collaborations artistiques. Par cons\u00e9quent, lorsque&hellip;\n","protected":false},"author":2,"featured_media":543973,"comment_status":"","ping_status":"","sticky":false,"template":"","format":"standard","meta":{"footnotes":""},"categories":[1355],"tags":[1102,21303,58,59,1011,27,1361,873],"class_list":{"0":"post-543972","1":"post","2":"type-post","3":"status-publish","4":"format-standard","5":"has-post-thumbnail","7":"category-musique","8":"tag-breakingnews","9":"tag-buzz_nonli","10":"tag-divertissement","11":"tag-entertainment","12":"tag-fr","13":"tag-france","14":"tag-music","15":"tag-musique"},"share_on_mastodon":{"url":"https:\/\/pubeurope.com\/@fr\/115574581779380185","error":""},"_links":{"self":[{"href":"https:\/\/www.europesays.com\/fr\/wp-json\/wp\/v2\/posts\/543972","targetHints":{"allow":["GET"]}}],"collection":[{"href":"https:\/\/www.europesays.com\/fr\/wp-json\/wp\/v2\/posts"}],"about":[{"href":"https:\/\/www.europesays.com\/fr\/wp-json\/wp\/v2\/types\/post"}],"author":[{"embeddable":true,"href":"https:\/\/www.europesays.com\/fr\/wp-json\/wp\/v2\/users\/2"}],"replies":[{"embeddable":true,"href":"https:\/\/www.europesays.com\/fr\/wp-json\/wp\/v2\/comments?post=543972"}],"version-history":[{"count":0,"href":"https:\/\/www.europesays.com\/fr\/wp-json\/wp\/v2\/posts\/543972\/revisions"}],"wp:featuredmedia":[{"embeddable":true,"href":"https:\/\/www.europesays.com\/fr\/wp-json\/wp\/v2\/media\/543973"}],"wp:attachment":[{"href":"https:\/\/www.europesays.com\/fr\/wp-json\/wp\/v2\/media?parent=543972"}],"wp:term":[{"taxonomy":"category","embeddable":true,"href":"https:\/\/www.europesays.com\/fr\/wp-json\/wp\/v2\/categories?post=543972"},{"taxonomy":"post_tag","embeddable":true,"href":"https:\/\/www.europesays.com\/fr\/wp-json\/wp\/v2\/tags?post=543972"}],"curies":[{"name":"wp","href":"https:\/\/api.w.org\/{rel}","templated":true}]}}