{"id":543974,"date":"2025-11-19T04:55:15","date_gmt":"2025-11-19T04:55:15","guid":{"rendered":"https:\/\/www.europesays.com\/fr\/543974\/"},"modified":"2025-11-19T04:55:15","modified_gmt":"2025-11-19T04:55:15","slug":"bande-annonce-pleine-de-spoilers-pour-lodyssee-alien-avec-ryan-gosling","status":"publish","type":"post","link":"https:\/\/www.europesays.com\/fr\/543974\/","title":{"rendered":"bande-annonce pleine de spoilers pour l&rsquo;odyss\u00e9e alien avec Ryan Gosling"},"content":{"rendered":"<p><strong><a href=\"https:\/\/www.ecranlarge.com\/films\/1377666-project-hail-mary\" data-type=\"films\" data-id=\"690699\" rel=\"nofollow noopener\" target=\"_blank\">Projet Derni\u00e8re Chance<\/a> de\u00a0<a href=\"https:\/\/www.ecranlarge.com\/personnalite\/724749-phil-lord\" data-type=\"people\" data-id=\"368564\" rel=\"nofollow noopener\" target=\"_blank\">Phil Lord<\/a> et <a href=\"https:\/\/www.ecranlarge.com\/personnalite\/1007318-christopher-miller\" data-type=\"people\" data-id=\"479778\" rel=\"nofollow noopener\" target=\"_blank\">Christopher Miller<\/a> avec <a href=\"https:\/\/www.ecranlarge.com\/personnalite\/654495-ryan-gosling\" data-type=\"people\" data-id=\"13098\" rel=\"nofollow noopener\" target=\"_blank\">Ryan Gosling<\/a> se d\u00e9voile un peu plus dans une nouvelle bande-annonce. <\/strong><\/p>\n<p>Cela va-t-il devenir une habitude ? Apr\u00e8s <strong>First Man<\/strong>, o\u00f9 Ryan Gosling jouait Neil Armstrong en pleine pr\u00e9paration de son exp\u00e9dition lunaire, et avant <strong>Star Wars : Starfighter<\/strong>, o\u00f9 le com\u00e9dien sillonnera une galaxie lointaine, tr\u00e8s lointaine, <strong>le Ken de Barbie s\u2019appr\u00eate \u00e0 affronter une nouvelle mission spatiale<\/strong>. C\u2019est devant la cam\u00e9ra de Phil Lord et Christopher Miller que Ryan Gosling va jouer l\u2019astronaute malgr\u00e9 lui dans la com\u00e9die de science-fiction <strong>Projet Derni\u00e8re Chance<\/strong>.<\/p>\n<p>                    <img decoding=\"async\" alt=\"\" class=\"wp-image-518375\" style=\"object-fit:cover;width:25px;height:25px\" src=\"https:\/\/www.ecranlarge.com\/content\/uploads\/2023\/09\/arrow-right-circle.svg\"\/><\/p>\n<p>Une premi\u00e8re bande-annonce, en juin 2025, avait annonc\u00e9 la couleur. Un \u00ab simple \u00bb professeur (par ailleurs docteur en biologie mol\u00e9culaire et qui a le physique avantageux de Gosling) est envoy\u00e9 dans l\u2019espace pour sauver l\u2019humanit\u00e9 dans un projet derni\u00e8re chance. Le soleil se meurt et lui seul peut le sauver. Mais la vid\u00e9o, longue de trois minutes, se terminait par une surprise : une forme de vie non-identifi\u00e9e rejoignait le h\u00e9ros dans sa mission\u2026 <strong>Sony Pictures nous en apprend plus via une nouvelle bande-annonce centr\u00e9e sur l\u2019extraterrestre en question. <\/strong>Attention spoilers pour ceux qui ne voudraient rien savoir !<\/p>\n<p><img loading=\"lazy\" decoding=\"async\" width=\"1200\" height=\"800\" alt=\"\" class=\"wp-image-1353093\" src=\"https:\/\/www.europesays.com\/fr\/wp-content\/uploads\/2025\/11\/image-74.png\"  \/>Quand tes heures de cours, de recherche et de corrections de copies te laissent quand m\u00eame le temps d\u2019aller \u00e0 la salle 5 fois\/semaineAPPOLON 13<\/p>\n<p>Il est assez rare qu\u2019on voie une telle \u00e9volution, comme une conversation, entre deux bandes-annonces. Le pr\u00e9c\u00e9dent trailer de <strong>Projet Derni\u00e8re Chance<\/strong> se terminait presque sur l\u2019arriv\u00e9e de l\u2019alien Rocky (parce qu\u2019il ressemble \u00e0 un caillou). Le m\u00eame \u00e9v\u00e8nement se trouve ici en ouverture \u2013 devenant plus qu\u2019autre chose l\u2019objet de la narration. On croirait une m\u00e9canique de s\u00e9rie, o\u00f9 un cliffhanger est suivi de son explication dans l\u2019\u00e9pisode suivant. <strong>Cela laisse pr\u00e9sager une belle richesse narrative, qui m\u00e9nagerait son lot de twists et de r\u00e9v\u00e9lations<\/strong>.<\/p>\n<p>Mais tr\u00eave de suspense. Il y avait d\u00e9j\u00e0 peu de doute lors de la derni\u00e8re sortie promotionnelle, il n\u2019y en a plus du tout d\u00e9sormais : loin d\u2019\u00eatre une potentielle menace, <strong>Rocky sera un extraterrestre gentil et surtout rigolo<\/strong>. Son look de Pok\u00e9mon et son nom tout choupi (oui, Sylvester, tout choupi) pr\u00e9sagent m\u00eame de potentielles ventes de peluches si le film cartonne. On se rappelle alors que les deux r\u00e9alisateurs Phil Lord et Christopher Miller ont largement fait leurs preuves dans la com\u00e9die d\u2019action en m\u00ealant efficacement humour et suspense (les deux films <strong>Jump Street<\/strong>, <strong>La Grande Aventure Lego<\/strong>).<\/p>\n<p>Enfin, le sc\u00e9nario, adapt\u00e9 du roman d\u2019Andy Weir, est sign\u00e9 Drew Goddard. <strong>Ce dernier, r\u00e9alisateur du malheureusement trop peu vu Sale temps \u00e0 l\u2019h\u00f4tel El Royale, a notamment \u00e9crit Seul sur Mars de Ridley Scott<\/strong>. Le moins qu\u2019on puisse dire, c\u2019est qu\u2019on y retrouve (surtout dans les moments qui semblent se d\u00e9rouler avant l\u2019arriv\u00e9e de Rocky) les m\u00eames p\u00e9rip\u00e9ties de h\u00e9ros seul domptant, avec l\u2019aide de la science, les d\u00e9fis d\u2019un environnement hostile \u00e0 la vie.<\/p>\n<p>Aux c\u00f4t\u00e9s de Ryan Gosling, on comptera aussi Sandra H\u00fcller (<strong>Anatomie d\u2019une chute<\/strong>), Lionel Boyce (<strong>The Bear<\/strong>), Ken Leung (<strong>Avatar, le dernier ma\u00eetre de l\u2019air<\/strong>) et Milana Vayntrub (<strong>This Is Us<\/strong>). <strong>Projet Derni\u00e8re Chance arrivera dans nos salles le 18 mars 2026. <\/strong><\/p>\n","protected":false},"excerpt":{"rendered":"Projet Derni\u00e8re Chance de\u00a0Phil Lord et Christopher Miller avec Ryan Gosling se d\u00e9voile un peu plus dans une&hellip;\n","protected":false},"author":2,"featured_media":543975,"comment_status":"","ping_status":"","sticky":false,"template":"","format":"standard","meta":{"footnotes":""},"categories":[1354],"tags":[58,59,1346,1011,27,1360],"class_list":{"0":"post-543974","1":"post","2":"type-post","3":"status-publish","4":"format-standard","5":"has-post-thumbnail","7":"category-films","8":"tag-divertissement","9":"tag-entertainment","10":"tag-films","11":"tag-fr","12":"tag-france","13":"tag-movies"},"share_on_mastodon":{"url":"https:\/\/pubeurope.com\/@fr\/115574586333594307","error":""},"_links":{"self":[{"href":"https:\/\/www.europesays.com\/fr\/wp-json\/wp\/v2\/posts\/543974","targetHints":{"allow":["GET"]}}],"collection":[{"href":"https:\/\/www.europesays.com\/fr\/wp-json\/wp\/v2\/posts"}],"about":[{"href":"https:\/\/www.europesays.com\/fr\/wp-json\/wp\/v2\/types\/post"}],"author":[{"embeddable":true,"href":"https:\/\/www.europesays.com\/fr\/wp-json\/wp\/v2\/users\/2"}],"replies":[{"embeddable":true,"href":"https:\/\/www.europesays.com\/fr\/wp-json\/wp\/v2\/comments?post=543974"}],"version-history":[{"count":0,"href":"https:\/\/www.europesays.com\/fr\/wp-json\/wp\/v2\/posts\/543974\/revisions"}],"wp:featuredmedia":[{"embeddable":true,"href":"https:\/\/www.europesays.com\/fr\/wp-json\/wp\/v2\/media\/543975"}],"wp:attachment":[{"href":"https:\/\/www.europesays.com\/fr\/wp-json\/wp\/v2\/media?parent=543974"}],"wp:term":[{"taxonomy":"category","embeddable":true,"href":"https:\/\/www.europesays.com\/fr\/wp-json\/wp\/v2\/categories?post=543974"},{"taxonomy":"post_tag","embeddable":true,"href":"https:\/\/www.europesays.com\/fr\/wp-json\/wp\/v2\/tags?post=543974"}],"curies":[{"name":"wp","href":"https:\/\/api.w.org\/{rel}","templated":true}]}}