{"id":543980,"date":"2025-11-19T04:58:15","date_gmt":"2025-11-19T04:58:15","guid":{"rendered":"https:\/\/www.europesays.com\/fr\/543980\/"},"modified":"2025-11-19T04:58:15","modified_gmt":"2025-11-19T04:58:15","slug":"ces-trois-questions-qui-sont-venues-a-bout","status":"publish","type":"post","link":"https:\/\/www.europesays.com\/fr\/543980\/","title":{"rendered":"ces trois questions qui sont venues \u00e0 bout &#8230;"},"content":{"rendered":"<p>EN BREF<\/p>\n<ul class=\"bloc_resume_post_list\">\n<li>Depuis le 19 septembre, Cyprien participe aux 12 coups de<br \/>\nmidi sur TF1, accumulant 249 395 euros.<\/li>\n<li>Le 18 novembre, il a \u00e9chou\u00e9 sur trois questions lors de<br \/>\nsa 61e participation.<\/li>\n<li>En raison de ses erreurs, Cyprien n\u00a0\u00bba pas pu d\u00e9couvrir<br \/>\nl&rsquo;\u00e9toile myst\u00e9rieuse r\u00e9v\u00e9lant Tom Hanks.<\/li>\n<\/ul>\n<p class=\"p1\">Depuis le 19 septembre, <strong>Cyprien est le Ma\u00eetre<br \/>\nde midi<\/strong> des 12 coups de midi sur TF1. Apr\u00e8s deux mois de<br \/>\nparticipation, l\u2019\u00e9tudiant en musicologie a d\u00e9j\u00e0 accumul\u00e9 <a href=\"https:\/\/www.telestar.fr\/actu_tv\/les-12-coups-de-midi-a-combien-seleve-la-cagnotte-de-cyprien-ce-18-novembre-1739126\" rel=\"nofollow noopener\" target=\"_blank\"><br \/>\nune belle cagnotte de 249 395 euros<\/a>. Et il ne compte pas<br \/>\ns\u2019arr\u00eater l\u00e0.<\/p>\n<p class=\"p1\">Mardi 18 novembre, le nouveau prot\u00e9g\u00e9 de Jean-Luc<br \/>\nReichmann a sign\u00e9 <strong>sa 61e participation<\/strong>. Pour<br \/>\nl\u2019occasion, il s\u2019est montr\u00e9 d\u00e9termin\u00e9 \u00e0 remporter <strong>sa<br \/>\ntroisi\u00e8me \u00e9toile myst\u00e9rieuse<\/strong>. Pourtant, tout ne s\u2019est pas<br \/>\npass\u00e9 comme pr\u00e9vu et il a tr\u00e9buch\u00e9 sur trois questions.<\/p>\n<p>Cyprien a une nouvelle fois battu ses<br \/>\nconcurrents<\/p>\n<p class=\"p1\">Lors du <strong>Coup fatal<\/strong>, Cyprien s\u2019est<br \/>\nmesur\u00e9 \u00e0 un autre candidat. Jean-Luc Reichmann lui a alors demand\u00e9<br \/>\n: \u201cQuel pianiste qui doit sa popularit\u00e9 \u00e0 l\u2019\u00e9mission \u2018Tournez<br \/>\nman\u00e8ge !\u2019 nous a quitt\u00e9s le 8 septembre 2025 ?\u201d. Le jeune<br \/>\nhomme a propos\u00e9 \u201cRichard Clayderman\u201d, sans grande<br \/>\nconviction. Une r\u00e9ponse fausse puisqu\u2019<strong>il s\u2019agissait de<br \/>\nCharly Oleg<\/strong>.<\/p>\n<p class=\"p1\">Par la suite, Cyprien a r\u00e9ussi \u00e0 se hisser jusqu\u2019au<br \/>\n<strong>Coup de ma\u00eetre<\/strong>. Lors de la deuxi\u00e8me question,<br \/>\n<a href=\"https:\/\/www.closermag.fr\/people\/jean-luc-reichmann-en-deuil-il-fait-part-de-son-immense-tristesse-avec-sa-femme-nathalie-lecoultre-3472401\" rel=\"nofollow noopener\" target=\"_blank\"><br \/>\nle mari de Nathalie Lecoultre<\/a> lui a demand\u00e9 : \u201cQuel film de<br \/>\n1994 r\u00e9unit G\u00e9rard Jugnot et Victoria Abril ?\u201d. S\u2019il avait le<br \/>\nchoix entre \u201cCasque d\u2019or\u201d, \u201cCasque bleu\u201d ou<br \/>\n\u201cL\u2019autre\u201d, il a choisi \u201cCasque d\u2019or\u201d. Il<br \/>\ns\u2019agissait pourtant de <strong>la deuxi\u00e8me proposition<\/strong>.<br \/>\n\u201cCasque d\u2019or, c\u2019\u00e9tait en 1951 avec Simone Signoret et Serge<br \/>\nReggiani\u201d, a ensuite expliqu\u00e9 Zette.<\/p>\n<p>Le Ma\u00eetre de midi n\u2019a pas pu trouver<br \/>\nl\u2019\u00e9toile myst\u00e9rieuse<\/p>\n<p class=\"p1\">La cinqui\u00e8me question du Coup de ma\u00eetre \u00e9tait :<br \/>\n\u201cAvec quel acteur Pamela Anderson a-t-elle officialis\u00e9 sa<br \/>\nromance sur un tapis rouge cet \u00e9t\u00e9 ?\u201d. Apr\u00e8s une br\u00e8ve<br \/>\nr\u00e9flexion, Cyprien a choisi la proposition \u201cMark Wahlberg\u201d<br \/>\nmais il s\u2019agissait en fait de <strong>Liam Neeson<\/strong>.<br \/>\n<a href=\"https:\/\/www.telestar.fr\/actu_tv\/les-12-coups-de-midi-a-quoi-ressemble-zette-dans-la-vraie-vie-1697292\" rel=\"nofollow noopener\" target=\"_blank\"><br \/>\nZette<\/a> a d\u2019ailleurs pr\u00e9cis\u00e9 que l\u2019actrice \u00e9tait tomb\u00e9e amoureuse<br \/>\nsur le tournage du film Y a-t-il un film pour sauver le monde<br \/>\n?.<\/p>\n<p class=\"p1\">Les deux r\u00e9ponses fausses de Cyprien au Coup de<br \/>\nma\u00eetre n\u2019ont pas pu lui permettre de <strong>proposer un nom pour<br \/>\nl\u2019\u00e9toile myst\u00e9rieuse<\/strong>. Jean-Luc Reichmann a donc d\u00e9voil\u00e9 la<br \/>\nderni\u00e8re case manquante, qui montrait <strong>Tom Hanks<\/strong>.<br \/>\nUne v\u00e9ritable d\u00e9ception pour le Ma\u00eetre de midi qui avait d\u00e9j\u00e0<br \/>\ndevin\u00e9 son identit\u00e9 depuis plusieurs \u00e9missions.<\/p>\n","protected":false},"excerpt":{"rendered":"EN BREF Depuis le 19 septembre, Cyprien participe aux 12 coups de midi sur TF1, accumulant 249 395&hellip;\n","protected":false},"author":2,"featured_media":543981,"comment_status":"","ping_status":"","sticky":false,"template":"","format":"standard","meta":{"footnotes":""},"categories":[8],"tags":[548,58,59,1011,27,465,466],"class_list":{"0":"post-543980","1":"post","2":"type-post","3":"status-publish","4":"format-standard","5":"has-post-thumbnail","7":"category-divertissement","8":"tag-article-simple","9":"tag-divertissement","10":"tag-entertainment","11":"tag-fr","12":"tag-france","13":"tag-jean-luc-reichmann","14":"tag-les-12-coups-de-midi"},"share_on_mastodon":{"url":"https:\/\/pubeurope.com\/@fr\/115574597716916359","error":""},"_links":{"self":[{"href":"https:\/\/www.europesays.com\/fr\/wp-json\/wp\/v2\/posts\/543980","targetHints":{"allow":["GET"]}}],"collection":[{"href":"https:\/\/www.europesays.com\/fr\/wp-json\/wp\/v2\/posts"}],"about":[{"href":"https:\/\/www.europesays.com\/fr\/wp-json\/wp\/v2\/types\/post"}],"author":[{"embeddable":true,"href":"https:\/\/www.europesays.com\/fr\/wp-json\/wp\/v2\/users\/2"}],"replies":[{"embeddable":true,"href":"https:\/\/www.europesays.com\/fr\/wp-json\/wp\/v2\/comments?post=543980"}],"version-history":[{"count":0,"href":"https:\/\/www.europesays.com\/fr\/wp-json\/wp\/v2\/posts\/543980\/revisions"}],"wp:featuredmedia":[{"embeddable":true,"href":"https:\/\/www.europesays.com\/fr\/wp-json\/wp\/v2\/media\/543981"}],"wp:attachment":[{"href":"https:\/\/www.europesays.com\/fr\/wp-json\/wp\/v2\/media?parent=543980"}],"wp:term":[{"taxonomy":"category","embeddable":true,"href":"https:\/\/www.europesays.com\/fr\/wp-json\/wp\/v2\/categories?post=543980"},{"taxonomy":"post_tag","embeddable":true,"href":"https:\/\/www.europesays.com\/fr\/wp-json\/wp\/v2\/tags?post=543980"}],"curies":[{"name":"wp","href":"https:\/\/api.w.org\/{rel}","templated":true}]}}