{"id":543982,"date":"2025-11-19T04:59:18","date_gmt":"2025-11-19T04:59:18","guid":{"rendered":"https:\/\/www.europesays.com\/fr\/543982\/"},"modified":"2025-11-19T04:59:18","modified_gmt":"2025-11-19T04:59:18","slug":"apres-latterrissage-historique-voila-ce-qui-est-prevu-pour-la-fusee-geante-new-glenn-de-blue-origin","status":"publish","type":"post","link":"https:\/\/www.europesays.com\/fr\/543982\/","title":{"rendered":"Apr\u00e8s l&rsquo;atterrissage historique, voil\u00e0 ce qui est pr\u00e9vu pour la fus\u00e9e g\u00e9ante New Glenn de Blue Origin"},"content":{"rendered":"<p>Prochain arr\u00eat pour New Glenn : la Lune. Apr\u00e8s la r\u00e9ussite historique du retour sur Terre de son premier \u00e9tage, la fus\u00e9e g\u00e9ante de Blue Origin connait d\u00e9j\u00e0 son prochain objectif. Et s\u2019y pr\u00e9pare.<\/p>\n<p>Cela fait une petite semaine que Blue Origin a organis\u00e9 le <a href=\"https:\/\/www.numerama.com\/sciences\/2110113-suivez-en-direct-lenvol-de-la-fusee-geante-new-glenn-et-sa-tentative-de-retour-sur-terre.html\" target=\"_blank\" rel=\"noopener\">deuxi\u00e8me vol de sa fus\u00e9e g\u00e9ante New Glenn<\/a>. \u00c0 cette occasion, l\u2019entreprise spatiale fond\u00e9e par Jeff Bezos a r\u00e9ussi \u00e0 bien lancer la <a href=\"https:\/\/www.numerama.com\/sciences\/739027-4-choses-a-savoir-sur-escapade-la-prochaine-mission-de-la-nasa-sur-mars.html\" target=\"_blank\" rel=\"noopener\">mission Escapade vers Mars<\/a>, tout en <a href=\"https:\/\/www.numerama.com\/sciences\/2117503-blue-origin-a-reussi-le-retour-sur-terre-de-sa-fusee-new-glenn.html\" target=\"_blank\" rel=\"noopener\">r\u00e9cup\u00e9rant sans encombre le premier \u00e9tage du lanceur<\/a>, en vue d\u2019une future r\u00e9utilisation. Une capacit\u00e9 que seule SpaceX avait jusqu\u2019alors.<\/p>\n<p>Mais pas le temps de se reposer sur ses lauriers, car la suite va arriver assez rapidement. Sauf coup de th\u00e9\u00e2tre, c\u2019est en effet au premier trimestre 2026, peut-\u00eatre d\u00e8s janvier, que le troisi\u00e8me vol de New Glenn surviendra. Si cela se confirme, ce ne sera pas la <a href=\"https:\/\/www.numerama.com\/sciences\/748008-quest-ce-quune-planete.html\" data-popover-target=\"definition\" data-tag=\"Qu\u2019est-ce qu\u2019une plan\u00e8te\u00a0?\" data-chapo=\"On les compte sur les doigts des deux mains : Mercure, V\u00e9nus, la Terre, Mars, Jupiter, Saturne, Uranus et Neptune sont les plan\u00e8tes du Syst\u00e8me solaire. Mais qu&#039;est-ce qu&#039;une plan\u00e8te exactement ?\" data-image=\"https:\/\/c0.lestechnophiles.com\/www.numerama.com\/wp-content\/uploads\/2021\/09\/systeme-solaire-1024x576.jpg?key=c7ba0cf0\" target=\"_blank\" rel=\"noopener\">plan\u00e8te<\/a> rouge qui sera vis\u00e9e, mais <a href=\"https:\/\/www.numerama.com\/sciences\/743504-la-lune-tout-savoir-sur-le-satellite-naturel-de-la-terre.html\" data-popover-target=\"definition\" data-tag=\"La Lune\u00a0: tout savoir sur le satellite naturel de la Terre en 24 questions\" data-chapo=\"La Lune est l&#039;unique satellite naturel permanent de notre plan\u00e8te, qui tourne inlassablement autour d&#039;elle. Elle tient compagnie \u00e0 la Terre depuis 4,51 milliards d&#039;ann\u00e9es. La Lune est aussi l&#039;objet c\u00e9leste le plus explor\u00e9 de l&#039;espace par l&#039;humanit\u00e9.\" data-image=\"https:\/\/c0.lestechnophiles.com\/www.numerama.com\/wp-content\/uploads\/2023\/10\/lune-2023-1024x576.jpg?key=47829946\" target=\"_blank\" rel=\"noopener\">la Lune<\/a>, en vue d\u2019une d\u00e9monstration technique.<\/p>\n<p>Objectif Lune pour Blue Origin et sa fus\u00e9e New Glenn<\/p>\n<p>Blue Origin pr\u00e9voit de lancer sur le satellite naturel de la Terre un prototype d\u2019atterrisseur lunaire, appel\u00e9 Blue Moon. Ce vaisseau spatial, qui sera alors inhabit\u00e9, est en lice pour devenir la navette permettant de d\u00e9poser au sol des astronautes, et de les remonter dans la station spatiale qui sera plac\u00e9e en orbite autour de la Lune.<\/p>\n<p>Pour d\u00e9montrer qu\u2019elle peut tout \u00e0 fait assurer cette t\u00e2che, et parce que rien ne remplace un test en conditions r\u00e9elles, la soci\u00e9t\u00e9 va donc mobiliser une fus\u00e9e New Glenn \u00e0 cette fin. Et d\u2019ailleurs, la fus\u00e9e sera en principe form\u00e9e pour partie du premier \u00e9tage d\u00e9j\u00e0 utilis\u00e9 lors du deuxi\u00e8me vol. Cela, afin de tester simultan\u00e9ment un propulseur d\u00e9j\u00e0 employ\u00e9.<\/p>\n<p><a href=\"https:\/\/www.numerama.com\/wp-content\/uploads\/2025\/11\/new-glenn-booster.jpg\" target=\"_blank\" rel=\"noopener\"><img decoding=\"async\" width=\"1024\" height=\"473\" loading=\"lazy\" alt=\"new glenn booster\" title=\"new glenn booster\" class=\"wp-image-2120983 placeholder-default wp-image\" src=\"https:\/\/www.europesays.com\/fr\/wp-content\/uploads\/2025\/11\/new-glenn-booster-1024x473.jpg\" \/><\/a>Le propulseur, alors en chemin vers la terre ferme, apr\u00e8s avoir atterri. \/\/ Source : Blue Origin<\/p>\n<p>Est-ce que le booster, justement, sera pr\u00eat \u00e0 temps ? D\u2019apr\u00e8s Dave Limp, le patron de Blue Origin, interrog\u00e9 par <a href=\"https:\/\/arstechnica.com\/space\/2025\/11\/after-last-weeks-stunning-landing-heres-what-comes-next-for-blue-origin\/\" target=\"_blank\" rel=\"noreferrer noopener\">Ars Technica<\/a> le 17 novembre 2025, oui : le tir est toujours pr\u00e9vu au premier trimestre. Et dans le pire des cas, si le propulseur est trop d\u00e9grad\u00e9 pour revoler ou si sa remise en condition prend trop de temps, un autre exemplaire du premier \u00e9tage est presque finalis\u00e9.<\/p>\n<p>De son c\u00f4t\u00e9, l\u2019assemblage final du prototype Blue Moon surviendra bient\u00f4t, a pr\u00e9cis\u00e9 Dave Limp. L\u2019atterrisseur, qui est plus haut que le module lunaire Apollo utilis\u00e9 il y a plus de 55 ans, <a href=\"https:\/\/www.numerama.com\/sciences\/1545504-blue-origin-devoile-un-tout-nouvel-atterrisseur-pour-conquerir-la-lune.html\" target=\"_blank\" rel=\"noopener\">est appel\u00e9 \u00ab Mark 1 \u00bb<\/a>, pour signifier qu\u2019il s\u2019agit aujourd\u2019hui de la premi\u00e8re it\u00e9ration et que d\u2019autres viendront. <a href=\"https:\/\/www.nasa.gov\/event\/clps-flight-blue-origins-blue-moon-mark-1\/\" target=\"_blank\" rel=\"noreferrer noopener\">Le p\u00f4le Sud de la Lune sera sa destination<\/a>.<\/p>\n<p>    Pour aller plus loin<\/p>\n<p>                <img decoding=\"async\" width=\"87\" height=\"87\" loading=\"lazy\" alt=\"Source : Blue Origin\" title=\"Source : Blue Origin\" class=\"placeholder-default wp-image\" src=\"https:\/\/www.europesays.com\/fr\/wp-content\/uploads\/2025\/11\/new-glenn-blue-origin-200x200.jpg\" \/>            <\/p>\n<p>            <img decoding=\"async\" src=\"https:\/\/www.europesays.com\/fr\/wp-content\/uploads\/2025\/04\/iPhone-16-pro.png\" alt=\"Toute l'actu tech en un clien d'oeil\"\/><\/p>\n<p class=\"card-install-pwa__title\">Toute l&rsquo;actu tech en un clin d&rsquo;\u0153il<\/p>\n<p class=\"card-install-pwa__description\">Ajoutez Numerama \u00e0 votre \u00e9cran d&rsquo;accueil et restez connect\u00e9s au futur !<\/p>\n<p>            <img decoding=\"async\" src=\"https:\/\/www.numerama.com\/wp-content\/themes\/numerama-next\/assets\/images\/premium\/logo-card-pwa-coupe.svg\" alt=\"Logo PWA\"\/><\/p>\n<p>       Installer Numerama<\/p>\n<p class=\"title\">\n            Regardez le monde depuis l&rsquo;            <a href=\"https:\/\/www.numerama.com\/sciences\/espace\/\" target=\"_blank\" rel=\"noopener\"><br \/>\n                Espace            <\/a>\n        <\/p>\n","protected":false},"excerpt":{"rendered":"Prochain arr\u00eat pour New Glenn : la Lune. Apr\u00e8s la r\u00e9ussite historique du retour sur Terre de son&hellip;\n","protected":false},"author":2,"featured_media":543983,"comment_status":"","ping_status":"","sticky":false,"template":"","format":"standard","meta":{"footnotes":""},"categories":[7],"tags":[9002,1011,27,889,4506,64348,43,40,41,39,42,44],"class_list":{"0":"post-543982","1":"post","2":"type-post","3":"status-publish","4":"format-standard","5":"has-post-thumbnail","7":"category-sciences-et-technologies","8":"tag-blue-origin","9":"tag-fr","10":"tag-france","11":"tag-fusee","12":"tag-lune","13":"tag-new-glenn","14":"tag-science","15":"tag-science-and-technology","16":"tag-sciences","17":"tag-sciences-et-technologies","18":"tag-technologies","19":"tag-technology"},"share_on_mastodon":{"url":"https:\/\/pubeurope.com\/@fr\/115574603929589356","error":""},"_links":{"self":[{"href":"https:\/\/www.europesays.com\/fr\/wp-json\/wp\/v2\/posts\/543982","targetHints":{"allow":["GET"]}}],"collection":[{"href":"https:\/\/www.europesays.com\/fr\/wp-json\/wp\/v2\/posts"}],"about":[{"href":"https:\/\/www.europesays.com\/fr\/wp-json\/wp\/v2\/types\/post"}],"author":[{"embeddable":true,"href":"https:\/\/www.europesays.com\/fr\/wp-json\/wp\/v2\/users\/2"}],"replies":[{"embeddable":true,"href":"https:\/\/www.europesays.com\/fr\/wp-json\/wp\/v2\/comments?post=543982"}],"version-history":[{"count":0,"href":"https:\/\/www.europesays.com\/fr\/wp-json\/wp\/v2\/posts\/543982\/revisions"}],"wp:featuredmedia":[{"embeddable":true,"href":"https:\/\/www.europesays.com\/fr\/wp-json\/wp\/v2\/media\/543983"}],"wp:attachment":[{"href":"https:\/\/www.europesays.com\/fr\/wp-json\/wp\/v2\/media?parent=543982"}],"wp:term":[{"taxonomy":"category","embeddable":true,"href":"https:\/\/www.europesays.com\/fr\/wp-json\/wp\/v2\/categories?post=543982"},{"taxonomy":"post_tag","embeddable":true,"href":"https:\/\/www.europesays.com\/fr\/wp-json\/wp\/v2\/tags?post=543982"}],"curies":[{"name":"wp","href":"https:\/\/api.w.org\/{rel}","templated":true}]}}