{"id":543984,"date":"2025-11-19T05:00:40","date_gmt":"2025-11-19T05:00:40","guid":{"rendered":"https:\/\/www.europesays.com\/fr\/543984\/"},"modified":"2025-11-19T05:00:40","modified_gmt":"2025-11-19T05:00:40","slug":"pres-de-honfleur-oussama-ammar-veut-detruire-le-domaine-dablon-en-live-a-loccasion-dun-happening","status":"publish","type":"post","link":"https:\/\/www.europesays.com\/fr\/543984\/","title":{"rendered":"Pr\u00e8s de Honfleur, Oussama Ammar veut d\u00e9truire le Domaine d&rsquo;Ablon en live, \u00e0 l&rsquo;occasion d&rsquo;un \u00ab\u00a0happening\u00a0\u00bb"},"content":{"rendered":"<p>                    Par<br \/>\n        <strong><br \/>\n            <a href=\"https:\/\/actu.fr\/auteur\/francois-lefebvre\" title=\"Consulter tous les articles de Fran\u00e7ois Lefebvre\" rel=\"nofollow noopener\" target=\"_blank\">Fran\u00e7ois Lefebvre<\/a><br \/>\n                    <\/strong><\/p>\n<p>        Publi\u00e9 le<\/p>\n<p>            18 nov. 2025 \u00e0 17h41        <\/p>\n<p>\u00ab Un Happening qui c\u00e9l\u00e8bre l\u2019esprit pirate, la cr\u00e9ation et la libert\u00e9. \u00bb Sur son compte LinkedIn, <b>Oussama Ammar <\/b>a annonc\u00e9 ce vendredi 14 novembre 2025, sa volont\u00e9 de d\u00e9truire le <b>Domaine d\u2019Ablon<\/b>, un complexe h\u00f4telier de luxe situ\u00e9 \u00e0 Ablon, non loin de <a href=\"https:\/\/actu.fr\/normandie\/honfleur_14333\" rel=\"nofollow noopener\" target=\"_blank\">Honfleur<\/a> (Calvados). Une op\u00e9ration qui devrait se d\u00e9rouler <b>le 29 janvier 2025<\/b>, en live sur YouTube.<\/p>\n<p class=\" wall-content\">Cette d\u00e9cision troublante fait suite \u00e0 la confirmation <b>le 7 novembre 2025<\/b> par la <b>cour d\u2019appel de Nantes<\/b> de la mise en demeure de remettre \u00ab dans leur \u00e9tat initial \u00bb le terrain sur lequel a notamment \u00e9t\u00e9 construit ill\u00e9galement un manoir, une piscine, un abri de jardin, un mur de cl\u00f4ture et un portail d\u2019entr\u00e9e. Une d\u00e9molition en r\u00e8gle en somme.<\/p>\n<blockquote class=\"ac-article-quote wall-content\">\n<p>On est en France, je pourrais jouer la montre, [\u2026] c\u2019est un sport national. Mais je n\u2019ai pas envie. Je dis stop, je dis \u00e7a suffit.<\/p>\n<p>Oussama Ammar, homme d\u2019affaires<\/p><\/blockquote>\n<p class=\" wall-content\">\u00ab \u00c9tant respectueux de la Justice de mon pays, j\u2019ai d\u00e9cid\u00e9 de d\u00e9truire [le domaine d\u2019Ablon]. \u00bb Et Oussama Ammar de provoquer : \u00ab On va respecter la d\u00e9cision. Pierre apr\u00e8s pierre \u00bb.<\/p>\n<p>Vid\u00e9os : en ce moment sur Actu\u00ab\u00a0Une performance de quatre heures\u00a0\u00bb<\/p>\n<p class=\" wall-content\">Le live de l\u2019\u00e9v\u00e8nement est annonc\u00e9 comme une performance de quatre heures. \u00ab\u00a0Il y aura des interviews, de la musique, des surprises et beaucoup de bonne humeur. Car si la France est absurde, ce n\u2019est pas pour \u00e7a qu\u2019il faut finir d\u00e9prim\u00e9\u00a0\u00bb, assure Oussama Ammar.<\/p>\n<p class=\" wall-content\">Personnalisez votre actualit\u00e9 en ajoutant vos villes et m\u00e9dias en favori avec <a href=\"https:\/\/moncompte.actu.fr\" title=\"D\u00e9couvez Mon Actu\" rel=\"nofollow noopener\" data-trk=\"{&quot;cta&quot;:{&quot;action&quot;:&quot;https:\\\/\\\/moncompte.actu.fr&quot;,&quot;category&quot;:&quot;mon compte&quot;,&quot;from&quot;:&quot;article footer&quot;,&quot;name&quot;:&quot;Mon actu&quot;,&quot;type&quot;:&quot;cta&quot;}}\" target=\"_blank\">Mon Actu<\/a>.<\/p>\n","protected":false},"excerpt":{"rendered":"Par Fran\u00e7ois Lefebvre Publi\u00e9 le 18 nov. 2025 \u00e0 17h41 \u00ab Un Happening qui c\u00e9l\u00e8bre l\u2019esprit pirate, la&hellip;\n","protected":false},"author":2,"featured_media":543985,"comment_status":"","ping_status":"","sticky":false,"template":"","format":"standard","meta":{"footnotes":""},"categories":[6],"tags":[35,5164,33,34,1011,27,104],"class_list":{"0":"post-543984","1":"post","2":"type-post","3":"status-publish","4":"format-standard","5":"has-post-thumbnail","7":"category-economie","8":"tag-business","9":"tag-calvados","10":"tag-economie","11":"tag-economy","12":"tag-fr","13":"tag-france","14":"tag-societe"},"share_on_mastodon":{"url":"https:\/\/pubeurope.com\/@fr\/115574605394599563","error":""},"_links":{"self":[{"href":"https:\/\/www.europesays.com\/fr\/wp-json\/wp\/v2\/posts\/543984","targetHints":{"allow":["GET"]}}],"collection":[{"href":"https:\/\/www.europesays.com\/fr\/wp-json\/wp\/v2\/posts"}],"about":[{"href":"https:\/\/www.europesays.com\/fr\/wp-json\/wp\/v2\/types\/post"}],"author":[{"embeddable":true,"href":"https:\/\/www.europesays.com\/fr\/wp-json\/wp\/v2\/users\/2"}],"replies":[{"embeddable":true,"href":"https:\/\/www.europesays.com\/fr\/wp-json\/wp\/v2\/comments?post=543984"}],"version-history":[{"count":0,"href":"https:\/\/www.europesays.com\/fr\/wp-json\/wp\/v2\/posts\/543984\/revisions"}],"wp:featuredmedia":[{"embeddable":true,"href":"https:\/\/www.europesays.com\/fr\/wp-json\/wp\/v2\/media\/543985"}],"wp:attachment":[{"href":"https:\/\/www.europesays.com\/fr\/wp-json\/wp\/v2\/media?parent=543984"}],"wp:term":[{"taxonomy":"category","embeddable":true,"href":"https:\/\/www.europesays.com\/fr\/wp-json\/wp\/v2\/categories?post=543984"},{"taxonomy":"post_tag","embeddable":true,"href":"https:\/\/www.europesays.com\/fr\/wp-json\/wp\/v2\/tags?post=543984"}],"curies":[{"name":"wp","href":"https:\/\/api.w.org\/{rel}","templated":true}]}}