{"id":543993,"date":"2025-11-19T05:05:14","date_gmt":"2025-11-19T05:05:14","guid":{"rendered":"https:\/\/www.europesays.com\/fr\/543993\/"},"modified":"2025-11-19T05:05:14","modified_gmt":"2025-11-19T05:05:14","slug":"saint-etienne-garde-ses-trois-fleurs-et-veut-aller-plus-loin","status":"publish","type":"post","link":"https:\/\/www.europesays.com\/fr\/543993\/","title":{"rendered":"Saint-\u00c9tienne garde ses trois fleurs et veut aller plus loin"},"content":{"rendered":"<p>Saint-Etienne, ce sont 720 hectares d\u2019espaces verts, 15 grands parcs, plus de 80 squares ou jardins et 60\u00a0000 arbres intra-muros. Mais c\u2019est \u00e9galement une ville qui offre, en moyenne, un coin de verdure \u00e0 chacun de ses habitants \u00e0 moins de 300 m\u00e8tres de son habitation. Cette pr\u00e9sence de la nature en ville a \u00e9t\u00e9 reconnue en 2019 par l\u2019obtention de la troisi\u00e8me fleur au concours des Villes et villages fleuris de France.<\/p>\n<p>La Ville vient de c\u00e9l\u00e9brer le renouvellement de ce label qui accompagne les collectivit\u00e9s locales dans la cr\u00e9ation d\u2019un environnement plus harmonieux et plus durable. Cette distinction valorise une d\u00e9marche globale en faveur du cadre de vie en int\u00e9grant des enjeux \u00e9cologiques majeurs tels que la v\u00e9g\u00e9talisation des espaces publics, la protection de la biodiversit\u00e9 ou l\u2019adaptation au changement climatique.<\/p>\n<p>  \u00ab\u00a0Une reconnaissance du travail passionn\u00e9 et discret sur le terrain des agents municipaux\u00a0\u00bb<\/p>\n<p>La municipalit\u00e9 a d\u00e9cid\u00e9 de mettre \u00e0 l\u2019honneur ses agents en charge des espaces verts et ses cantonniers lors d\u2019une c\u00e9r\u00e9monie organis\u00e9e le 17\u00a0novembre car \u00ab\u00a0leur travail discret a un immense impact sur le bonheur des St\u00e9phanois\u00a0\u00bb, ainsi que l\u2019a soulign\u00e9 le maire de Saint-Etienne, Ga\u00ebl Perdriau. \u00ab\u00a0Il s\u2019agit d\u2019une reconnaissance du travail passionn\u00e9 et discret sur le terrain des agents municipaux, v\u00e9ritables sculpteurs de l\u2019espace public, pour embellir la ville.\u00a0\u00bb<\/p>\n<p>  Soixante-huit crit\u00e8res \u00e9valu\u00e9s<\/p>\n<p>Le jury national des Villes et villages fleuris de France a pass\u00e9 une journ\u00e9e \u00e0 sillonner Saint-Etienne afin de v\u00e9rifier qu\u2019elle offre un espace coh\u00e9rent et vivant \u00e0 ses habitants. Ce label est \u00ab\u00a0une r\u00e9compense pour les agents de la Ville\u00a0\u00bb, a pr\u00e9cis\u00e9 le maire car le renouvellement \u00e9tait loin d\u2019\u00eatre acquis. La grille d\u2019\u00e9valuation est, en effet, constitu\u00e9e de soixante-huit crit\u00e8res concrets afin de garantir une \u00e9valuation homog\u00e8ne, objective et progressive qui permet de situer les communes dans leur parcours de labellisation et de d\u00e9terminer le nombre de fleurs \u00e0 attribuer. Le label Villes et villages fleuris accompagne les collectivit\u00e9s dans leur transition vers un cadre de vie plus harmonieux et durable. Le renforcement de l\u2019attractivit\u00e9 r\u00e9sidentielle ou touristique est \u00e9galement pris en compte.<\/p>\n<p>L\u2019ambition de la Ville est maintenant de rejoindre les pr\u00e8s de 300 communes fran\u00e7aises qui arborent fi\u00e8rement la reconnaissance \u00ab\u00a0Quatre fleurs\u00a0\u00bb du label Villes et villages fleuris afin de montrer qu\u2019\u00e0 Saint-Etienne, le vert n\u2019est pas seulement une couleur mais une philosophie. \u00ab\u00a0Nous allons chercher la quatri\u00e8me fleur. Saint-Etienne en est capable. Ses agents \u00e9galement\u00a0\u00bb, conclut le maire.<\/p>\n","protected":false},"excerpt":{"rendered":"Saint-Etienne, ce sont 720 hectares d\u2019espaces verts, 15 grands parcs, plus de 80 squares ou jardins et 60\u00a0000&hellip;\n","protected":false},"author":2,"featured_media":543994,"comment_status":"","ping_status":"","sticky":false,"template":"","format":"standard","meta":{"footnotes":""},"categories":[9653],"tags":[1111,11,2430,7539,436,1777,674,1011,27,3367,12,25,4001,7538],"class_list":{"0":"post-543993","1":"post","2":"type-post","3":"status-publish","4":"format-standard","5":"has-post-thumbnail","7":"category-saint-etienne","8":"tag-actu","9":"tag-actualites","10":"tag-auvergne-rhone-alpes","11":"tag-edition-loire-sud","12":"tag-environnement","13":"tag-eu","14":"tag-europe","15":"tag-fr","16":"tag-france","17":"tag-loire","18":"tag-news","19":"tag-republique-francaise","20":"tag-saint-etienne","21":"tag-saint-etienne-ville"},"share_on_mastodon":{"url":"https:\/\/pubeurope.com\/@fr\/115574624979596466","error":""},"_links":{"self":[{"href":"https:\/\/www.europesays.com\/fr\/wp-json\/wp\/v2\/posts\/543993","targetHints":{"allow":["GET"]}}],"collection":[{"href":"https:\/\/www.europesays.com\/fr\/wp-json\/wp\/v2\/posts"}],"about":[{"href":"https:\/\/www.europesays.com\/fr\/wp-json\/wp\/v2\/types\/post"}],"author":[{"embeddable":true,"href":"https:\/\/www.europesays.com\/fr\/wp-json\/wp\/v2\/users\/2"}],"replies":[{"embeddable":true,"href":"https:\/\/www.europesays.com\/fr\/wp-json\/wp\/v2\/comments?post=543993"}],"version-history":[{"count":0,"href":"https:\/\/www.europesays.com\/fr\/wp-json\/wp\/v2\/posts\/543993\/revisions"}],"wp:featuredmedia":[{"embeddable":true,"href":"https:\/\/www.europesays.com\/fr\/wp-json\/wp\/v2\/media\/543994"}],"wp:attachment":[{"href":"https:\/\/www.europesays.com\/fr\/wp-json\/wp\/v2\/media?parent=543993"}],"wp:term":[{"taxonomy":"category","embeddable":true,"href":"https:\/\/www.europesays.com\/fr\/wp-json\/wp\/v2\/categories?post=543993"},{"taxonomy":"post_tag","embeddable":true,"href":"https:\/\/www.europesays.com\/fr\/wp-json\/wp\/v2\/tags?post=543993"}],"curies":[{"name":"wp","href":"https:\/\/api.w.org\/{rel}","templated":true}]}}