{"id":544005,"date":"2025-11-19T05:17:37","date_gmt":"2025-11-19T05:17:37","guid":{"rendered":"https:\/\/www.europesays.com\/fr\/544005\/"},"modified":"2025-11-19T05:17:37","modified_gmt":"2025-11-19T05:17:37","slug":"forme-au-rc-lens-benjamin-gomel-pas-recompense-en-national-2","status":"publish","type":"post","link":"https:\/\/www.europesays.com\/fr\/544005\/","title":{"rendered":"Form\u00e9 au RC Lens, Benjamin Gomel pas r\u00e9compens\u00e9 en National"},"content":{"rendered":"<p>Form\u00e9 au <strong>RC Lens<\/strong> et milieu offensif du FC Sochaux depuis l\u2019\u00e9t\u00e9 dernier, <strong>Benjamin Gomel<\/strong> concourrait pour le troph\u00e9e de meilleur joueur de National en octobre. Mais il a finalement \u00e9t\u00e9 devanc\u00e9.<\/p>\n<p>C\u2019est le d\u00e9fenseur du FC Rouen <a href=\"https:\/\/onefootball.com\/pt-br\/jogador\/clement-bassin-234117\" rel=\"nofollow noopener\" target=\"_blank\">Cl\u00e9ment Bassin<\/a> qui a \u00e9t\u00e9 d\u00e9sign\u00e9 par le public avec 48,87% des votes. <a href=\"https:\/\/onefootball.com\/pt-br\/jogador\/benjamin-gomel-230641\" rel=\"nofollow noopener\" target=\"_blank\">Benjamin Gomel<\/a> n\u2019a pas \u00e0 rougir avec une 2e place atteinte gr\u00e2ce \u00e0 27,30% des voix. Le Dijonnais Adel Lambezat (22,09%) et <a href=\"https:\/\/onefootball.com\/pt-br\/jogador\/jordan-tell-206859\" rel=\"nofollow noopener\" target=\"_blank\">Jordan Tell<\/a> (Concarneau, 1,74% des votes) \u00e9taient les autres nomm\u00e9s. Arriv\u00e9 dans le Doubs en provenance de Nancy, <a href=\"https:\/\/onefootball.com\/pt-br\/jogador\/benjamin-gomel-230641\" rel=\"nofollow noopener\" target=\"_blank\">Benjamin Gomel<\/a> a sign\u00e9 5 buts (dont 3 en octobre) et une passe d\u00e9cisive depuis le d\u00e9but de la saison en National.<\/p>\n","protected":false},"excerpt":{"rendered":"Form\u00e9 au RC Lens et milieu offensif du FC Sochaux depuis l\u2019\u00e9t\u00e9 dernier, Benjamin Gomel concourrait pour le&hellip;\n","protected":false},"author":2,"featured_media":544006,"comment_status":"","ping_status":"","sticky":false,"template":"","format":"standard","meta":{"footnotes":""},"categories":[9587],"tags":[1111,11,1777,674,1011,27,12,5161,25,9590],"class_list":{"0":"post-544005","1":"post","2":"type-post","3":"status-publish","4":"format-standard","5":"has-post-thumbnail","7":"category-rouen","8":"tag-actu","9":"tag-actualites","10":"tag-eu","11":"tag-europe","12":"tag-fr","13":"tag-france","14":"tag-news","15":"tag-normandie","16":"tag-republique-francaise","17":"tag-rouen"},"share_on_mastodon":{"url":"https:\/\/pubeurope.com\/@fr\/115574672240063492","error":""},"_links":{"self":[{"href":"https:\/\/www.europesays.com\/fr\/wp-json\/wp\/v2\/posts\/544005","targetHints":{"allow":["GET"]}}],"collection":[{"href":"https:\/\/www.europesays.com\/fr\/wp-json\/wp\/v2\/posts"}],"about":[{"href":"https:\/\/www.europesays.com\/fr\/wp-json\/wp\/v2\/types\/post"}],"author":[{"embeddable":true,"href":"https:\/\/www.europesays.com\/fr\/wp-json\/wp\/v2\/users\/2"}],"replies":[{"embeddable":true,"href":"https:\/\/www.europesays.com\/fr\/wp-json\/wp\/v2\/comments?post=544005"}],"version-history":[{"count":0,"href":"https:\/\/www.europesays.com\/fr\/wp-json\/wp\/v2\/posts\/544005\/revisions"}],"wp:featuredmedia":[{"embeddable":true,"href":"https:\/\/www.europesays.com\/fr\/wp-json\/wp\/v2\/media\/544006"}],"wp:attachment":[{"href":"https:\/\/www.europesays.com\/fr\/wp-json\/wp\/v2\/media?parent=544005"}],"wp:term":[{"taxonomy":"category","embeddable":true,"href":"https:\/\/www.europesays.com\/fr\/wp-json\/wp\/v2\/categories?post=544005"},{"taxonomy":"post_tag","embeddable":true,"href":"https:\/\/www.europesays.com\/fr\/wp-json\/wp\/v2\/tags?post=544005"}],"curies":[{"name":"wp","href":"https:\/\/api.w.org\/{rel}","templated":true}]}}