{"id":544007,"date":"2025-11-19T05:18:57","date_gmt":"2025-11-19T05:18:57","guid":{"rendered":"https:\/\/www.europesays.com\/fr\/544007\/"},"modified":"2025-11-19T05:18:57","modified_gmt":"2025-11-19T05:18:57","slug":"cyrielle-chatelain-apporte-son-soutien-a-la-liste-dantar-labiod","status":"publish","type":"post","link":"https:\/\/www.europesays.com\/fr\/544007\/","title":{"rendered":"Cyrielle Chatelain apporte son soutien \u00e0 la liste d\u2019Antar Labiod"},"content":{"rendered":"<p>La d\u00e9put\u00e9e de la 2e\u00a0circonscription de l\u2019Is\u00e8re (qui couvre notamment les communes d\u2019\u00c9chirolles, Eybens, Saint-Martin-d\u2019H\u00e8res et une grosse partie de l\u2019ex canton de Vizille) vient d\u2019apporter son soutien, pour les municipales 2026, \u00e0 la<a href=\"https:\/\/www.ledauphine.com\/elections\/2025\/09\/29\/ouvrir-une-nouvelle-page-le-parti-echirolles-a-venir-rassemble-des-elus-de-gauche-et-les-ecologistes\" target=\"_blank\" rel=\"noopener\"> liste \u00c9chirolles A\u2019venir<\/a>, port\u00e9e par Antar Labiod.<\/p>\n<p><a href=\"https:\/\/www.ledauphine.com\/p\/cyrielle-chatelain\" target=\"_blank\" rel=\"noopener\">Cyrielle Chatelain<\/a> estime que cette liste \u00ab\u00a0travaille \u00e0 construire un projet pour la ville d\u2019\u00c9chirolles autour des id\u00e9es, des envies et des espoirs des habitants. \u00c0 la rencontre des \u00c9chirollois, cette \u00e9quipe souhaite construire une ville qui r\u00e9ponde \u00e0 leurs besoins, une ville vivante et accueillante \u00e0 leur image. Les \u00c9cologistes s\u2019inscrivent dans cette d\u00e9marche et j\u2019apporte mon plein soutien \u00e0 \u00c9chirolles A\u2019venir\u00a0\u00bb, \u00e9crit celle qui est aussi pr\u00e9sidente du groupe \u00e9cologiste \u00e0 l\u2019Assembl\u00e9e.<\/p>\n<p>Et d\u2019ajouter qu\u2019elle est \u00ab\u00a0fortement attach\u00e9e \u00e0 l\u2019union de la gauche et des \u00e9cologistes\u00a0\u00bb, et qu\u2019elle continuera donc \u00ab\u00a0\u00e0 \u0153uvrer, localement et \u00e0 l\u2019Assembl\u00e9e, pour que cette dynamique s\u2019\u00e9largisse et pour repr\u00e9senter au mieux les \u00c9chirollois\u00a0\u00bb.<\/p>\n","protected":false},"excerpt":{"rendered":"La d\u00e9put\u00e9e de la 2e\u00a0circonscription de l\u2019Is\u00e8re (qui couvre notamment les communes d\u2019\u00c9chirolles, Eybens, Saint-Martin-d\u2019H\u00e8res et une grosse&hellip;\n","protected":false},"author":2,"featured_media":544008,"comment_status":"","ping_status":"","sticky":false,"template":"","format":"standard","meta":{"footnotes":""},"categories":[9566],"tags":[1111,11,2430,9852,9853,112,113,4188,1777,674,12390,1011,27,2731,108,3539,12,316,25,9448,35595],"class_list":{"0":"post-544007","1":"post","2":"type-post","3":"status-publish","4":"format-standard","5":"has-post-thumbnail","7":"category-grenoble","8":"tag-actu","9":"tag-actualites","10":"tag-auvergne-rhone-alpes","11":"tag-echirolles","12":"tag-echirolles-bassin","13":"tag-edition-grenoble-agglomeration","14":"tag-edition-gresivaudan-oisans","15":"tag-elections-municipales","16":"tag-eu","17":"tag-europe","18":"tag-eybens","19":"tag-fr","20":"tag-france","21":"tag-grenoble","22":"tag-isere","23":"tag-les-ecologistes","24":"tag-news","25":"tag-politique","26":"tag-republique-francaise","27":"tag-saint-martin-dheres","28":"tag-vizille"},"share_on_mastodon":{"url":"https:\/\/pubeurope.com\/@fr\/115574679986686141","error":""},"_links":{"self":[{"href":"https:\/\/www.europesays.com\/fr\/wp-json\/wp\/v2\/posts\/544007","targetHints":{"allow":["GET"]}}],"collection":[{"href":"https:\/\/www.europesays.com\/fr\/wp-json\/wp\/v2\/posts"}],"about":[{"href":"https:\/\/www.europesays.com\/fr\/wp-json\/wp\/v2\/types\/post"}],"author":[{"embeddable":true,"href":"https:\/\/www.europesays.com\/fr\/wp-json\/wp\/v2\/users\/2"}],"replies":[{"embeddable":true,"href":"https:\/\/www.europesays.com\/fr\/wp-json\/wp\/v2\/comments?post=544007"}],"version-history":[{"count":0,"href":"https:\/\/www.europesays.com\/fr\/wp-json\/wp\/v2\/posts\/544007\/revisions"}],"wp:featuredmedia":[{"embeddable":true,"href":"https:\/\/www.europesays.com\/fr\/wp-json\/wp\/v2\/media\/544008"}],"wp:attachment":[{"href":"https:\/\/www.europesays.com\/fr\/wp-json\/wp\/v2\/media?parent=544007"}],"wp:term":[{"taxonomy":"category","embeddable":true,"href":"https:\/\/www.europesays.com\/fr\/wp-json\/wp\/v2\/categories?post=544007"},{"taxonomy":"post_tag","embeddable":true,"href":"https:\/\/www.europesays.com\/fr\/wp-json\/wp\/v2\/tags?post=544007"}],"curies":[{"name":"wp","href":"https:\/\/api.w.org\/{rel}","templated":true}]}}