{"id":544010,"date":"2025-11-19T05:22:11","date_gmt":"2025-11-19T05:22:11","guid":{"rendered":"https:\/\/www.europesays.com\/fr\/544010\/"},"modified":"2025-11-19T05:22:11","modified_gmt":"2025-11-19T05:22:11","slug":"30-000-arbres-devaient-etre-plantes-a-rennes-au-cours-du-deuxieme-mandat-de-nathalie-appere-la-promesse-a-t-elle-ete-tenue","status":"publish","type":"post","link":"https:\/\/www.europesays.com\/fr\/544010\/","title":{"rendered":"30\u00a0000 arbres devaient \u00eatre plant\u00e9s \u00e0 Rennes au cours du deuxi\u00e8me mandat de Nathalie App\u00e9r\u00e9\u00a0: la promesse a-t-elle \u00e9t\u00e9 tenue\u00a0?"},"content":{"rendered":"<p>L\u2019image \u00e9tait pourtant belle. Des \u00ab structures v\u00e9g\u00e9tales innovantes et mobiles sur les places bitum\u00e9es \u00bb pos\u00e9es sur l\u2019esplanade De Gaulle ou la place Hoche. <a href=\"https:\/\/www.letelegramme.fr\/ille-et-vilaine\/rennes-35000\/les-dix-mesures-phares-du-programme-de-nathalie-appere-133928.php\" target=\"_blank\" rel=\"noopener\">C\u2019\u00e9tait ce que promettait l\u2019alliance \u00e9lectorale entre PS et \u00e9cologistes en 2020<\/a>. Malheureusement, ces \u00ab structures innovantes \u00bb en pot se sont heurt\u00e9es \u00e0 un probl\u00e8me vieux comme le jardinage : il fallait les arroser. Or Rennes \u00ab est de plus en plus confront\u00e9e \u00e0 des \u00e9pisodes de s\u00e9cheresse \u00bb et \u00e0 des restrictions d\u2019eau, regrette la municipalit\u00e9. Ne reste qu\u2019un \u00ab dispositif d\u2019ombrage \u00e9ph\u00e9m\u00e8re \u00bb en plastique tendu au-dessus de la rue Le Bastard pour rafra\u00eechir les pi\u00e9tons. Autre oubli\u00e9 : le \u00ab grand parc en r\u00e9seau \u00bb qui devait relier \u00ab tous les quartiers \u00bb et ne s\u2019inscrit d\u00e9sormais plus que \u00ab dans la requalification du Blosne-est et de la Zac Maurepas-Gayeulles \u00bb.<\/p>\n<p>Le dernier mandat de Nathalie App\u00e9r\u00e9 a \u00e9t\u00e9 marqu\u00e9 par les records de chaleur : 9 \u00b0C d\u2019\u00e9cart de temp\u00e9rature entre le centre-ville et la campagne en juillet 2022<a href=\"https:\/\/www.letelegramme.fr\/ille-et-vilaine\/rennes-35000\/trop-de-nuits-tropicales-a-rennes-comment-la-ville-veut-gagner-des-degres-au-centre-6510682.php\" target=\"_blank\" rel=\"noopener\">, treize nuits dites \u00ab tropicales \u00bb enregistr\u00e9es au m\u00eame endroit en 2023\u2026<\/a> C\u2019est le principe <a href=\"https:\/\/www.letelegramme.fr\/bretagne\/ilots-de-chaleur-pourquoi-ces-quartiers-de-centre-ville-en-bretagne-risquent-la-surchauffe-cartes-6838850.php\" target=\"_blank\" rel=\"noopener\">de l\u2019\u00eelot de chaleur urbain (ICU)<\/a> : l\u00e0 o\u00f9 l\u2019eau et l\u2019herbe manquent, le chaud s\u2019accumule pendant la journ\u00e9e et se lib\u00e8re la nuit. Contribuant \u00e0 rendre l\u2019atmosph\u00e8re suffocante. \u00ab Plusieurs \u00e9tudes ont estim\u00e9 que l\u2019ICU augmentait le risque de mortalit\u00e9 pendant les vagues de chaleur \u00bb, rel\u00e8ve le minist\u00e8re de la Sant\u00e9.<\/p>\n<p>30 000 arbres, promesse tenue ?<\/p>\n<p>Pour rafra\u00eechir la capitale bretonne, la majorit\u00e9 brandissait une autre promesse embl\u00e9matique : <a href=\"https:\/\/www.letelegramme.fr\/ille-et-vilaine\/rennes-35000\/30-000-arbres-plantes-a-rennes-d-ici-a-2026-ou-en-est-on-299495.php\" target=\"_blank\" rel=\"noopener\">planter plus de 30 000 arbres<\/a>. C\u2019est (presque) chose faite : le rapport 2025 de la Charte municipale de l\u2019arbre en compte 24 195, soit un accroissement d\u2019environ 19 % depuis 2020, m\u00eame en int\u00e9grant les sp\u00e9cimens abattus. \u00ab Seuls \u00bb 500 ont \u00e9t\u00e9 plant\u00e9s dans le centre, dont 200 en bord de Vilaine o\u00f9 ils ne g\u00eanaient ni les tuyaux, ni le stationnement, ni la vue. \u00ab Ces engagements de campagne ne sont pas des actions isol\u00e9es \u00bb, pr\u00e9vient la majorit\u00e9 sortante. \u00ab Ils s\u2019inscrivent dans une strat\u00e9gie plus globale. \u00bb Comme rendre les sols perm\u00e9ables aux eaux de pluie (une mesure importante mais moins visible), cr\u00e9er des trames v\u00e9g\u00e9talis\u00e9es le long des entr\u00e9es de ville, ou planter des esp\u00e8ces \u00ab adapt\u00e9es et plus r\u00e9sistantes au changement climatique \u00bb.<\/p>\n","protected":false},"excerpt":{"rendered":"L\u2019image \u00e9tait pourtant belle. Des \u00ab structures v\u00e9g\u00e9tales innovantes et mobiles sur les places bitum\u00e9es \u00bb pos\u00e9es sur&hellip;\n","protected":false},"author":2,"featured_media":544011,"comment_status":"","ping_status":"","sticky":false,"template":"","format":"standard","meta":{"footnotes":""},"categories":[2821],"tags":[1111,11,829,2761,1777,674,1011,27,848,12,3364,584,25,10810],"class_list":{"0":"post-544010","1":"post","2":"type-post","3":"status-publish","4":"format-standard","5":"has-post-thumbnail","7":"category-rennes","8":"tag-actu","9":"tag-actualites","10":"tag-bretagne","11":"tag-elections-municipales-2026","12":"tag-eu","13":"tag-europe","14":"tag-fr","15":"tag-france","16":"tag-ille-et-vilaine","17":"tag-news","18":"tag-politique-a-rennes","19":"tag-rennes","20":"tag-republique-francaise","21":"tag-urbanisme-a-rennes"},"share_on_mastodon":{"url":"https:\/\/pubeurope.com\/@fr\/115574691827903468","error":""},"_links":{"self":[{"href":"https:\/\/www.europesays.com\/fr\/wp-json\/wp\/v2\/posts\/544010","targetHints":{"allow":["GET"]}}],"collection":[{"href":"https:\/\/www.europesays.com\/fr\/wp-json\/wp\/v2\/posts"}],"about":[{"href":"https:\/\/www.europesays.com\/fr\/wp-json\/wp\/v2\/types\/post"}],"author":[{"embeddable":true,"href":"https:\/\/www.europesays.com\/fr\/wp-json\/wp\/v2\/users\/2"}],"replies":[{"embeddable":true,"href":"https:\/\/www.europesays.com\/fr\/wp-json\/wp\/v2\/comments?post=544010"}],"version-history":[{"count":0,"href":"https:\/\/www.europesays.com\/fr\/wp-json\/wp\/v2\/posts\/544010\/revisions"}],"wp:featuredmedia":[{"embeddable":true,"href":"https:\/\/www.europesays.com\/fr\/wp-json\/wp\/v2\/media\/544011"}],"wp:attachment":[{"href":"https:\/\/www.europesays.com\/fr\/wp-json\/wp\/v2\/media?parent=544010"}],"wp:term":[{"taxonomy":"category","embeddable":true,"href":"https:\/\/www.europesays.com\/fr\/wp-json\/wp\/v2\/categories?post=544010"},{"taxonomy":"post_tag","embeddable":true,"href":"https:\/\/www.europesays.com\/fr\/wp-json\/wp\/v2\/tags?post=544010"}],"curies":[{"name":"wp","href":"https:\/\/api.w.org\/{rel}","templated":true}]}}