{"id":544020,"date":"2025-11-19T05:30:39","date_gmt":"2025-11-19T05:30:39","guid":{"rendered":"https:\/\/www.europesays.com\/fr\/544020\/"},"modified":"2025-11-19T05:30:39","modified_gmt":"2025-11-19T05:30:39","slug":"lecole-des-beaux-arts-secouee-par-des-denonciations-dagressions-sexuelles-et-sexistes","status":"publish","type":"post","link":"https:\/\/www.europesays.com\/fr\/544020\/","title":{"rendered":"L\u2019\u00e9cole des Beaux-Arts secou\u00e9e par des d\u00e9nonciations d\u2019agressions sexuelles et sexistes"},"content":{"rendered":"<p>Des comportements inappropri\u00e9s\u00a0? Depuis quelques semaines, des t\u00e9moignages d\u2019\u00e9l\u00e8ves de l\u2019\u00e9cole des Beaux-Arts de Nantes d\u00e9noncent des faits <a href=\"https:\/\/www.20minutes.fr\/dossier\/agression_sexuelle\" class=\"c-link c-link--is-underlined\" target=\"_blank\" rel=\"noopener\">d\u2019agressions sexuelles<\/a> ou d\u2019allusions sexistes de la part d\u2019enseignants ou d\u2019\u00e9l\u00e8ves de cet \u00e9tablissement accueillant environ 500 \u00e9tudiants. <a href=\"https:\/\/agence-api.ouest-france.fr\/pays-de-la-loire\/loire-atlantique\/info-api-news-apres-un-flot-de-signalements-l-ecole-des-beaux-arts-de-nantes-secouee-par-la-vague-metoo-1729650a-2226-49d8-87cc-f95dde44a6f5\" rel=\"nofollow noopener\" target=\"_blank\" class=\"c-link c-link--is-underlined\">D\u2019apr\u00e8s API News<\/a> qui r\u00e9v\u00e8le l\u2019affaire, une douzaine de t\u00e9moignages de faits portant sur la p\u00e9riode 2024-2025 ont \u00e9t\u00e9 enregistr\u00e9s par la direction de l\u2019\u00e9cole implant\u00e9e \u00e0 <a href=\"https:\/\/www.20minutes.fr\/nantes\/\" class=\"c-link c-link--is-underlined\" target=\"_blank\" rel=\"noopener\">Nantes<\/a> et <a href=\"https:\/\/www.20minutes.fr\/economie\/saint-nazaire\/\" class=\"c-link c-link--is-underlined\" target=\"_blank\" rel=\"noopener\">Saint-Nazaire<\/a> (Loire-Atlantique).<\/p>\n<p>Cons\u00e9quence\u00a0: un professeur d\u2019enseignement artistique a \u00e9t\u00e9 pouss\u00e9 vers une retraite anticip\u00e9e pour des faits semblant relever de l\u2019agression sexuelle. Trois autres enseignants \u00ab\u00a0ont \u00e9t\u00e9 recadr\u00e9s\u00a0\u00bb, ajoutent nos confr\u00e8res.<\/p>\n<p>Une enqu\u00eate qui prend du temps<\/p>\n<p>Contact\u00e9 par 20 Minutes, le procureur de la R\u00e9publique de Nantes confirme qu\u2019une enqu\u00eate avait \u00e9t\u00e9 ouverte en\u00a02024 apr\u00e8s la d\u00e9nonciation de faits visant l\u2019enseignant qui a \u00e9t\u00e9 sanctionn\u00e9 et qui \u00ab\u00a0ne travaille plus dans cette \u00e9cole\u00a0\u00bb. Antoine Leroy pr\u00e9cise que l\u2019enqu\u00eate est toujours en cours et prend du temps, notamment parce que \u00ab\u00a0les \u00e9tudiants susceptibles d\u2019avoir \u00e9t\u00e9 victimes n\u2019habitent plus n\u00e9cessairement \u00e0 Nantes\u00a0\u00bb.<\/p>\n<\/p>\n<p>D\u2019apr\u00e8s API News, l\u2019\u00e9cole des Beaux-Arts fait appel \u00e0 une cellule sp\u00e9cialis\u00e9e de l\u2019universit\u00e9 de Nantes, o\u00f9 officient des psychologues form\u00e9s \u00e0 l\u2019\u00e9coute de victimes de <a href=\"https:\/\/www.20minutes.fr\/societe\/violences-sexuelles-sexistes\/\" class=\"c-link c-link--is-underlined\" target=\"_blank\" rel=\"noopener\">violences sexuelles et sexistes<\/a>. Des r\u00e9f\u00e9rents ont \u00e9galement \u00e9t\u00e9 nomm\u00e9s au sein de l\u2019\u00e9tablissement.<\/p>\n","protected":false},"excerpt":{"rendered":"Des comportements inappropri\u00e9s\u00a0? Depuis quelques semaines, des t\u00e9moignages d\u2019\u00e9l\u00e8ves de l\u2019\u00e9cole des Beaux-Arts de Nantes d\u00e9noncent des faits&hellip;\n","protected":false},"author":2,"featured_media":544021,"comment_status":"","ping_status":"","sticky":false,"template":"","format":"standard","meta":{"footnotes":""},"categories":[2818],"tags":[1111,47,11,1267,14981,1122,1777,674,118,1011,27,3047,5686,766,12,2636,25,3272,7434],"class_list":{"0":"post-544020","1":"post","2":"type-post","3":"status-publish","4":"format-standard","5":"has-post-thumbnail","7":"category-nantes","8":"tag-actu","9":"tag-actualite","10":"tag-actualites","11":"tag-agression-sexuelle","12":"tag-beaux-arts","13":"tag-ecole","14":"tag-eu","15":"tag-europe","16":"tag-faits-divers","17":"tag-fr","18":"tag-france","19":"tag-loire-atlantique","20":"tag-metoo","21":"tag-nantes","22":"tag-news","23":"tag-pays-de-la-loire","24":"tag-republique-francaise","25":"tag-saint-nazaire","26":"tag-violences-sexuelles-et-sexistes"},"share_on_mastodon":{"url":"https:\/\/pubeurope.com\/@fr\/115574723304367471","error":""},"_links":{"self":[{"href":"https:\/\/www.europesays.com\/fr\/wp-json\/wp\/v2\/posts\/544020","targetHints":{"allow":["GET"]}}],"collection":[{"href":"https:\/\/www.europesays.com\/fr\/wp-json\/wp\/v2\/posts"}],"about":[{"href":"https:\/\/www.europesays.com\/fr\/wp-json\/wp\/v2\/types\/post"}],"author":[{"embeddable":true,"href":"https:\/\/www.europesays.com\/fr\/wp-json\/wp\/v2\/users\/2"}],"replies":[{"embeddable":true,"href":"https:\/\/www.europesays.com\/fr\/wp-json\/wp\/v2\/comments?post=544020"}],"version-history":[{"count":0,"href":"https:\/\/www.europesays.com\/fr\/wp-json\/wp\/v2\/posts\/544020\/revisions"}],"wp:featuredmedia":[{"embeddable":true,"href":"https:\/\/www.europesays.com\/fr\/wp-json\/wp\/v2\/media\/544021"}],"wp:attachment":[{"href":"https:\/\/www.europesays.com\/fr\/wp-json\/wp\/v2\/media?parent=544020"}],"wp:term":[{"taxonomy":"category","embeddable":true,"href":"https:\/\/www.europesays.com\/fr\/wp-json\/wp\/v2\/categories?post=544020"},{"taxonomy":"post_tag","embeddable":true,"href":"https:\/\/www.europesays.com\/fr\/wp-json\/wp\/v2\/tags?post=544020"}],"curies":[{"name":"wp","href":"https:\/\/api.w.org\/{rel}","templated":true}]}}