{"id":544029,"date":"2025-11-19T05:37:06","date_gmt":"2025-11-19T05:37:06","guid":{"rendered":"https:\/\/www.europesays.com\/fr\/544029\/"},"modified":"2025-11-19T05:37:06","modified_gmt":"2025-11-19T05:37:06","slug":"eric-serra-se-produira-au-zenith-de-lille-le-samedi-14-novembre-2026","status":"publish","type":"post","link":"https:\/\/www.europesays.com\/fr\/544029\/","title":{"rendered":"\u00c9ric Serra se produira au Z\u00e9nith de Lille le samedi 14 novembre 2026"},"content":{"rendered":"<p style=\"text-align: left;\"><strong>Samedi 14 novembre 2026 \u00e0 20h <\/strong>le <strong>Z\u00e9nith de Lille <\/strong>accueillera le concert <strong>\u00ab \u00c9ric Serra Live \u00bb !<\/strong><strong><br \/><\/strong><\/p>\n<\/p>\n<p style=\"text-align: justify;\">Un retour \u00e0 la sc\u00e8ne comme \u00e9vidence<br \/><strong>Compositeur, explorateur du son<\/strong> et <strong>figure majeure de la musique de film,<\/strong> <strong>\u00c9ric Serra<\/strong> fa\u00e7onne depuis <strong>plus de quatre d\u00e9cennies <\/strong>une <strong>\u0153uvre singuli\u00e8re, <\/strong>\u00e0 la crois\u00e9e du <strong>rock,<\/strong> de <strong>l\u2019\u00e9lectronique<\/strong> et du <strong>symphonique.<\/strong><\/p>\n<p style=\"text-align: justify;\"><strong>Compagnon de route <\/strong>de <strong>Luc Besson<\/strong> depuis Le Dernier combat (1983), il a <strong>r\u00e9invent\u00e9 la bande originale fran\u00e7aise, <\/strong>en la rendant<strong> organique, instinctive <\/strong>et <strong>profond\u00e9ment humaine.<\/strong><\/p>\n<p style=\"text-align: justify;\">De Subway au Grand Bleu, de GoldenEye \u00e0 Jeanne d\u2019Arc, <strong>\u00c9ric Serra<\/strong> a impos\u00e9 <strong>un son imm\u00e9diatement reconnaissable :<\/strong> fusion entre <strong>groove urbain, puissance orchestrale<\/strong> et <strong>po\u00e9sie lumineuse,<\/strong> <strong>mixant instruments acoustiques, synth\u00e9tiseurs<\/strong> et <strong>textures \u00e9lectroniques.<\/strong><\/p>\n<p style=\"text-align: justify;\"><strong>Sa musique<\/strong> <strong>transcende les images<\/strong> et<strong> raconte toujours la m\u00eame histoire :<\/strong> celle d\u2019un <strong>artisan qui fait souffler un vent de libert\u00e9<\/strong> sur <strong>l\u2019univers des musiques de films.<\/strong><\/p>\n<p style=\"text-align: justify;\">\u00c9ric Serra Live : une plong\u00e9e immersive dans une vie de cr\u00e9ation<br \/><strong>Apr\u00e8s le succ\u00e8s de sa derni\u00e8re tourn\u00e9e de cin\u00e9-concerts<\/strong> avec Le Grand Bleu en 2023, il revient en 2026 pour <strong>c\u00e9l\u00e9brer 45 ans de cr\u00e9ation,<\/strong> <strong>de cin\u00e9ma<\/strong> et <strong>de libert\u00e9 musicale<\/strong> avec <strong>\u00c9ric Serra Live.<\/strong><\/p>\n<p style=\"text-align: justify;\"><strong>17 dates en province<\/strong> et <strong>un final \u00e0 Paris,<\/strong> pour<strong> une date exceptionnelle \u00e0 l\u2019Accor Arena.<\/strong><\/p>\n<p style=\"text-align: justify;\"><strong>L\u2019artiste<\/strong> propose<strong> un voyage musical <\/strong>et <strong>visuel \u00e0 travers son univers. Sur sc\u00e8ne,<\/strong> il sera tour \u00e0 tour <strong>bassiste, chanteur<\/strong> et <strong>chef d\u2019orchestre, <\/strong>entour\u00e9 de ses <strong>fid\u00e8les musiciens.<\/strong><\/p>\n<p style=\"text-align: justify;\">Ce <strong>spectacle <\/strong>revisite ses<strong> \u0153uvres embl\u00e9matiques<\/strong> dans <strong>une version repens\u00e9e, immersive<\/strong> et <strong>contemporaine.<\/strong><\/p>\n<p style=\"text-align: justify;\">Con\u00e7u comme <strong>une c\u00e9l\u00e9bration du son<\/strong> et <strong>de la lumi\u00e8re,<\/strong> <strong>\u00c9ric Serra Live<\/strong> m\u00eale <strong>rythmes \u00e9lectroniques, cordes, cuivres, voix\u2026\u00a0<\/strong><\/p>\n<p style=\"text-align: justify;\">A travers ce <strong>nouveau spectacle, \u00c9ric Serra<\/strong> ne cherche pas \u00e0 reproduire :<strong> il r\u00e9invente. <\/strong>Sa<strong> musique vit, respire, pulse.<\/strong> C\u2019est <strong>une \u00e9motion brute,<\/strong> <strong>un son visc\u00e9ral.<\/strong><\/p>\n<p><img loading=\"lazy\" decoding=\"async\" class=\"alignnone size-full wp-image-13185 tie-appear\" src=\"https:\/\/www.europesays.com\/fr\/wp-content\/uploads\/2025\/10\/1761856156_880_arrow.png\" alt=\"Puce\" width=\"9\" height=\"9\"\/> Les <strong>billets<\/strong> sont en vente dans les <strong>points de vente habituels <\/strong>\u00e0 partir du<strong> vendredi 21 novembre 2025 \u00e0 10h. Pr\u00e9vente le 19 novembre \u00e0 10h<\/strong> sur le <a href=\"https:\/\/www.gdp.fr\/fr\/\" target=\"_blank\" rel=\"noopener nofollow\"><strong>site de G\u00e9rard Drouot Productions.<\/strong><\/a><\/p>\n<p><strong>\u00a0<\/strong><\/p>\n<p>\u00a0<\/p>\n<p class=\"has-text-align-right\">Source et image : DR \u2013 \u00a9 G\u00e9rard Drouot Productions<\/p>\n","protected":false},"excerpt":{"rendered":"Samedi 14 novembre 2026 \u00e0 20h le Z\u00e9nith de Lille accueillera le concert \u00ab \u00c9ric Serra Live \u00bb&hellip;\n","protected":false},"author":2,"featured_media":544030,"comment_status":"","ping_status":"","sticky":false,"template":"","format":"standard","meta":{"footnotes":""},"categories":[2815],"tags":[66270,1111,11,1697,66271,1777,674,1011,27,811,1307,12,25,7268],"class_list":{"0":"post-544029","1":"post","2":"type-post","3":"status-publish","4":"format-standard","5":"has-post-thumbnail","7":"category-lille","8":"tag-14-novembre-2026","9":"tag-actu","10":"tag-actualites","11":"tag-concert","12":"tag-eric-serra-live","13":"tag-eu","14":"tag-europe","15":"tag-fr","16":"tag-france","17":"tag-hauts-de-france","18":"tag-lille","19":"tag-news","20":"tag-republique-francaise","21":"tag-zenith-de-lille"},"share_on_mastodon":{"url":"https:\/\/pubeurope.com\/@fr\/115574751397336690","error":""},"_links":{"self":[{"href":"https:\/\/www.europesays.com\/fr\/wp-json\/wp\/v2\/posts\/544029","targetHints":{"allow":["GET"]}}],"collection":[{"href":"https:\/\/www.europesays.com\/fr\/wp-json\/wp\/v2\/posts"}],"about":[{"href":"https:\/\/www.europesays.com\/fr\/wp-json\/wp\/v2\/types\/post"}],"author":[{"embeddable":true,"href":"https:\/\/www.europesays.com\/fr\/wp-json\/wp\/v2\/users\/2"}],"replies":[{"embeddable":true,"href":"https:\/\/www.europesays.com\/fr\/wp-json\/wp\/v2\/comments?post=544029"}],"version-history":[{"count":0,"href":"https:\/\/www.europesays.com\/fr\/wp-json\/wp\/v2\/posts\/544029\/revisions"}],"wp:featuredmedia":[{"embeddable":true,"href":"https:\/\/www.europesays.com\/fr\/wp-json\/wp\/v2\/media\/544030"}],"wp:attachment":[{"href":"https:\/\/www.europesays.com\/fr\/wp-json\/wp\/v2\/media?parent=544029"}],"wp:term":[{"taxonomy":"category","embeddable":true,"href":"https:\/\/www.europesays.com\/fr\/wp-json\/wp\/v2\/categories?post=544029"},{"taxonomy":"post_tag","embeddable":true,"href":"https:\/\/www.europesays.com\/fr\/wp-json\/wp\/v2\/tags?post=544029"}],"curies":[{"name":"wp","href":"https:\/\/api.w.org\/{rel}","templated":true}]}}