{"id":544035,"date":"2025-11-19T05:40:13","date_gmt":"2025-11-19T05:40:13","guid":{"rendered":"https:\/\/www.europesays.com\/fr\/544035\/"},"modified":"2025-11-19T05:40:13","modified_gmt":"2025-11-19T05:40:13","slug":"lyon-une-femme-enceinte-menacee-dexpulsion-alors-quelle-occupe-lappartement-de-sa-grand-mere-decedee","status":"publish","type":"post","link":"https:\/\/www.europesays.com\/fr\/544035\/","title":{"rendered":"Lyon. Une femme enceinte menac\u00e9e d\u2019expulsion alors qu\u2019elle occupe l\u2019appartement de sa grand-m\u00e8re d\u00e9c\u00e9d\u00e9e"},"content":{"rendered":"<p>\u00ab\u00a0Si on n\u2019\u00e9tait pas en p\u00e9riode de tr\u00eave hivernale(1), je serais d\u00e9j\u00e0 \u00e0 la rue.\u00a0\u00bb Maman solo enceinte de jumeaux, Nadia(2) ne sait pas encore si ses deux enfants (bient\u00f4t quatre) auront un toit en 2026. Le 30\u00a0octobre dernier, elle a re\u00e7u une sommation de quitter son logement social, rue Professeur-Beauvisage (Lyon 8e). Et ce, dans un d\u00e9lai de huit jours. Un s\u00e9isme dans la vie de cette trentenaire, secr\u00e9taire m\u00e9dicale au ch\u00f4mage.<\/p>\n<p>Dans leur courrier, les commissaires de justice lui rappellent qu\u2019elle occupe ce T3 \u00ab\u00a0sans droit ni titre\u00a0\u00bb, depuis le d\u00e9c\u00e8s, en juin\u00a02024, de sa grand-m\u00e8re, la pr\u00e9c\u00e9dente locataire. Et que sa demande de&#8230;<\/p>\n","protected":false},"excerpt":{"rendered":"\u00ab\u00a0Si on n\u2019\u00e9tait pas en p\u00e9riode de tr\u00eave hivernale(1), je serais d\u00e9j\u00e0 \u00e0 la rue.\u00a0\u00bb Maman solo enceinte&hellip;\n","protected":false},"author":2,"featured_media":544036,"comment_status":"","ping_status":"","sticky":false,"template":"","format":"standard","meta":{"footnotes":""},"categories":[1889],"tags":[1111,11,2430,2757,1777,674,107,1011,27,1116,1908,2428,2756,12,25,2429,4604,3151,801,104],"class_list":{"0":"post-544035","1":"post","2":"type-post","3":"status-publish","4":"format-standard","5":"has-post-thumbnail","7":"category-lyon","8":"tag-actu","9":"tag-actualites","10":"tag-auvergne-rhone-alpes","11":"tag-edition-lyon-villeurbanne","12":"tag-eu","13":"tag-europe","14":"tag-fil-info","15":"tag-fr","16":"tag-france","17":"tag-immobilier","18":"tag-logement","19":"tag-lyon","20":"tag-lyon-bassin","21":"tag-news","22":"tag-republique-francaise","23":"tag-rhone","24":"tag-selection-abonne","25":"tag-selection-de-la-redaction-69","26":"tag-social","27":"tag-societe"},"share_on_mastodon":{"url":"https:\/\/pubeurope.com\/@fr\/115574762638497776","error":""},"_links":{"self":[{"href":"https:\/\/www.europesays.com\/fr\/wp-json\/wp\/v2\/posts\/544035","targetHints":{"allow":["GET"]}}],"collection":[{"href":"https:\/\/www.europesays.com\/fr\/wp-json\/wp\/v2\/posts"}],"about":[{"href":"https:\/\/www.europesays.com\/fr\/wp-json\/wp\/v2\/types\/post"}],"author":[{"embeddable":true,"href":"https:\/\/www.europesays.com\/fr\/wp-json\/wp\/v2\/users\/2"}],"replies":[{"embeddable":true,"href":"https:\/\/www.europesays.com\/fr\/wp-json\/wp\/v2\/comments?post=544035"}],"version-history":[{"count":0,"href":"https:\/\/www.europesays.com\/fr\/wp-json\/wp\/v2\/posts\/544035\/revisions"}],"wp:featuredmedia":[{"embeddable":true,"href":"https:\/\/www.europesays.com\/fr\/wp-json\/wp\/v2\/media\/544036"}],"wp:attachment":[{"href":"https:\/\/www.europesays.com\/fr\/wp-json\/wp\/v2\/media?parent=544035"}],"wp:term":[{"taxonomy":"category","embeddable":true,"href":"https:\/\/www.europesays.com\/fr\/wp-json\/wp\/v2\/categories?post=544035"},{"taxonomy":"post_tag","embeddable":true,"href":"https:\/\/www.europesays.com\/fr\/wp-json\/wp\/v2\/tags?post=544035"}],"curies":[{"name":"wp","href":"https:\/\/api.w.org\/{rel}","templated":true}]}}