{"id":544039,"date":"2025-11-19T05:43:12","date_gmt":"2025-11-19T05:43:12","guid":{"rendered":"https:\/\/www.europesays.com\/fr\/544039\/"},"modified":"2025-11-19T05:43:12","modified_gmt":"2025-11-19T05:43:12","slug":"en-seine-et-marne-les-usagers-critiquent-la-nouvelle-gestion-des-bus","status":"publish","type":"post","link":"https:\/\/www.europesays.com\/fr\/544039\/","title":{"rendered":"en Seine-et-Marne, les usagers critiquent la nouvelle gestion des bus"},"content":{"rendered":"<p>                    Par<br \/>\n        <strong><br \/>\n            <a href=\"https:\/\/actu.fr\/auteur\/benjamin-forant\" title=\"Consulter tous les articles de Benjamin Forant\" rel=\"nofollow noopener\" target=\"_blank\">Benjamin Forant<\/a><br \/>\n                    <\/strong><\/p>\n<p>        Publi\u00e9 le<\/p>\n<p>            19 nov. 2025 \u00e0 6h34        <\/p>\n<p>C\u2019\u00e9tait un <b>changement<\/b> tr\u00e8s attendu par les <b>usagers<\/b> des lignes 220, 213 ou 312. Ces derni\u00e8res semaines, l\u2019int\u00e9gralit\u00e9 du nouveau r\u00e9seau de bus <b>\u00ab Marne et Brie \u00bb<\/b> est pass\u00e9 sous le contr\u00f4le de l\u2019entreprise <a href=\"https:\/\/actu.fr\/tag\/keolis\" rel=\"nofollow noopener\" target=\"_blank\">Keolis<\/a>, dans le cadre de<a href=\"https:\/\/actu.fr\/ile-de-france\/paris_75056\/transports-en-ile-de-france-la-ratp-devrait-conserver-70-de-ses-lignes-de-bus_63242011.html\" rel=\"nofollow noopener\" target=\"_blank\"> l\u2019ouverture \u00e0 la concurrence<\/a> des r\u00e9seaux d\u2019autobus en \u00cele-de-France.<br \/>En effet, le 1er ao\u00fbt 2025, les <b>lignes dites de grande couronne<\/b> sont pass\u00e9es sous <b>g\u00e9rance Keolis,<\/b> apr\u00e8s des ann\u00e9es de r\u00e9gie par <b>Transdev.<\/b> On parle notamment ici des lignes 1 \u00e0 9, qui passent par <a href=\"https:\/\/actu.fr\/ile-de-france\/chelles_77108\" rel=\"nofollow noopener\" target=\"_blank\">Chelles<\/a>, Vaires-sur-Marne, Torcy ou Courtry (Seine-et-Marne).<br \/>Le 1er\u00a0novembre, ce sont les lignes dites de <b>petite couronne<\/b> qui ont effectu\u00e9 le changement, alors que ces derni\u00e8res \u00e9taient g\u00e9r\u00e9es par le r\u00e9seau de bus RATP. Ce sont les lignes 206, 207, 209, 211, 212, 213, 220, 310, 311, 312, 320 et 321, qui passent par <b>Noisy-le-Grand<\/b> (Seine-Saint-Denis), <b>Noisiel, Torcy, Lognes<\/b> ou Champs-sur-Marne.<\/p>\n<p class=\" wall-content\">Mais depuis ces changements, les <b>critiques pleuvent<\/b> de la part des \u00e9lus de <b>l\u2019opposition<\/b> \u00e0 la R\u00e9gion et des <b>usagers.<\/b><\/p>\n<p>\u00ab Une volont\u00e9 politique \u00bb<\/p>\n<p class=\" wall-content\"><b>C\u00e9line Malais\u00e9<\/b>, pr\u00e9sidente du groupe \u00ab La Gauche communiste \u00e9cologiste et citoyenne \u00bb au conseil r\u00e9gional <b>d\u2019\u00cele-de-France<\/b>, est tr\u00e8s <b>v\u00e9h\u00e9mente<\/b> vis-\u00e0-vis du passage de la RATP \u00e0 Keolis pour les lignes de la petite couronne. Sur ses r\u00e9seaux sociaux, elle <b>d\u00e9nonce<\/b> une <b>suppression<\/b> de <b>330 bus<\/b> sur la <b>seule journ\u00e9e<\/b> du lundi 10 novembre 2025. \u00ab 330 bus ont \u00e9t\u00e9 officiellement supprim\u00e9s aujourd\u2019hui par Keolis Grand Paris Vall\u00e9e de la Marne ! 10 jours apr\u00e8s le passage de la RATP \u00e0 une filiale de droit priv\u00e9 Keolis C\u2019est la <b>d\u00e9monstration de l\u2019\u00e9chec de la privatisation<\/b> des bus mise en place par la droite r\u00e9gionale \u00bb, peut-on lire sur son compte X.<\/p>\n<p class=\" wall-content\">Sous son post, plusieurs utilisateurs expliquent que cette mise en concurrence est le fruit d\u2019une d\u00e9cision europ\u00e9enne. \u00ab Ce n\u2019est pas une obligation l\u00e9gale \u00bb, conteste l\u2019\u00e9lue. \u00ab Sur le r\u00e9seau de surface, les directives europ\u00e9ennes laissent la possibilit\u00e9 aux autorit\u00e9s organisatrices de la mobilit\u00e9, donc \u00cele-de-France Mobilit\u00e9s en ce qui nous concerne, <b>de faire le choix de passer par des march\u00e9s<\/b>, des appels d\u2019offres, soit de conserver et de mettre en place une r\u00e9gie r\u00e9gionale des transports.<\/p>\n<blockquote class=\"ac-article-quote wall-content\">\n<p>C\u2019est donc une volont\u00e9 politique qu\u2019on conteste depuis un moment, car la majorit\u00e9 de la R\u00e9gion n\u2019a pas voulu \u00e9tudier l\u2019option d\u2019une r\u00e9gie publique.<\/p>\n<p>C\u00e9line Malais\u00e9, \u00e9lue d\u2019opposition \u00e0 la R\u00e9gion<\/p><\/blockquote>\n<p class=\" wall-content\">La seule solution \u00e9tait donc de passer par un<b> appel d\u2019offres<\/b>. \u00ab Dans ce processus, seules les entreprises de droit priv\u00e9 peuvent candidater. La RATP ne pouvait pas candidater directement. \u00bb<\/p>\n<p class=\" wall-content\">Et C\u00e9line Malais\u00e9 \u00e9tait farouchement oppos\u00e9e \u00e0 cette id\u00e9e. \u00ab Je sais que partout o\u00f9 \u00e7a s\u2019est fait \u00e7a n\u2019a amen\u00e9 que d\u00e9gradation des conditions de travail des agents, des conditions de transport des usagers et \u00e7a co\u00fbt \u00e9norm\u00e9ment d\u2019argent. La privatisation des bus anciennement RATP, d\u00e9coup\u00e9s en 13 lots, co\u00fbte <b>4,9\u00a0milliards \u00e0 \u00cele-de-France Mobilit\u00e9s<\/b>. \u00bb<\/p>\n<p>Votre r\u00e9gion, votre actu !<\/p>\n<p>Recevez chaque jour les infos qui comptent pour vous.<\/p>\n<p>\t<a href=\"https:\/\/actu.fr\/newsletter\" class=\"ac-btn ac-btn--corner ac-btn--medium ac-btn--blue800\" rel=\"nofollow noopener\" target=\"_blank\">S&rsquo;incrire<\/a><br \/>\nUn lot particulier<\/p>\n<p class=\" wall-content\">La particularit\u00e9 du lot <b>\u00ab Marne et Brie \u00bb <\/b>est que c\u2019est le premier \u00e0 sortir de la gestion RATP. \u00ab Dans cette d\u00e9l\u00e9gation de service public (DSP) num\u00e9ro\u00a09, la bascule entre l\u2019ancien gestionnaire et Keolis Grand Paris Vall\u00e9e de la Marne est quelque chose de nouveau. On n\u2019avait jamais eu ce cas. De plus, ce lot est particulier, car c\u2019est la fusion de lignes g\u00e9r\u00e9es par la RATP et d\u2019autres lignes g\u00e9r\u00e9es par Transdev \u00bb, continue l\u2019\u00e9lue d\u2019opposition.<\/p>\n<p class=\" wall-content\">C\u00e9line Malais\u00e9 explique avoir <b>alert\u00e9 pendant des mois.<\/b> \u00ab On a dit qu\u2019on allait droit dans le mur. On a dit que c\u2019\u00e9tait le mauvais choix qui avait \u00e9t\u00e9 fait \u00bb.<\/p>\n<blockquote class=\"ac-article-quote wall-content\">\n<p>Le 1er\u00a0novembre, on a alert\u00e9 en disant que des choses n\u2019\u00e9taient pas encore pr\u00eates sur les informations voyageurs, les coordinations de l\u2019offre ou des questions de s\u00e9curit\u00e9. On est donc tr\u00e8s attentifs \u00e0 ce qui se passe.<\/p>\n<p>C\u00e9line Malais\u00e9<\/p><\/blockquote>\n<p>Un taux de suppression de moins de 2 %<\/p>\n<p class=\" wall-content\">Apr\u00e8s une quinzaine de jours sous le contr\u00f4le de Keolis et non de la RATP, est-ce que la situation a chang\u00e9 ?<\/p>\n<p class=\" wall-content\">Selon C\u00e9line Malais\u00e9, la qualit\u00e9 s\u2019est d\u00e9grad\u00e9e. \u00ab Le 10\u00a0novembre, il y a <b>eu 330 bus supprim\u00e9s,<\/b> et ces parcours sont indispensables pour les habitants de Noisy-le-Grand \u00bb, rappelle-t-elle. \u00ab On sait que sur la grande couronne, <b>ces soucis sont le quotidien.<\/b> Et ils vont \u00eatre copi\u00e9s et coll\u00e9s sur l\u2019ancien p\u00e9rim\u00e8tre RATP. \u00bb<\/p>\n<p class=\" wall-content\">Un nombre qu<a href=\"https:\/\/actu.fr\/tag\/ile-de-france-mobilites\" rel=\"nofollow noopener\" target=\"_blank\">\u2018\u00cele-de-France Mobilit\u00e9s<\/a> souhaite <b>nuancer.<\/b> \u00ab Historiquement, l\u2019offre de transport r\u00e9alis\u00e9e la veille d\u2019un jour f\u00e9ri\u00e9 correspondait \u00e0 celle d\u2019un samedi. Nous avons demand\u00e9 \u00e0 l\u2019op\u00e9rateur pour cette ann\u00e9e de mettre en place une offre correspondant \u00e0 un jour classique. Au vu des d\u00e9lais et des plannings d\u00e9j\u00e0 \u00e9tablis, il n\u2019a<b> pas \u00e9t\u00e9 possible de mobiliser<\/b> l\u2019ensemble des effectifs.\u00bb<\/p>\n<blockquote class=\"ac-article-quote wall-content\">\n<p>Toutefois, 75 % de l\u2019offre a pu \u00eatre r\u00e9alis\u00e9e, soit plus qu\u2019\u00e0 l\u2019accoutum\u00e9e, gr\u00e2ce \u00e0 la mobilisation de l\u2019op\u00e9rateur et du personnel, et deux fois plus de passagers ont pu \u00eatre transport\u00e9s.<\/p>\n<p>Ile-de-France Mobilit\u00e9s<\/p><\/blockquote>\n<p>Des usagers agac\u00e9s<\/p>\n<p class=\" wall-content\">Du c\u00f4t\u00e9 des usagers, les messages de plaintes sur les r\u00e9seaux sociaux sont de plus en plus fr\u00e9quents. Sur X, Ali, 23\u00a0ans, explique <b>\u00eatre vraiment impact\u00e9<\/b> par le <b>changement<\/b> de la <b>RATP vers Keolis.<\/b> Habitant de Noisiel, les probl\u00e8mes de transports le d\u00e9rangent dans ses \u00e9tudes, et surtout dans son r\u00f4le de coach de football dans un club du secteur. \u00ab Je prends le bus plusieurs fois par semaine, parfois plusieurs fois par jour. Je l\u2019utilise pour m<b>e rendre \u00e0 l\u2019entra\u00eenement <\/b>ou <b>pour aller aux matchs<\/b>. \u00bb<\/p>\n<p class=\" wall-content\">Pour illustrer les probl\u00e8mes qu\u2019il rencontre, Ali utilise l\u2019exemple du samedi 8\u00a0novembre. \u00ab Alors que l\u2019heure de rendez-vous pour le match \u00e9tait d\u00e9pass\u00e9e, j\u2019ai vu certains des enfants qui jouent dans mon \u00e9quipe \u00e0 un arr\u00eat de bus. Ils<b> attendaient le bus de 9h50<\/b>, qui n\u2019\u00e9tait <b>pas pass\u00e9.<\/b> Au final, ils \u00e9taient nombreux, de plusieurs cat\u00e9gories, \u00e0 \u00eatre en retard \u00e0 cause de \u00e7a. Les petits ont leurs habitudes, ils prennent toujours le m\u00eame bus, et cette fois-ci, il n\u2019est pas pass\u00e9. \u00bb<\/p>\n<p class=\" wall-content\">Cet exemple n\u2019est qu\u2019un parmi d\u2019autres.<\/p>\n<blockquote class=\"ac-article-quote wall-content\">\n<p>On ressent qu\u2019il y a eu un changement, surtout au niveau des fr\u00e9quences.<\/p>\n<p>Ali, utilisateur r\u00e9gulier des bus<\/p><\/blockquote>\n<p class=\" wall-content\">Ali ne comprend pas \u00e9galement qu\u2019il n\u2019y ait<b> pas d\u2019agents sur le terrain<\/b>. \u00ab Avant, on avait des agents RATP vers qui on pouvait se tourner, notamment dans la gare de Noisiel. Maintenant, on ne voit pas d\u2019agents Keolis pour faire la transition. \u00bb<\/p>\n<p class=\" wall-content\">Christian, utilisateur r\u00e9gulier du bus 321, est du m\u00eame avis. \u00ab Le 13\u00a0novembre, j\u2019avais des courses \u00e0 faire et je devais prendre le bus 206, explique-t-il. Il y avait un bus pr\u00e9vu \u00e0 13h39, mais lorsque le temps s\u2019est \u00e9coul\u00e9 sur l\u2019\u00e9cran d\u2019affichage, on a repris 20\u00a0minutes d\u2019attente. \u00bb<\/p>\n<p class=\" wall-content\">Depuis le changement de gestionnaire, pour lui, il n\u2019y a<b> pas photo sur la qualit\u00e9 du service.<\/b><\/p>\n<p class=\" wall-content\">\u00ab La qualit\u00e9 des v\u00e9hicules est largement moins bonne qu\u2019auparavant. On avait des<b> bus au gaz <\/b>avec la RATP, maintenant ce sont<b> des bus qui ont plus de 15\u00a0ans<\/b>, <b>rouill\u00e9s<\/b> de <b>l\u2019int\u00e9rieur<\/b> et de <b>l\u2019ext\u00e9rieur.<\/b> Il n\u2019y a pas d\u2019affichage, il y a un simple petit papier pour montrer le num\u00e9ro de la ligne et il y a des soucis de valideurs \u00bb, conclut-il.<\/p>\n<p class=\" wall-content\">Ile-de-France Mobilit\u00e9s se d\u00e9fend : \u00ab A ce jour,<b> l\u2019offre non r\u00e9alis\u00e9e<\/b> sur cette DSP reste<b> tr\u00e8s faible<\/b> (moins de 2 %), et l\u2019offre r\u00e9alis\u00e9e reste satisfaisante.\u00a0\u00bb<\/p>\n<p class=\" wall-content\">La structure conclut : \u00ab\u00a0Nous avons demand\u00e9 aux op\u00e9rateurs des DSP d\u2019agir avec la plus grande transparence afin d\u2019informer les voyageurs de toute annulation de courses. C\u2019est pourquoi ces informations sont d\u00e9sormais plus facilement visibles sur nos applications, ce qui n\u2019\u00e9tait pas toujours le cas auparavant. \u00bb<\/p>\n<p class=\" wall-content\">Personnalisez votre actualit\u00e9 en ajoutant vos villes et m\u00e9dias en favori avec <a href=\"https:\/\/moncompte.actu.fr\" title=\"D\u00e9couvez Mon Actu\" rel=\"nofollow noopener\" data-trk=\"{&quot;cta&quot;:{&quot;action&quot;:&quot;https:\\\/\\\/moncompte.actu.fr&quot;,&quot;category&quot;:&quot;mon compte&quot;,&quot;from&quot;:&quot;article footer&quot;,&quot;name&quot;:&quot;Mon actu&quot;,&quot;type&quot;:&quot;cta&quot;}}\" target=\"_blank\">Mon Actu<\/a>.<\/p>\n","protected":false},"excerpt":{"rendered":"Par Benjamin Forant Publi\u00e9 le 19 nov. 2025 \u00e0 6h34 C\u2019\u00e9tait un changement tr\u00e8s attendu par les usagers&hellip;\n","protected":false},"author":2,"featured_media":544040,"comment_status":"","ping_status":"","sticky":false,"template":"","format":"standard","meta":{"footnotes":""},"categories":[1592],"tags":[1111,11,1777,674,1011,27,662,4999,12,626,25,104,2803],"class_list":{"0":"post-544039","1":"post","2":"type-post","3":"status-publish","4":"format-standard","5":"has-post-thumbnail","7":"category-ile-de-france","8":"tag-actu","9":"tag-actualites","10":"tag-eu","11":"tag-europe","12":"tag-fr","13":"tag-france","14":"tag-ile-de-france","15":"tag-keolis","16":"tag-news","17":"tag-paris","18":"tag-republique-francaise","19":"tag-societe","20":"tag-transport"},"share_on_mastodon":{"url":"https:\/\/pubeurope.com\/@fr\/115574774478183399","error":""},"_links":{"self":[{"href":"https:\/\/www.europesays.com\/fr\/wp-json\/wp\/v2\/posts\/544039","targetHints":{"allow":["GET"]}}],"collection":[{"href":"https:\/\/www.europesays.com\/fr\/wp-json\/wp\/v2\/posts"}],"about":[{"href":"https:\/\/www.europesays.com\/fr\/wp-json\/wp\/v2\/types\/post"}],"author":[{"embeddable":true,"href":"https:\/\/www.europesays.com\/fr\/wp-json\/wp\/v2\/users\/2"}],"replies":[{"embeddable":true,"href":"https:\/\/www.europesays.com\/fr\/wp-json\/wp\/v2\/comments?post=544039"}],"version-history":[{"count":0,"href":"https:\/\/www.europesays.com\/fr\/wp-json\/wp\/v2\/posts\/544039\/revisions"}],"wp:featuredmedia":[{"embeddable":true,"href":"https:\/\/www.europesays.com\/fr\/wp-json\/wp\/v2\/media\/544040"}],"wp:attachment":[{"href":"https:\/\/www.europesays.com\/fr\/wp-json\/wp\/v2\/media?parent=544039"}],"wp:term":[{"taxonomy":"category","embeddable":true,"href":"https:\/\/www.europesays.com\/fr\/wp-json\/wp\/v2\/categories?post=544039"},{"taxonomy":"post_tag","embeddable":true,"href":"https:\/\/www.europesays.com\/fr\/wp-json\/wp\/v2\/tags?post=544039"}],"curies":[{"name":"wp","href":"https:\/\/api.w.org\/{rel}","templated":true}]}}