{"id":544043,"date":"2025-11-19T05:45:17","date_gmt":"2025-11-19T05:45:17","guid":{"rendered":"https:\/\/www.europesays.com\/fr\/544043\/"},"modified":"2025-11-19T05:45:17","modified_gmt":"2025-11-19T05:45:17","slug":"quand-paris-sinspire-de-saint-dizier-pour-le-beau","status":"publish","type":"post","link":"https:\/\/www.europesays.com\/fr\/544043\/","title":{"rendered":"Quand Paris s\u2019inspire de Saint-Dizier pour le \u00ab beau \u00bb"},"content":{"rendered":"<p class=\"mb-4 text-lg md:leading-8 break-words\"><strong>Des tableaux plut\u00f4t que des logos &#8211; Lanc\u00e9e en 2021 \u00e0 Saint-Dizier (Haute-Marne), l\u2019initiative \u00ab La Beaut\u00e9 sauvera le Monde \u00bb encourage le placement d\u2019\u0153uvres d\u2019art en lieu et place des publicit\u00e9s gr\u00e2ce au financement de partenaires publics et priv\u00e9s. Paris a rejoint ce mouvement<\/strong><\/p>\n<p class=\"mb-4 text-lg md:leading-8 break-words\">Ce mercredi \u00e0 9 heures, est inaugur\u00e9e \u00e0 <a href=\"https:\/\/www.20minutes.fr\/paris\/?at_medium=RSS%20feed&amp;at_campaign=ynews&amp;utm_source=yahoo&amp;utm_medium=rss&amp;utm_campaign=news_feed&amp;utm_content=in_article_link\" rel=\"nofollow noopener\" target=\"_blank\" data-ylk=\"slk:Paris;elm:context_link;itc:0;sec:content-canvas\" class=\"link \">Paris<\/a>, dans le 8e arrondissement, la transformation d&rsquo;un b\u00e2timent en <a href=\"https:\/\/www.20minutes.fr\/dossier\/oeuvre_d_art?at_medium=RSS%20feed&amp;at_campaign=ynews&amp;utm_source=yahoo&amp;utm_medium=rss&amp;utm_campaign=news_feed&amp;utm_content=in_article_link\" rel=\"nofollow noopener\" target=\"_blank\" data-ylk=\"slk:\u0153uvre d\u2019art;elm:context_link;itc:0;sec:content-canvas\" class=\"link \">\u0153uvre d\u2019art<\/a>. Au 22, rue Royale, depuis le 3 novembre, un immeuble est drap\u00e9 d\u2019une toile pour camoufler les <a href=\"https:\/\/www.20minutes.fr\/dossier\/travaux?at_medium=RSS%20feed&amp;at_campaign=ynews&amp;utm_source=yahoo&amp;utm_medium=rss&amp;utm_campaign=news_feed&amp;utm_content=in_article_link\" rel=\"nofollow noopener\" target=\"_blank\" data-ylk=\"slk:travaux;elm:context_link;itc:0;sec:content-canvas\" class=\"link \">travaux<\/a> de r\u00e9novation, chose de plus en plus courante dans la capitale. Mais l\u00e0 o\u00f9 les <a href=\"https:\/\/www.20minutes.fr\/dossier\/luxe?at_medium=RSS%20feed&amp;at_campaign=ynews&amp;utm_source=yahoo&amp;utm_medium=rss&amp;utm_campaign=news_feed&amp;utm_content=in_article_link\" rel=\"nofollow noopener\" target=\"_blank\" data-ylk=\"slk:marques de luxe;elm:context_link;itc:0;sec:content-canvas\" class=\"link \">marques de luxe<\/a> et acteurs internationaux s\u2019\u00e9talent r\u00e9guli\u00e8rement sur les plus beaux <a href=\"https:\/\/www.20minutes.fr\/dossier\/monument_historique?at_medium=RSS%20feed&amp;at_campaign=ynews&amp;utm_source=yahoo&amp;utm_medium=rss&amp;utm_campaign=news_feed&amp;utm_content=in_article_link\" rel=\"nofollow noopener\" target=\"_blank\" data-ylk=\"slk:monuments;elm:context_link;itc:0;sec:content-canvas\" class=\"link \">monuments<\/a>, cette fois, c\u2019est le tableau La Demoiselle de Victor Gabriel Gilbert qui s\u2019affichera sur les 150 m2 de voile de chantier.<\/p>\n<p class=\"mb-4 text-lg md:leading-8 break-words\">Loin d\u2019\u00eatre une exception, l\u2019\u00e9v\u00e9nement est porte-\u00e9tendard d\u2019un projet beaucoup plus vaste appel\u00e9 \u00ab La Beaut\u00e9 sauvera le Monde \u00bb et destin\u00e9 \u00e0 remplacer les affiches publicitaires par des chefs-d\u2019\u0153uvre de l\u2019histoire de l\u2019art dans les espaces publics. Une initiative visible \u00e0 Paris et qui se d\u00e9veloppe dans toute la France depuis la sortie de la crise du Covid-19 gr\u00e2ce \u00e0\u2026 une petite ville de la <a href=\"https:\/\/www.20minutes.fr\/dossier\/haute-marne?at_medium=RSS%20feed&amp;at_campaign=ynews&amp;utm_source=yahoo&amp;utm_medium=rss&amp;utm_campaign=news_feed&amp;utm_content=in_article_link\" rel=\"nofollow noopener\" target=\"_blank\" data-ylk=\"slk:Haute-Marne;elm:context_link;itc:0;sec:content-canvas\" class=\"link \">Haute-Marne<\/a>.<\/p>\n<p>Une initiative lanc\u00e9e \u00e0 Saint-Dizier<\/p>\n<p class=\"mb-4 text-lg md:leading-8 break-words\">Lanc\u00e9e en 2021, \u00ab La Beaut\u00e9 sauvera le Monde \u00bb (hommage \u00e0 Dosto\u00efevski) a \u00e9t\u00e9 imagin\u00e9e par le maire de Saint-Dizier, Quentin Bri\u00e8re. D\u00e8s l\u2019ann\u00e9e suivante et pour la deuxi\u00e8me \u00e9dition, l\u2019\u00e9dile noue un partenariat avec le GrandPalaisRmn (R\u00e9union des mus\u00e9es nationaux et du Grand Palais). Il est \u00e9galement rep\u00e9r\u00e9 par la F\u00e9d\u00e9ration fran\u00e7aise des trucs qui marchent (dont 20 Minutes vous pr\u00e9sente r\u00e9guli\u00e8rement les trouvailles) et se d\u00e9veloppe, ann\u00e9es apr\u00e8s ann\u00e9es, touchant d\u2019autres collectivit\u00e9s tout en attirant de nombreux partenaires pub(&#8230;)<\/p>\n<p class=\"mb-4 text-lg md:leading-8 break-words\"><a href=\"https:\/\/www.20minutes.fr\/paris\/4186293-20251119-quand-paris-inspire-saint-dizier-beau?at_medium=RSS%20feed&amp;at_campaign=ynews&amp;utm_source=yahoo&amp;utm_medium=rss&amp;utm_campaign=news_feed&amp;utm_content=read_more_link&quot;\" rel=\"nofollow noopener\" target=\"_blank\" data-ylk=\"slk:Lire la suite sur 20minutes;elm:context_link;itc:0;sec:content-canvas\" class=\"link \">Lire la suite sur 20minutes<\/a><\/p>\n<p>\u00c0 lire aussi :<br \/><a href=\"https:\/\/www.20minutes.fr\/societe\/4185751-20251115-rennes-interdits-puis-reintegres-pourquoi-panneaux-geants-publicite-vont-revenir-suite?at_medium=RSS%20feed&amp;at_campaign=ynews&amp;utm_source=yahoo&amp;utm_medium=rss&amp;utm_campaign=news_feed&amp;utm_content=related_content_link\" rel=\"nofollow noopener\" target=\"_blank\" data-ylk=\"slk:Rennes : Interdits puis r\u00e9int\u00e9gr\u00e9s\u2026 Pourquoi les panneaux g\u00e9ants de publicit\u00e9 ne vont pas revenir de suite;elm:context_link;itc:0;sec:content-canvas\" class=\"link \">Rennes : Interdits puis r\u00e9int\u00e9gr\u00e9s\u2026 Pourquoi les panneaux g\u00e9ants de publicit\u00e9 ne vont pas revenir de suite<\/a><br \/><a href=\"https:\/\/www.20minutes.fr\/economie\/4185074-20251116-quoi-zone-echanges-securisee-eviter-arnaques-agressions?at_medium=RSS%20feed&amp;at_campaign=ynews&amp;utm_source=yahoo&amp;utm_medium=rss&amp;utm_campaign=news_feed&amp;utm_content=related_content_link\" rel=\"nofollow noopener\" target=\"_blank\" data-ylk=\"slk:C\u2019est quoi cette zone d\u2019\u00e9changes s\u00e9curis\u00e9e pour \u00e9viter les arnaques ou les agressions ?;elm:context_link;itc:0;sec:content-canvas\" class=\"link \">C\u2019est quoi cette zone d\u2019\u00e9changes s\u00e9curis\u00e9e pour \u00e9viter les arnaques ou les agressions ?<\/a><\/p>\n","protected":false},"excerpt":{"rendered":"Des tableaux plut\u00f4t que des logos &#8211; Lanc\u00e9e en 2021 \u00e0 Saint-Dizier (Haute-Marne), l\u2019initiative \u00ab La Beaut\u00e9 sauvera&hellip;\n","protected":false},"author":2,"featured_media":544044,"comment_status":"","ping_status":"","sticky":false,"template":"","format":"standard","meta":{"footnotes":""},"categories":[1888],"tags":[1111,1928,11,1927,1777,674,1011,27,66275,7243,12,1926,626,1925,25,66276,66273,66274],"class_list":{"0":"post-544043","1":"post","2":"type-post","3":"status-publish","4":"format-standard","5":"has-post-thumbnail","7":"category-paris","8":"tag-actu","9":"tag-actu-paris","10":"tag-actualites","11":"tag-actualites-paris","12":"tag-eu","13":"tag-europe","14":"tag-fr","15":"tag-france","16":"tag-la-beaute","17":"tag-le-monde","18":"tag-news","19":"tag-news-paris","20":"tag-paris","21":"tag-paris-news","22":"tag-republique-francaise","23":"tag-reunion-des-musees-nationaux","24":"tag-saint-dizier","25":"tag-victor-gabriel-gilbert"},"share_on_mastodon":{"url":"https:\/\/pubeurope.com\/@fr\/115574782338768910","error":""},"_links":{"self":[{"href":"https:\/\/www.europesays.com\/fr\/wp-json\/wp\/v2\/posts\/544043","targetHints":{"allow":["GET"]}}],"collection":[{"href":"https:\/\/www.europesays.com\/fr\/wp-json\/wp\/v2\/posts"}],"about":[{"href":"https:\/\/www.europesays.com\/fr\/wp-json\/wp\/v2\/types\/post"}],"author":[{"embeddable":true,"href":"https:\/\/www.europesays.com\/fr\/wp-json\/wp\/v2\/users\/2"}],"replies":[{"embeddable":true,"href":"https:\/\/www.europesays.com\/fr\/wp-json\/wp\/v2\/comments?post=544043"}],"version-history":[{"count":0,"href":"https:\/\/www.europesays.com\/fr\/wp-json\/wp\/v2\/posts\/544043\/revisions"}],"wp:featuredmedia":[{"embeddable":true,"href":"https:\/\/www.europesays.com\/fr\/wp-json\/wp\/v2\/media\/544044"}],"wp:attachment":[{"href":"https:\/\/www.europesays.com\/fr\/wp-json\/wp\/v2\/media?parent=544043"}],"wp:term":[{"taxonomy":"category","embeddable":true,"href":"https:\/\/www.europesays.com\/fr\/wp-json\/wp\/v2\/categories?post=544043"},{"taxonomy":"post_tag","embeddable":true,"href":"https:\/\/www.europesays.com\/fr\/wp-json\/wp\/v2\/tags?post=544043"}],"curies":[{"name":"wp","href":"https:\/\/api.w.org\/{rel}","templated":true}]}}