{"id":544048,"date":"2025-11-19T05:48:13","date_gmt":"2025-11-19T05:48:13","guid":{"rendered":"https:\/\/www.europesays.com\/fr\/544048\/"},"modified":"2025-11-19T05:48:13","modified_gmt":"2025-11-19T05:48:13","slug":"pologne-les-services-secrets-russes-derriere-le-sabotage-des-chemins-de-fer","status":"publish","type":"post","link":"https:\/\/www.europesays.com\/fr\/544048\/","title":{"rendered":"Pologne : les services secrets russes derri\u00e8re \u00ab\u00a0le sabotage\u00a0\u00bb des chemins de fer"},"content":{"rendered":"<p>Le Premier ministre polonais Donald Tusk a affirm\u00e9 mardi que les services de renseignement russes avaient orchestr\u00e9 une explosion sur une ligne ferroviaire utilis\u00e9e pour transporter de l&rsquo;aide \u00e0 l&rsquo;Ukraine, perp\u00e9tr\u00e9e par deux ressortissants ukrainiens travaillant comme agents pour leur compte.<\/p>\n<p>\u00ab Les auteurs identifi\u00e9s sont deux citoyens ukrainiens qui coop\u00e8rent depuis longtemps avec les services de renseignement russes. Leur identit\u00e9 est connue \u00bb, a-t-il d\u00e9clar\u00e9 au Parlement \u00e0 Varsovie.<\/p>\n<p>Le Premier ministre polonais n&rsquo;a pas r\u00e9v\u00e9l\u00e9 les noms des auteurs pr\u00e9sum\u00e9s.<\/p>\n<p>Plus t\u00f4t mardi, un porte-parole du gouvernement a d\u00e9clar\u00e9 que des preuves sugg\u00e9raient que les services de renseignement russes semblaient avoir ordonn\u00e9 le sabotage au cours du week-end.<\/p>\n<p>\u00ab Tout indique \u00bb que l&rsquo;incident ferroviaire du week-end a \u00e9t\u00e9 \u00ab initi\u00e9 par les services secrets russes \u00bb, a d\u00e9clar\u00e9 Jacek Dobrzy\u0144ski, porte-parole du ministre polonais des Services secrets, dans des commentaires rapport\u00e9s par l&rsquo;agence de presse polonaise (PAP).<\/p>\n<p>Dobrzy\u0144ski s&rsquo;est exprim\u00e9 apr\u00e8s une r\u00e9union du Comit\u00e9 national de s\u00e9curit\u00e9 du gouvernement, qui s&rsquo;est tenue mardi matin et \u00e0 laquelle ont particip\u00e9 des commandants militaires, des chefs des services de renseignement et un repr\u00e9sentant du pr\u00e9sident.<\/p>\n<p>Dans ce que Tusk a qualifi\u00e9 lundi d&rsquo;\u00ab acte de sabotage sans pr\u00e9c\u00e9dent \u00bb, un tron\u00e7on de la ligne ferroviaire reliant Varsovie, la capitale polonaise, \u00e0 la fronti\u00e8re ukrainienne a \u00e9t\u00e9 d\u00e9truit par une explosion au cours du week-end.<\/p>\n<p>Un autre tron\u00e7on plus au sud a \u00e9galement \u00e9t\u00e9 endommag\u00e9 dans ce que les autorit\u00e9s qualifient \u00e9galement de sabotage probable.<\/p>\n<p>Les procureurs polonais enqu\u00eatent sur des \u00ab actes de sabotage \u00e0 caract\u00e8re terroriste \u00bb visant les infrastructures ferroviaires et commis au profit de services de renseignement \u00e9trangers.<\/p>\n<p>\u00ab Ces actions ont entra\u00een\u00e9 un danger imm\u00e9diat de catastrophe ferroviaire, mena\u00e7ant la vie et la sant\u00e9 de nombreuses personnes et causant des dommages mat\u00e9riels \u00e0 grande \u00e9chelle \u00bb, ont d\u00e9clar\u00e9 les procureurs dans un communiqu\u00e9.<\/p>\n<p>Le ministre de la D\u00e9fense, W\u0142adys\u0142aw Kosiniak-Kamysz, a d\u00e9clar\u00e9 mardi \u00e0 Radio Zet que les autorit\u00e9s enqu\u00eataient sur l&rsquo;utilisation pr\u00e9vue d&rsquo;une cam\u00e9ra trouv\u00e9e pr\u00e8s des voies endommag\u00e9es sur la ligne Varsovie-Lublin.<\/p>\n<p>Il a \u00e9galement d\u00e9clar\u00e9 que des patrouilles de l&rsquo;arm\u00e9e avaient \u00e9t\u00e9 envoy\u00e9es pour v\u00e9rifier la s\u00e9curit\u00e9 des voies ferr\u00e9es et d&rsquo;autres infrastructures cl\u00e9s dans l&rsquo;est du pays.<\/p>\n<p>Lors du premier incident, une explosion a endommag\u00e9 les voies pr\u00e8s du village de Mika, \u00e0 environ 100 kilom\u00e8tres au sud-est de Varsovie, et lors d&rsquo;un autre incident, des lignes \u00e9lectriques ont \u00e9t\u00e9 d\u00e9truites dans la r\u00e9gion de Pu\u0142awy, \u00e0 50 kilom\u00e8tres de Lublin.<\/p>\n<p>Les trains transportant des passagers ont \u00e9t\u00e9 contraints de s&rsquo;arr\u00eater aux deux endroits, mais personne n&rsquo;a \u00e9t\u00e9 bless\u00e9.<\/p>\n<p>\u00ab L&rsquo;explosion visait tr\u00e8s probablement \u00e0 faire sauter le train \u00bb, a d\u00e9clar\u00e9 M. Tusk lundi en r\u00e9f\u00e9rence \u00e0 l&rsquo;incident de Mika.<\/p>\n<p>Les d\u00e9g\u00e2ts caus\u00e9s aux deux endroits ont depuis \u00e9t\u00e9 r\u00e9par\u00e9s.<\/p>\n","protected":false},"excerpt":{"rendered":"Le Premier ministre polonais Donald Tusk a affirm\u00e9 mardi que les services de renseignement russes avaient orchestr\u00e9 une&hellip;\n","protected":false},"author":2,"featured_media":544049,"comment_status":"","ping_status":"","sticky":false,"template":"","format":"standard","meta":{"footnotes":""},"categories":[1591],"tags":[11,1887,131,3482,2025,12,2437,1885,1886,132,12999],"class_list":{"0":"post-544048","1":"post","2":"type-post","3":"status-publish","4":"format-standard","5":"has-post-thumbnail","7":"category-russie","8":"tag-actualites","9":"tag-federation-de-russie","10":"tag-guerre-en-ukraine","11":"tag-guerre-russie-ukraine","12":"tag-invasion-de-la-russie-en-ukraine","13":"tag-news","14":"tag-pologne","15":"tag-russia","16":"tag-russian-federation","17":"tag-russie","18":"tag-sabotage"},"share_on_mastodon":{"url":"https:\/\/pubeurope.com\/@fr\/115574794085009775","error":""},"_links":{"self":[{"href":"https:\/\/www.europesays.com\/fr\/wp-json\/wp\/v2\/posts\/544048","targetHints":{"allow":["GET"]}}],"collection":[{"href":"https:\/\/www.europesays.com\/fr\/wp-json\/wp\/v2\/posts"}],"about":[{"href":"https:\/\/www.europesays.com\/fr\/wp-json\/wp\/v2\/types\/post"}],"author":[{"embeddable":true,"href":"https:\/\/www.europesays.com\/fr\/wp-json\/wp\/v2\/users\/2"}],"replies":[{"embeddable":true,"href":"https:\/\/www.europesays.com\/fr\/wp-json\/wp\/v2\/comments?post=544048"}],"version-history":[{"count":0,"href":"https:\/\/www.europesays.com\/fr\/wp-json\/wp\/v2\/posts\/544048\/revisions"}],"wp:featuredmedia":[{"embeddable":true,"href":"https:\/\/www.europesays.com\/fr\/wp-json\/wp\/v2\/media\/544049"}],"wp:attachment":[{"href":"https:\/\/www.europesays.com\/fr\/wp-json\/wp\/v2\/media?parent=544048"}],"wp:term":[{"taxonomy":"category","embeddable":true,"href":"https:\/\/www.europesays.com\/fr\/wp-json\/wp\/v2\/categories?post=544048"},{"taxonomy":"post_tag","embeddable":true,"href":"https:\/\/www.europesays.com\/fr\/wp-json\/wp\/v2\/tags?post=544048"}],"curies":[{"name":"wp","href":"https:\/\/api.w.org\/{rel}","templated":true}]}}