{"id":544050,"date":"2025-11-19T05:49:17","date_gmt":"2025-11-19T05:49:17","guid":{"rendered":"https:\/\/www.europesays.com\/fr\/544050\/"},"modified":"2025-11-19T05:49:17","modified_gmt":"2025-11-19T05:49:17","slug":"zelensky-attendu-en-turquie-par-erdogan-pour-parler-de-la-paix","status":"publish","type":"post","link":"https:\/\/www.europesays.com\/fr\/544050\/","title":{"rendered":"Zelensky attendu en Turquie par Erdogan pour parler de la paix\u2026"},"content":{"rendered":"<p>Zelensky en Turquie pour \u00ab\u00a0r\u00e9engager\u00a0\u00bb les Etats-Unis dans les efforts de paix avec Moscou<\/p>\n<p>Le pr\u00e9sident ukrainien doit rencontrer ce mercredi \u00e0 Ankara son homologue turc Recep Tayyip Erdogan et l\u2019\u00e9missaire am\u00e9ricain Steve Witkoff pour \u00ab\u00a0r\u00e9engager\u00a0\u00bb les Etats-Unis dans les pourparlers de paix avec la Russie actuellement dans l\u2019impasse, ont indiqu\u00e9 mardi des responsables ukrainiens.<\/p>\n<p>Washington approuve une maintenance pour les syst\u00e8mes Patriot en Ukraine<\/p>\n<p>Les Etats-Unis ont annonc\u00e9 mardi avoir approuv\u00e9, \u00e0 la demande de l\u2019Ukraine, la vente d\u2019une valeur de 105\u00a0millions de dollars d\u2019une maintenance de ses batteries antia\u00e9rienne Patriot, cruciales pour d\u00e9fendre le ciel ukrainien face aux missiles russes.<\/p>\n<p>Il s\u2019agit de pi\u00e8ces d\u00e9tach\u00e9es et services li\u00e9s \u00e0 la maintenance du syst\u00e8me de d\u00e9fense a\u00e9rienne Patriot, notamment \u00ab\u00a0la mise \u00e0 niveau des lanceurs [\u2026], ainsi que d\u2019autres services, accessoires et pi\u00e8ces de rechange\u00a0\u00bb, selon un communiqu\u00e9. La vente a \u00e9t\u00e9 approuv\u00e9e par le d\u00e9partement d\u2019Etat et notifi\u00e9e au Congr\u00e8s am\u00e9ricain, comme l\u2019exige la loi am\u00e9ricaine.<\/p>\n<p>Kharkiv sous le feu russe pour la troisi\u00e8me nuit cons\u00e9cutive<\/p>\n<p>Une attaque russe de drones a fait au moins 32 bless\u00e9s \u00e0 Kharkiv, a annonc\u00e9 t\u00f4t ce mercredi le gouverneur de la r\u00e9gion du m\u00eame nom situ\u00e9e dans l\u2019est ukrainien, vis\u00e9e pour la troisi\u00e8me nuit cons\u00e9cutive.<\/p>\n<p>Lors des deux nuits pr\u00e9c\u00e9dentes, des frappes russes de missile avaient fait au total au moins quatre morts dans la r\u00e9gion, dont une adolescente de 17 ans.<\/p>\n<p>Bienvenue dans ce nouveau Live<\/p>\n<p>Bonjour \u00e0 toutes et \u00e0 tous. Comme chaque jour, la r\u00e9daction de 20 Minutes est mobilis\u00e9e pour vous donner l\u2019ensemble des informations sur le conflit entre Moscou et Kiev.<\/p>\n<p>Sur le front, la situation est particuli\u00e8rement difficile pour l\u2019arm\u00e9e ukrainienne. Une ville cl\u00e9 sur le front Est, Pokrovsk, semble sur le point de tomber, les troupes russes ont p\u00e9n\u00e9tr\u00e9 cet \u00e9t\u00e9 dans la r\u00e9gion de Dnipropetrovsk (centre-est) et avancent depuis plusieurs jours dans celle de Zaporijjia (sud), o\u00f9 le front \u00e9tait largement gel\u00e9 depuis deux ans.<\/p>\n","protected":false},"excerpt":{"rendered":"Zelensky en Turquie pour \u00ab\u00a0r\u00e9engager\u00a0\u00bb les Etats-Unis dans les efforts de paix avec Moscou Le pr\u00e9sident ukrainien doit&hellip;\n","protected":false},"author":2,"featured_media":544051,"comment_status":"","ping_status":"","sticky":false,"template":"","format":"standard","meta":{"footnotes":""},"categories":[1590],"tags":[47,11,75,73,1777,674,131,74,12,132,220,555,133,135,134],"class_list":{"0":"post-544050","1":"post","2":"type-post","3":"status-publish","4":"format-standard","5":"has-post-thumbnail","7":"category-ukraine","8":"tag-actualite","9":"tag-actualites","10":"tag-donald-trump","11":"tag-etats-unis","12":"tag-eu","13":"tag-europe","14":"tag-guerre-en-ukraine","15":"tag-monde","16":"tag-news","17":"tag-russie","18":"tag-ukraine","19":"tag-union-europeenne-ue","20":"tag-video","21":"tag-vladimir-poutine","22":"tag-volodymyr-zelensky"},"share_on_mastodon":{"url":"https:\/\/pubeurope.com\/@fr\/115574798038448566","error":""},"_links":{"self":[{"href":"https:\/\/www.europesays.com\/fr\/wp-json\/wp\/v2\/posts\/544050","targetHints":{"allow":["GET"]}}],"collection":[{"href":"https:\/\/www.europesays.com\/fr\/wp-json\/wp\/v2\/posts"}],"about":[{"href":"https:\/\/www.europesays.com\/fr\/wp-json\/wp\/v2\/types\/post"}],"author":[{"embeddable":true,"href":"https:\/\/www.europesays.com\/fr\/wp-json\/wp\/v2\/users\/2"}],"replies":[{"embeddable":true,"href":"https:\/\/www.europesays.com\/fr\/wp-json\/wp\/v2\/comments?post=544050"}],"version-history":[{"count":0,"href":"https:\/\/www.europesays.com\/fr\/wp-json\/wp\/v2\/posts\/544050\/revisions"}],"wp:featuredmedia":[{"embeddable":true,"href":"https:\/\/www.europesays.com\/fr\/wp-json\/wp\/v2\/media\/544051"}],"wp:attachment":[{"href":"https:\/\/www.europesays.com\/fr\/wp-json\/wp\/v2\/media?parent=544050"}],"wp:term":[{"taxonomy":"category","embeddable":true,"href":"https:\/\/www.europesays.com\/fr\/wp-json\/wp\/v2\/categories?post=544050"},{"taxonomy":"post_tag","embeddable":true,"href":"https:\/\/www.europesays.com\/fr\/wp-json\/wp\/v2\/tags?post=544050"}],"curies":[{"name":"wp","href":"https:\/\/api.w.org\/{rel}","templated":true}]}}