{"id":544052,"date":"2025-11-19T05:50:13","date_gmt":"2025-11-19T05:50:13","guid":{"rendered":"https:\/\/www.europesays.com\/fr\/544052\/"},"modified":"2025-11-19T05:50:13","modified_gmt":"2025-11-19T05:50:13","slug":"le-congres-vote-a-une-ecrasante-majorite-pour-la-publication-des-documents-denquete","status":"publish","type":"post","link":"https:\/\/www.europesays.com\/fr\/544052\/","title":{"rendered":"le Congr\u00e8s vote \u00e0 une \u201c\u00e9crasante majorit\u00e9\u201d pour la publication des documents d\u2019enqu\u00eate"},"content":{"rendered":"\n<p> \u201cRien de ce que [Donald Trump] a tent\u00e9 pour faire dispara\u00eetre [l\u2019affaire Epstein] de l\u2019actualit\u00e9 n\u2019aura fonctionn\u00e9\u201d, <a class=\"ithalc\" data-ithal=\"lien_externe\" data-ithalc=\"[nav_article]\" target=\"_blank\" href=\"https:\/\/www.nytimes.com\/2025\/11\/18\/us\/politics\/trump-epstein-files.html\" rel=\"noopener\">note le <strong>New York Times<\/strong>.<\/a><\/p>\n<p>Le Congr\u00e8s am\u00e9ricain a approuv\u00e9 mardi 18\u00a0novembre \u201c\u00e0 une \u00e9crasante majorit\u00e9\u201d une proposition de loi visant \u00e0 contraindre le gouvernement \u00e0 rendre publics \u201ctous les documents et archives\u201d en sa possession concernant le financier new-yorkais, mort en prison en 2019 avant son proc\u00e8s, <a class=\"ithalc\" data-ithal=\"lien_externe\" data-ithalc=\"[nav_article]\" target=\"_blank\" href=\"https:\/\/www.wsj.com\/politics\/policy\/fight-over-releasing-epstein-files-nears-finish-line-in-house-54e06fc2?mod=hp_lead_pos2\" rel=\"noopener\">rapporte le <strong>Wall Street Journal<\/strong><\/a>.<\/p>\n<p>Les parlementaires du Congr\u00e8s qui militent pour la publication du dossier d\u00e9tenu par l\u2019administration r\u00e9publicaine sur le criminel sexuel ont, une fois n\u2019est pas coutume, \u201cr\u00e9ussi \u00e0 vaincre le ma\u00eetre de la domination m\u00e9diatique\u201d, conclut le Times.<\/p>\n<p>Adopt\u00e9 \u00e0 427 voix pour et 1 contre \u00e0 la Chambre, puis approuv\u00e9 \u00e0 l\u2019unanimit\u00e9 au S\u00e9nat, le texte doit d\u00e9sormais \u00eatre sign\u00e9 par le pr\u00e9sident am\u00e9ricain pour promulgation.<\/p>\n<p>Pendant des mois, Donald Trump avait men\u00e9 une v\u00e9ritable campagne pour contrecarrer la tenue de ce vote \u00e0 la Chambre, aux cons\u00e9quences potentiellement embarrassantes pour le pr\u00e9sident. Face aux d\u00e9fections croissantes dans son camp avant le vote, Donald Trump avait fini par faire volte-face dimanche et apport\u00e9 son soutien au texte. \u201cNous n\u2019avons rien \u00e0 cacher\u201d, avait lanc\u00e9 le pr\u00e9sident r\u00e9publicain, tout en s\u2019insurgeant contre ce qu\u2019il affirme \u00eatre un \u201ccanular\u201d mont\u00e9 par l\u2019opposition d\u00e9mocrate.<\/p>\n<p>                        \u201cUne d\u00e9faite spectaculaire\u201d pour Trump       <\/p>\n<p>Le vote du Congr\u00e8s est \u201cune \u00e9tape cl\u00e9 dans un long combat qui a divis\u00e9 le mouvement MAGA\u201d, souligne le Wall Street Journal. Si le texte a \u00e9t\u00e9 adopt\u00e9 \u00e0 la quasi-unanimit\u00e9 c\u2019est parce qu\u2019\u201cun groupe de r\u00e9publicains\u201d de la Chambre a \u201cd\u00e9fi\u00e9 les dirigeants de leur parti et rejoint les d\u00e9mocrates pour forcer l\u2019avanc\u00e9e de la mesure malgr\u00e9 l\u2019opposition de la direction r\u00e9publicaine\u201d, rappelle le journal conservateur.<\/p>\n<p><a class=\"ithalc\" data-ithal=\"lien_externe\" data-ithalc=\"[nav_article]\" target=\"_blank\" href=\"https:\/\/www.cnn.com\/2025\/11\/19\/politics\/trump-epstein-files-release-house-senate-analysis\" rel=\"noopener\">Pour <strong>CNN<\/strong><\/a>, Donald Trump a \u201cencaiss\u00e9 mardi une d\u00e9faite spectaculaire \u2013 sans doute la pire inflig\u00e9e par son propre camp au Congr\u00e8s au cours de ses deux pr\u00e9sidences tumultueuses \u2013 apr\u00e8s que chacune de ses man\u0153uvres pour retarder et d\u00e9tourner l\u2019attention de l\u2019affaire Epstein lui a explos\u00e9 au visage\u201d.<\/p>\n<p>Tandis que le vote du Congr\u00e8s marque une \u201cvictoire\u201d pour les victimes du d\u00e9linquant sexuel, Trump subit lui \u201cune humiliation\u201d politique qui \u201cfragilise sa pr\u00e9sidence\u201d, estime la cha\u00eene am\u00e9ricaine.<\/p>\n<p>                        \u201cTais-toi la truie\u00a0! \u201d       <\/p>\n<p>Ces derniers jours, \u201cla col\u00e8re du pr\u00e9sident apr\u00e8s son \u00e9chec \u00e0 convaincre ses plus fid\u00e8les soutiens de ne pas soutenir le texte, \u00e9tait \u00e9vidente\u201d, <a class=\"ithalc\" data-ithal=\"lien_externe\" data-ithalc=\"[nav_article]\" target=\"_blank\" href=\"https:\/\/www.motherjones.com\/politics\/2025\/11\/trump-epstein-vote-quiet-piggy\/\" rel=\"noopener\">remarque le magazine<strong> Mother Jones<\/strong><\/a>.<\/p>\n<p>Donald Trump s\u2019en est pris violemment \u00e0 deux reprises \u00e0 des journalistes \u00e0 quelques jours d\u2019\u00e9cart, mena\u00e7ant notamment mardi d\u2019interdire de diffusion ABC News \u00e0 cause de questions d\u2019une de ses journalistes qui l\u2019ont rendu furieux.<\/p>\n<p>\u201cVous \u00eates une personne horrible\u201d, a lanc\u00e9 le pr\u00e9sident am\u00e9ricain \u00e0 Mary Bruce qui venait de l\u2019interroger sur le scandale Jeffrey Epstein et les affaires de la famille Trump en Arabie saoudite.<\/p>\n<p>Une autre de ses remarques adress\u00e9es vendredi \u00e0 une journaliste de l\u2019agence Bloomberg, initialement pass\u00e9e inaper\u00e7ue, a refait surface mardi, relay\u00e9e par de nombreux m\u00e9dias, <a class=\"ithalc\" data-ithal=\"lien_externe\" data-ithalc=\"[nav_article]\" target=\"_blank\" href=\"https:\/\/www.theguardian.com\/us-news\/2025\/nov\/18\/trump-calls-reporter-piggy-bloomberg\" rel=\"noopener\">rapporte le<strong> Guardian<\/strong><\/a>.<\/p>\n<p>\u201cTais-toi la truie\u201d, avait lanc\u00e9 Trump \u00e0 la reporter Catherine Lucey, qui l\u2019interrogeait \u00e0 bord de l\u2019avion pr\u00e9sidentiel Air Force One au sujet de l\u2019affaire Epstein. Ce ne sont pas les mots d\u2019un \u201chomme serein\u201d, observe Mother Jones.<\/p>\n","protected":false},"excerpt":{"rendered":"\u201cRien de ce que [Donald Trump] a tent\u00e9 pour faire dispara\u00eetre [l\u2019affaire Epstein] de l\u2019actualit\u00e9 n\u2019aura fonctionn\u00e9\u201d, note&hellip;\n","protected":false},"author":2,"featured_media":544053,"comment_status":"","ping_status":"","sticky":false,"template":"","format":"standard","meta":{"footnotes":""},"categories":[1589],"tags":[11,14751,3822,75,73,1866,12,316,4409,770,1864,1865,1863,308],"class_list":{"0":"post-544052","1":"post","2":"type-post","3":"status-publish","4":"format-standard","5":"has-post-thumbnail","7":"category-etats-unis","8":"tag-actualites","9":"tag-affaire-epstein","10":"tag-amu00e9riques","11":"tag-donald-trump","12":"tag-etats-unis","13":"tag-etats-unis-damerique","14":"tag-news","15":"tag-politique","16":"tag-ru00e9veil","17":"tag-u00e9tats-unis","18":"tag-united-states","19":"tag-united-states-of-america","20":"tag-us","21":"tag-usa"},"share_on_mastodon":{"url":"https:\/\/pubeurope.com\/@fr\/115574801944254277","error":""},"_links":{"self":[{"href":"https:\/\/www.europesays.com\/fr\/wp-json\/wp\/v2\/posts\/544052","targetHints":{"allow":["GET"]}}],"collection":[{"href":"https:\/\/www.europesays.com\/fr\/wp-json\/wp\/v2\/posts"}],"about":[{"href":"https:\/\/www.europesays.com\/fr\/wp-json\/wp\/v2\/types\/post"}],"author":[{"embeddable":true,"href":"https:\/\/www.europesays.com\/fr\/wp-json\/wp\/v2\/users\/2"}],"replies":[{"embeddable":true,"href":"https:\/\/www.europesays.com\/fr\/wp-json\/wp\/v2\/comments?post=544052"}],"version-history":[{"count":0,"href":"https:\/\/www.europesays.com\/fr\/wp-json\/wp\/v2\/posts\/544052\/revisions"}],"wp:featuredmedia":[{"embeddable":true,"href":"https:\/\/www.europesays.com\/fr\/wp-json\/wp\/v2\/media\/544053"}],"wp:attachment":[{"href":"https:\/\/www.europesays.com\/fr\/wp-json\/wp\/v2\/media?parent=544052"}],"wp:term":[{"taxonomy":"category","embeddable":true,"href":"https:\/\/www.europesays.com\/fr\/wp-json\/wp\/v2\/categories?post=544052"},{"taxonomy":"post_tag","embeddable":true,"href":"https:\/\/www.europesays.com\/fr\/wp-json\/wp\/v2\/tags?post=544052"}],"curies":[{"name":"wp","href":"https:\/\/api.w.org\/{rel}","templated":true}]}}