{"id":544054,"date":"2025-11-19T05:51:22","date_gmt":"2025-11-19T05:51:22","guid":{"rendered":"https:\/\/www.europesays.com\/fr\/544054\/"},"modified":"2025-11-19T05:51:22","modified_gmt":"2025-11-19T05:51:22","slug":"exxonmobil-ferme-un-site-au-royaume-uni","status":"publish","type":"post","link":"https:\/\/www.europesays.com\/fr\/544054\/","title":{"rendered":"ExxonMobil ferme un site au Royaume-Uni"},"content":{"rendered":"<p style=\"margin-top:5px\">Londres (awp\/afp) &#8211; Le g\u00e9ant p\u00e9trolier am\u00e9ricain ExxonMobil a annonc\u00e9 mardi la fermeture d&rsquo;une usine d&rsquo;\u00e9thyl\u00e8ne au nord d&rsquo;Edimbourg, qui pourrait affecter plus de 400 emplois, bl\u00e2mant \u00ab\u00a0l&rsquo;environnement \u00e9conomique et politique actuel du Royaume-Uni\u00a0\u00bb.<\/p>\n<p>L&rsquo;usine Fife Ethylene Plant (FEP), bas\u00e9e \u00e0 Mossmoran et que l&rsquo;entreprise pr\u00e9sente comme une \u00ab\u00a0pierre angulaire de la production chimique au Royaume-Uni depuis 40 ans\u00a0\u00bb, doit fermer en f\u00e9vrier 2026, a-t-elle pr\u00e9cis\u00e9 dans un communiqu\u00e9.<\/p>\n<p>\u00ab\u00a0Nous avons \u00e9valu\u00e9 diverses options pour poursuivre la production et test\u00e9 le march\u00e9 pour un acheteur potentiel, mais l&rsquo;environnement \u00e9conomique et politique actuel du Royaume-Uni, combin\u00e9 aux conditions du march\u00e9, aux co\u00fbts d&rsquo;approvisionnement \u00e9lev\u00e9s et \u00e0 l&rsquo;efficacit\u00e9 de l&rsquo;usine, ne cr\u00e9e pas un avenir concurrentiel pour le site\u00a0\u00bb, \u00e9crit-elle \u00e9galement.<\/p>\n<p>Quelque 179 salari\u00e9s sont directement menac\u00e9s, ainsi qu&rsquo;environ 250 contractuels, selon ExxonMobil, mais 50 employ\u00e9s pourraient \u00eatre transf\u00e9r\u00e9s sur un autre site \u00e0 Fawley, dans le sud du pays.<\/p>\n<p>Cette fermeture \u00ab\u00a0refl\u00e8te les difficult\u00e9s \u00e0 exploiter un site dans un contexte politique qui pousse \u00e0 la disparition d&rsquo;industries vitales (&#8230;) et des emplois \u00e0 forte valeur ajout\u00e9e qu&rsquo;elles g\u00e9n\u00e8rent\u00a0\u00bb, souligne le groupe am\u00e9ricain dans son communiqu\u00e9.<\/p>\n<p>\u00ab\u00a0Il s&rsquo;agit, bien s\u00fbr, d&rsquo;une d\u00e9cision commerciale de l&rsquo;entreprise\u00a0\u00bb, a r\u00e9pondu un porte-parole du gouvernement, qui se dit \u00ab\u00a0pr\u00eat \u00e0 apporter son soutien\u00a0\u00bb aux employ\u00e9s.<\/p>\n<p>Le gouvernement travailliste du Premier ministre Keir Starmer, en difficult\u00e9 sur le plan \u00e9conomique et qui doit pr\u00e9senter la semaine prochaine un budget \u00e0 haut risque, \u00ab\u00a0a explor\u00e9 toutes les voies raisonnables pour soutenir le site, mais Exxon fait face \u00e0 d&rsquo;importants d\u00e9fis mondiaux\u00a0\u00bb, a ajout\u00e9 ce porte-parole.<\/p>\n<p>Le g\u00e9ant p\u00e9trolier a annonc\u00e9 fin octobre des r\u00e9sultats contrast\u00e9s au troisi\u00e8me trimestre, avec un chiffre d&rsquo;affaires en recul de 5,25% sur un an et un b\u00e9n\u00e9fice net en baisse de plus de 12%, notamment \u00e0 cause de la baisse des prix du p\u00e9trole.<\/p>\n<p>afp\/cw<\/p>\n","protected":false},"excerpt":{"rendered":"Londres (awp\/afp) &#8211; Le g\u00e9ant p\u00e9trolier am\u00e9ricain ExxonMobil a annonc\u00e9 mardi la fermeture d&rsquo;une usine d&rsquo;\u00e9thyl\u00e8ne au nord&hellip;\n","protected":false},"author":2,"featured_media":48534,"comment_status":"","ping_status":"","sticky":false,"template":"","format":"standard","meta":{"footnotes":""},"categories":[1588],"tags":[11,340,1777,674,12,473,1853,1851,1850,1852],"class_list":{"0":"post-544054","1":"post","2":"type-post","3":"status-publish","4":"format-standard","5":"has-post-thumbnail","7":"category-royaume-uni","8":"tag-actualites","9":"tag-bourse","10":"tag-eu","11":"tag-europe","12":"tag-news","13":"tag-royaume-uni","14":"tag-royaume-uni-de-grande-bretagne-et-dirlande-du-nord","15":"tag-uk","16":"tag-united-kingdom","17":"tag-united-kingdom-of-great-britain-and-northern-ireland"},"share_on_mastodon":{"url":"https:\/\/pubeurope.com\/@fr\/115574805988881886","error":""},"_links":{"self":[{"href":"https:\/\/www.europesays.com\/fr\/wp-json\/wp\/v2\/posts\/544054","targetHints":{"allow":["GET"]}}],"collection":[{"href":"https:\/\/www.europesays.com\/fr\/wp-json\/wp\/v2\/posts"}],"about":[{"href":"https:\/\/www.europesays.com\/fr\/wp-json\/wp\/v2\/types\/post"}],"author":[{"embeddable":true,"href":"https:\/\/www.europesays.com\/fr\/wp-json\/wp\/v2\/users\/2"}],"replies":[{"embeddable":true,"href":"https:\/\/www.europesays.com\/fr\/wp-json\/wp\/v2\/comments?post=544054"}],"version-history":[{"count":0,"href":"https:\/\/www.europesays.com\/fr\/wp-json\/wp\/v2\/posts\/544054\/revisions"}],"wp:featuredmedia":[{"embeddable":true,"href":"https:\/\/www.europesays.com\/fr\/wp-json\/wp\/v2\/media\/48534"}],"wp:attachment":[{"href":"https:\/\/www.europesays.com\/fr\/wp-json\/wp\/v2\/media?parent=544054"}],"wp:term":[{"taxonomy":"category","embeddable":true,"href":"https:\/\/www.europesays.com\/fr\/wp-json\/wp\/v2\/categories?post=544054"},{"taxonomy":"post_tag","embeddable":true,"href":"https:\/\/www.europesays.com\/fr\/wp-json\/wp\/v2\/tags?post=544054"}],"curies":[{"name":"wp","href":"https:\/\/api.w.org\/{rel}","templated":true}]}}