{"id":544055,"date":"2025-11-19T05:52:20","date_gmt":"2025-11-19T05:52:20","guid":{"rendered":"https:\/\/www.europesays.com\/fr\/544055\/"},"modified":"2025-11-19T05:52:20","modified_gmt":"2025-11-19T05:52:20","slug":"ovhcloud-deploie-une-troisieme-region-de-haute-disponibilite-3-az-en-allemagne","status":"publish","type":"post","link":"https:\/\/www.europesays.com\/fr\/544055\/","title":{"rendered":"OVHcloud d\u00e9ploie une troisi\u00e8me r\u00e9gion de haute disponibilit\u00e9 (3-AZ) en Allemagne\u00a0"},"content":{"rendered":"<p>            <a href=\"https:\/\/itsocial.fr\/wp-content\/uploads\/2025\/11\/OVHcloud-Region-AZ-3_01.jpg\" data-caption=\"\" target=\"_blank\" rel=\"noopener\"><img loading=\"lazy\" decoding=\"async\" width=\"696\" height=\"464\" class=\"entry-thumb td-modal-image\" src=\"https:\/\/www.europesays.com\/fr\/wp-content\/uploads\/2025\/11\/OVHcloud-Region-AZ-3_01-696x464.jpg\"   alt=\"\" title=\"OVHcloud-Region AZ-3_01\"\/><\/a><\/p>\n<p><a href=\"https:\/\/itsocial.fr\/cybersecurite\/cybersecurite-livres-blancs\/plateforme-devaluation-de-lexposition-lb-landing-rapid7\/\" target=\"_blank\" rel=\"noopener\">&#13;<br \/>\n<img decoding=\"async\" src=\"https:\/\/www.europesays.com\/fr\/wp-content\/uploads\/2025\/10\/ban-leaderboard-rapid7.gif\" alt=\"banni\u00e8re\"\/>&#13;<br \/>\n<\/a><\/p>\n<p><strong>OVHcloud annonce l\u2019ouverture d\u2019une nouvelle r\u00e9gion 3-AZ \u00e0 Berlin, consolidant sa couverture europ\u00e9enne en mati\u00e8re de cloud de confiance. Ce d\u00e9ploiement renforce l\u2019ancrage du fournisseur dans le territoire europ\u00e9en pour les secteurs r\u00e9gul\u00e9s et acc\u00e9l\u00e8re la mise \u00e0 disposition d\u2019infrastructures hautement r\u00e9silientes sur le continent. La strat\u00e9gie multi-AZ devient un levier structurant de diff\u00e9renciation face aux g\u00e9ants am\u00e9ricains.<\/strong><\/p>\n<p>Alors que la souverainet\u00e9 num\u00e9rique europ\u00e9enne s\u2019affirme comme enjeu strat\u00e9gique, OVHcloud poursuit l\u2019expansion de son infrastructure avec une troisi\u00e8me r\u00e9gion 3-AZ, cette fois \u00e0 Berlin. Apr\u00e8s Paris et Milan, la capitale allemande devient la nouvelle pierre angulaire d\u2019un r\u00e9seau r\u00e9silient de r\u00e9gions cloud multizones, chacune compos\u00e9e de trois zones de disponibilit\u00e9 physiquement distinctes. Ces zones permettent un fonctionnement sans interruption, m\u00eame en cas de d\u00e9faillance locale, r\u00e9pondant aux attentes les plus critiques en mati\u00e8re de continuit\u00e9 d\u2019activit\u00e9 et de performance applicative.<\/p>\n<p>La g\u00e9n\u00e9ralisation du cloud dans les secteurs r\u00e9gul\u00e9s impose une robustesse op\u00e9rationnelle accrue. Les architectures 3-AZ con\u00e7ues par OVHcloud s\u2019adressent aux organisations qui ne peuvent tol\u00e9rer ni indisponibilit\u00e9 ni perte de donn\u00e9es. Avec des datacenters physiquement s\u00e9par\u00e9s, aliment\u00e9s et connect\u00e9s de mani\u00e8re ind\u00e9pendante, ces r\u00e9gions garantissent une redondance native. Elles conviennent notamment aux plans de reprise d\u2019activit\u00e9 (PRA), aux applications critiques de sant\u00e9, de finance ou d\u2019administration publique. En s\u2019implantant \u00e0 Berlin, OVHcloud se positionne au plus pr\u00e8s de ses clients allemands \u2013 parmi lesquels la Bundespolizei, ITSC ou Commerz Real \u2013 et \u00e9tend une offre qui combine conformit\u00e9, souverainet\u00e9 et disponibilit\u00e9.<\/p>\n<p><strong>Un mod\u00e8le industriel pour un cloud europ\u00e9en distribu\u00e9 et coh\u00e9rent<\/strong><\/p>\n<p>La strat\u00e9gie multi-AZ ne rel\u00e8ve plus du luxe technologique, mais d\u2019un imp\u00e9ratif de r\u00e9silience \u00e0 l\u2019\u00e9chelle continentale. OVHcloud, qui a d\u00e9j\u00e0 amorc\u00e9 ce mod\u00e8le \u00e0 Paris puis Milan, confirme avec Berlin son ambition d\u2019industrialiser un d\u00e9ploiement harmonis\u00e9 sur les grandes m\u00e9tropoles europ\u00e9ennes. \u00c0 la diff\u00e9rence des r\u00e9gions de type 1-AZ, souvent r\u00e9parties sur plusieurs b\u00e2timents mais int\u00e9gr\u00e9es \u00e0 une seule zone de disponibilit\u00e9 logique, les 3-AZ incarnent une \u00e9volution majeure : elles mat\u00e9rialisent une s\u00e9paration stricte des risques, tout en assurant une faible latence entre zones. Le r\u00e9seau priv\u00e9 entre les datacenters, les services compatibles avec les gammes Bare Metal avanc\u00e9es, et les options d\u2019adressage IP suppl\u00e9mentaires t\u00e9moignent d\u2019une orientation tr\u00e8s claire vers les cas d\u2019usage critiques.<\/p>\n<p>Pr\u00e9sent en Allemagne depuis 2005, OVHcloud renforce un peu plus son r\u00f4le de partenaire de confiance dans le contexte actuel de r\u00e9armement num\u00e9rique des \u00c9tats europ\u00e9ens. Alors que les grandes entreprises et administrations cherchent \u00e0 r\u00e9duire leur d\u00e9pendance vis-\u00e0-vis des fournisseurs extra-europ\u00e9ens, la capacit\u00e9 d\u2019un acteur comme OVHcloud \u00e0 op\u00e9rer des infrastructures souveraines sur plusieurs territoires devient un avantage concurrentiel d\u00e9cisif. L\u2019ouverture de la r\u00e9gion 3-AZ \u00e0 Berlin ne se limite pas \u00e0 une annonce technique\u202f: elle participe d\u2019un projet politique plus large, celui d\u2019une Europe capable de ma\u00eetriser ses flux de donn\u00e9es, ses technologies critiques et ses priorit\u00e9s industrielles.<\/p>\n<p><strong>Une couverture \u00e9tendue de l\u2019Europe par des r\u00e9gions 3-AZ<\/strong><\/p>\n<p>OVHcloud confirme que ce d\u00e9ploiement s\u2019inscrit dans une strat\u00e9gie d\u2019extension continue de ses capacit\u00e9s multi-AZ sur le continent. D\u2019autres m\u00e9tropoles europ\u00e9ennes accueilleront prochainement ce type de r\u00e9gion. Cette approche permet non seulement d\u2019harmoniser les standards de haute disponibilit\u00e9, mais aussi de soutenir des trajectoires de migration cloud complexes, tout en respectant les contraintes de localisation des donn\u00e9es.<\/p>\n<p> Dans un paysage o\u00f9 les fournisseurs am\u00e9ricains misent sur l\u2019expansion centralis\u00e9e de leurs r\u00e9gions hyperscale, OVHcloud parie sur une maille plus fine, distribu\u00e9e, et mieux align\u00e9e avec les cadres r\u00e9glementaires locaux. Ce choix strat\u00e9gique pourrait bien faire de l\u2019infrastructure 3-AZ un socle de r\u00e9f\u00e9rence pour le cloud de confiance europ\u00e9en.<\/p>\n<p>publicit\u00e9<br \/>\n<a href=\"https:\/\/itsocial.leader.community\/sl\/eset-leaderboard-071125\" target=\"_blank\" rel=\"noopener\">&#13;<br \/>\n<img decoding=\"async\" src=\"https:\/\/www.europesays.com\/fr\/wp-content\/uploads\/2025\/11\/ban-Leaderboard-eset.gif\" alt=\"banni\u00e8re\"\/>&#13;<br \/>\n<\/a>        <\/p>\n","protected":false},"excerpt":{"rendered":"&#13; &#13; OVHcloud annonce l\u2019ouverture d\u2019une nouvelle r\u00e9gion 3-AZ \u00e0 Berlin, consolidant sa couverture europ\u00e9enne en mati\u00e8re de&hellip;\n","protected":false},"author":2,"featured_media":544056,"comment_status":"","ping_status":"","sticky":false,"template":"","format":"standard","meta":{"footnotes":""},"categories":[1587],"tags":[11,672,1804,66278,66279,1805,1803,1777,674,1801,66280,10357,12,66281,1802],"class_list":{"0":"post-544055","1":"post","2":"type-post","3":"status-publish","4":"format-standard","5":"has-post-thumbnail","7":"category-allemagne","8":"tag-actualites","9":"tag-allemagne","10":"tag-bundesrepublik-deutschland","11":"tag-cloud-de-confiance","12":"tag-cloud-souverain","13":"tag-de","14":"tag-deutschland","15":"tag-eu","16":"tag-europe","17":"tag-germany","18":"tag-haute-disponibilite","19":"tag-infrastructure","20":"tag-news","21":"tag-region-3-az","22":"tag-republique-federale-dallemagne"},"share_on_mastodon":{"url":"https:\/\/pubeurope.com\/@fr\/115574811039882089","error":""},"_links":{"self":[{"href":"https:\/\/www.europesays.com\/fr\/wp-json\/wp\/v2\/posts\/544055","targetHints":{"allow":["GET"]}}],"collection":[{"href":"https:\/\/www.europesays.com\/fr\/wp-json\/wp\/v2\/posts"}],"about":[{"href":"https:\/\/www.europesays.com\/fr\/wp-json\/wp\/v2\/types\/post"}],"author":[{"embeddable":true,"href":"https:\/\/www.europesays.com\/fr\/wp-json\/wp\/v2\/users\/2"}],"replies":[{"embeddable":true,"href":"https:\/\/www.europesays.com\/fr\/wp-json\/wp\/v2\/comments?post=544055"}],"version-history":[{"count":0,"href":"https:\/\/www.europesays.com\/fr\/wp-json\/wp\/v2\/posts\/544055\/revisions"}],"wp:featuredmedia":[{"embeddable":true,"href":"https:\/\/www.europesays.com\/fr\/wp-json\/wp\/v2\/media\/544056"}],"wp:attachment":[{"href":"https:\/\/www.europesays.com\/fr\/wp-json\/wp\/v2\/media?parent=544055"}],"wp:term":[{"taxonomy":"category","embeddable":true,"href":"https:\/\/www.europesays.com\/fr\/wp-json\/wp\/v2\/categories?post=544055"},{"taxonomy":"post_tag","embeddable":true,"href":"https:\/\/www.europesays.com\/fr\/wp-json\/wp\/v2\/tags?post=544055"}],"curies":[{"name":"wp","href":"https:\/\/api.w.org\/{rel}","templated":true}]}}