{"id":544066,"date":"2025-11-19T06:00:31","date_gmt":"2025-11-19T06:00:31","guid":{"rendered":"https:\/\/www.europesays.com\/fr\/544066\/"},"modified":"2025-11-19T06:00:31","modified_gmt":"2025-11-19T06:00:31","slug":"le-staff-pourra-compter-sur-un-international-de-retour-malgre-le-match-de-sa-selection","status":"publish","type":"post","link":"https:\/\/www.europesays.com\/fr\/544066\/","title":{"rendered":"le staff pourra compter sur un international, de retour malgr\u00e9 le match de sa s\u00e9lection"},"content":{"rendered":"<p>Le Stade Toulousain va pouvoir compter sur un effectif moins d\u00e9cim\u00e9 que pr\u00e9vu. Ce samedi, les Rouge et Noir se d\u00e9placent \u00e0 Sapiac pour <a href=\"https:\/\/www.quinzemondial.com\/top-14\/stade-toulousain-en-plus-de-delpy-deux-autres-jeunes-talents-rappeles-pour-defier-montauban-820518\" target=\"_blank\" rel=\"noopener\">d\u00e9fier le promu montalbanais<\/a>. Sans surprise, de nombreux internationaux sont retenus en s\u00e9lections, de l\u2019\u00e9norme contingent fran\u00e7ais (Marchand, Cramont, Aldegheri, Neti, Flament, Meafou, Jelonch, Ntamack, Ramos, Gourgues) aux \u00e9trangers (Capuozzo, Mallia, Kinghorn, Chocobares, Elias\u2026).<\/p>\n<p>Merkler reste \u00e0 Toulouse<\/p>\n<p>N\u00e9anmoins, le club a d\u00e9cid\u00e9 de compter sur Jo\u00ebl Merkler, comme le rapporte <a href=\"https:\/\/www.ladepeche.fr\/2025\/11\/17\/stade-toulousain-dupont-colombe-brennan-mallez-banos-plusieurs-retours-et-enormement-dabsents-pour-preparer-montauban-13056797.php\" target=\"_blank\" rel=\"noopener\">La D\u00e9p\u00eache<\/a>. Le pilier droit va venir compenser l\u2019absence de Dorian Aldegheri et ne disputera pas le match face aux Fidji avec la s\u00e9lection espagnole, alors m\u00eame que <a href=\"https:\/\/www.quinzemondial.com\/top-14\/stade-toulousain-colombe-compare-mola-et-ogara-sur-leurs-methodes-et-encense-le-staff-rouge-et-noir-820540\" target=\"_blank\" rel=\"noopener\">Georges-Henri Colombe<\/a> et Paul Mallez \u00e9taient de retour \u00e0 l\u2019entra\u00eenement. D\u00e9j\u00e0 l\u2019an pass\u00e9, Merkler avait manqu\u00e9 plusieurs rencontres de sa s\u00e9lection pour rendre service au Stade Toulousain.<\/p>\n<p>Partagez cette info avec vos amis et vos proches en cliquant ici<br \/>Pour r\u00e9sumer<\/p>\n<p>Le staff du Stade Toulousain pourra compter sur la pr\u00e9sence d\u2019un joueur international pour le d\u00e9placement \u00e0 Montauban, pr\u00e9vu ce samedi. Le tout alors que sa s\u00e9lection disputera une rencontre lors de cette tourn\u00e9e internationale.<\/p>\n<p> <img decoding=\"async\" width=\"76\" height=\"76\" loading=\"lazy\" src=\"https:\/\/www.europesays.com\/fr\/wp-content\/uploads\/2025\/04\/avatar-quinze.png\" alt=\"Arnaud D\u00e9chelotte\"\/><\/p>\n","protected":false},"excerpt":{"rendered":"Le Stade Toulousain va pouvoir compter sur un effectif moins d\u00e9cim\u00e9 que pr\u00e9vu. Ce samedi, les Rouge et&hellip;\n","protected":false},"author":2,"featured_media":544067,"comment_status":"","ping_status":"","sticky":false,"template":"","format":"standard","meta":{"footnotes":""},"categories":[1416],"tags":[1011,27,479,1468,60,476,478],"class_list":{"0":"post-544066","1":"post","2":"type-post","3":"status-publish","4":"format-standard","5":"has-post-thumbnail","7":"category-rugby","8":"tag-fr","9":"tag-france","10":"tag-rugby","11":"tag-rugby-football","12":"tag-sports","13":"tag-stade-toulousain","14":"tag-top-14"},"share_on_mastodon":{"url":"https:\/\/pubeurope.com\/@fr\/115574842074732745","error":""},"_links":{"self":[{"href":"https:\/\/www.europesays.com\/fr\/wp-json\/wp\/v2\/posts\/544066","targetHints":{"allow":["GET"]}}],"collection":[{"href":"https:\/\/www.europesays.com\/fr\/wp-json\/wp\/v2\/posts"}],"about":[{"href":"https:\/\/www.europesays.com\/fr\/wp-json\/wp\/v2\/types\/post"}],"author":[{"embeddable":true,"href":"https:\/\/www.europesays.com\/fr\/wp-json\/wp\/v2\/users\/2"}],"replies":[{"embeddable":true,"href":"https:\/\/www.europesays.com\/fr\/wp-json\/wp\/v2\/comments?post=544066"}],"version-history":[{"count":0,"href":"https:\/\/www.europesays.com\/fr\/wp-json\/wp\/v2\/posts\/544066\/revisions"}],"wp:featuredmedia":[{"embeddable":true,"href":"https:\/\/www.europesays.com\/fr\/wp-json\/wp\/v2\/media\/544067"}],"wp:attachment":[{"href":"https:\/\/www.europesays.com\/fr\/wp-json\/wp\/v2\/media?parent=544066"}],"wp:term":[{"taxonomy":"category","embeddable":true,"href":"https:\/\/www.europesays.com\/fr\/wp-json\/wp\/v2\/categories?post=544066"},{"taxonomy":"post_tag","embeddable":true,"href":"https:\/\/www.europesays.com\/fr\/wp-json\/wp\/v2\/tags?post=544066"}],"curies":[{"name":"wp","href":"https:\/\/api.w.org\/{rel}","templated":true}]}}