{"id":544068,"date":"2025-11-19T06:02:25","date_gmt":"2025-11-19T06:02:25","guid":{"rendered":"https:\/\/www.europesays.com\/fr\/544068\/"},"modified":"2025-11-19T06:02:25","modified_gmt":"2025-11-19T06:02:25","slug":"insolite-en-grece-djokovic-a-deja-obtenu-un-precieux-sesame","status":"publish","type":"post","link":"https:\/\/www.europesays.com\/fr\/544068\/","title":{"rendered":"Insolite > En Gr\u00e8ce, Djokovic a d\u00e9j\u00e0 obtenu un pr\u00e9cieux s\u00e9same"},"content":{"rendered":"<p>Selon le <strong><a href=\"https:\/\/greekcitytimes.com\/2025\/11\/16\/novak-djokovic-secures-greece-golden-visa\/\" data-wpel-link=\"external\" target=\"_blank\" rel=\"nofollow external noopener\">Greek City Time,<\/a><\/strong> le joueur serbe a donc r\u00e9alis\u00e9 les inves\u00adtis\u00adse\u00adments indis\u00adpen\u00adsables en Gr\u00e8ce pour \u00eatre \u00e9ligible au Visa d\u2019or. Il aurait donc obtenu ce pr\u00e9cieux document.\u00a0<\/p>\n<p>Le montant minimum \u00e0 investir dans l\u2019im\u00admo\u00adbi\u00adlier \u00e9tait de 352.000\u202f\u00a3, (NDLR\u00a0: 399.000 euros) pouvant atteindre 705.000\u202f\u00a3 dans les zones tr\u00e8s pris\u00e9es comme Ath\u00e8nes, une brou\u00adtille pour le\u00a0Serbe.<\/p>\n<p>Ce choix \u00e9t\u00e9 r\u00e9alis\u00e9 pour diverses raisons mais des consi\u00add\u00e9\u00adra\u00adtions fiscales ont du entrer en jeu car Djokovic serait vrai\u00adsem\u00adbla\u00adble\u00adment \u00e9ligible au r\u00e9gime d\u2019im\u00adpo\u00adsi\u00adtion forfai\u00adtaire grec pour les non\u2010r\u00e9sidents.\u00a0<\/p>\n<p>Ce r\u00e9ime permet aux nouveaux arri\u00advants de payer un imp\u00f4t fixe de 100.000\u202f\u20ac par an sur leurs revenus mondiaux (plus 20\u00a0000\u202f\u20ac par membre de la famille) pendant une dur\u00e9e maxi\u00admale de 15\u00a0ans.<\/p>\n<p>On rappelle que le visa dor\u00e9 permet aussi de voyager sans visa dans l\u2019es\u00adpace Schengen, sans obli\u00adga\u00adtion de r\u00e9si\u00addence ni date d\u2019ex\u00adpi\u00adra\u00adtion. Il couvre le conjoint du titu\u00adlaire, ses enfants de moins de 21 ans et les parents du couple.<\/p>\n<p class=\"post-published-date\" style=\"color: silver; font-size: 75%; text-align: left;\">Publi\u00e9 le mardi 18 novembre 2025 \u00e0 10:37<\/p>\n","protected":false},"excerpt":{"rendered":"Selon le Greek City Time, le joueur serbe a donc r\u00e9alis\u00e9 les inves\u00adtis\u00adse\u00adments indis\u00adpen\u00adsables en Gr\u00e8ce pour \u00eatre&hellip;\n","protected":false},"author":2,"featured_media":10096,"comment_status":"","ping_status":"","sticky":false,"template":"","format":"standard","meta":{"footnotes":""},"categories":[1415],"tags":[105,1011,27,60,1467],"class_list":{"0":"post-544068","1":"post","2":"type-post","3":"status-publish","4":"format-standard","5":"has-post-thumbnail","7":"category-tennis","8":"tag-djokovic","9":"tag-fr","10":"tag-france","11":"tag-sports","12":"tag-tennis"},"share_on_mastodon":{"url":"https:\/\/pubeurope.com\/@fr\/115574849026771079","error":""},"_links":{"self":[{"href":"https:\/\/www.europesays.com\/fr\/wp-json\/wp\/v2\/posts\/544068","targetHints":{"allow":["GET"]}}],"collection":[{"href":"https:\/\/www.europesays.com\/fr\/wp-json\/wp\/v2\/posts"}],"about":[{"href":"https:\/\/www.europesays.com\/fr\/wp-json\/wp\/v2\/types\/post"}],"author":[{"embeddable":true,"href":"https:\/\/www.europesays.com\/fr\/wp-json\/wp\/v2\/users\/2"}],"replies":[{"embeddable":true,"href":"https:\/\/www.europesays.com\/fr\/wp-json\/wp\/v2\/comments?post=544068"}],"version-history":[{"count":0,"href":"https:\/\/www.europesays.com\/fr\/wp-json\/wp\/v2\/posts\/544068\/revisions"}],"wp:featuredmedia":[{"embeddable":true,"href":"https:\/\/www.europesays.com\/fr\/wp-json\/wp\/v2\/media\/10096"}],"wp:attachment":[{"href":"https:\/\/www.europesays.com\/fr\/wp-json\/wp\/v2\/media?parent=544068"}],"wp:term":[{"taxonomy":"category","embeddable":true,"href":"https:\/\/www.europesays.com\/fr\/wp-json\/wp\/v2\/categories?post=544068"},{"taxonomy":"post_tag","embeddable":true,"href":"https:\/\/www.europesays.com\/fr\/wp-json\/wp\/v2\/tags?post=544068"}],"curies":[{"name":"wp","href":"https:\/\/api.w.org\/{rel}","templated":true}]}}