{"id":544071,"date":"2025-11-19T06:08:18","date_gmt":"2025-11-19T06:08:18","guid":{"rendered":"https:\/\/www.europesays.com\/fr\/544071\/"},"modified":"2025-11-19T06:08:18","modified_gmt":"2025-11-19T06:08:18","slug":"la-programmation-complete-du-huitieme-tour","status":"publish","type":"post","link":"https:\/\/www.europesays.com\/fr\/544071\/","title":{"rendered":"la programmation compl\u00e8te du huiti\u00e8me tour"},"content":{"rendered":"<p>Demandez le programme ! Quelques jours apr\u00e8s le <a href=\"https:\/\/www.foot-national.com\/coupe-de-france\/coupe-de-france-tous-les-resultats-du-septieme-tour-930202\" target=\"_blank\" rel=\"noopener\">septi\u00e8me tour de la Coupe de France<\/a>, la F\u00e9d\u00e9ration fran\u00e7aise de football (FFF) a d\u00e9voil\u00e9 la programmation compl\u00e8te du huiti\u00e8me tour de la 109e \u00e9dition de la plus vieille des comp\u00e9titions hexagonales. Et \u00e7a va d\u00e9marrer fort d\u00e8s le vendredi 28 novembre, avec deux rencontres pr\u00e9vues \u00e0 19h30 et 20h : un choc 100% National entre l\u2019US Concarneau et le Stade Briochin puis le derby des Alpes entre les deux clubs de Ligue 2 que sont le FC Annecy et Grenoble.\u00a0<\/p>\n<p>La programmation compl\u00e8te<\/p>\n<p>Vendredi 28 novembre, 19h30 :<\/p>\n<ul>\n<li>US Concarneau (N1) &#8211; Stade Briochin (N1)<\/li>\n<\/ul>\n<p>Vendredi 28 novembre, 20h :<\/p>\n<ul>\n<li>FC Annecy (L2) &#8211; Grenoble (L2)<\/li>\n<\/ul>\n<p>Samedi 29 novembre, \u00e0 fixer<\/p>\n<ul>\n<li>Villeneuve-la-Garenne (R2) ou Bobigny \u00c9toile (D1) &#8211; Le Mans (L2)<\/li>\n<\/ul>\n<p>Samedi 29 novembre, 13h30<\/p>\n<ul>\n<li>Reims Sainte-Anne (R2) &#8211; Amiens (L2)<\/li>\n<li>Torcy (N3) &#8211; Reims (L2)<\/li>\n<li>Montceau (R1) &#8211; Montpellier (L2)<\/li>\n<li>Union Sportive Ecotay Moingt (R3) &#8211; Saint-\u00c9tienne (L2)<\/li>\n<li>Union Saint-Jean (R1) &#8211; Orl\u00e9ans (N1)<\/li>\n<li>Canet-en-Roussillon (N3) &#8211; Rodez (L2)<\/li>\n<li>Saint-Malo (N2) &#8211; SC Bastia (L2)<\/li>\n<li>Sarre-Union (R1) &#8211; Sochaux (N1)<\/li>\n<li>Freyming (R2) &#8211; Racing Besan\u00e7on (N3)<\/li>\n<li>Biesheim (N2) &#8211; Red Star (L2)<\/li>\n<\/ul>\n<p>Samedi 29 novembre, 14h00<\/p>\n<ul>\n<li>Croix (N3) &#8211; Le Geldar de Kourou (Guyane) ou AS. Et. Matoury (Guyane)<\/li>\n<\/ul>\n<p>Samedi 29 novembre, 15h30<\/p>\n<ul>\n<li>AS Gosier (R1 Guadeloupe) &#8211; Oissel (N3)<\/li>\n<\/ul>\n<p>Samedi 29 novembre, 16h30<\/p>\n<ul>\n<li>Laval (L2) &#8211; Saint-Pauloise (La R\u00e9union)<\/li>\n<\/ul>\n<p>Samedi 29 novembre, 17h00<\/p>\n<ul>\n<li>Hauts-Lyonnais (N3) &#8211; Feurs (N3)<\/li>\n<li>Espoir de Sainte-Luce (R1 Martinique) &#8211; GSI Pontivy (N3)<\/li>\n<\/ul>\n<p>Samedi 29 novembre, 18h00<\/p>\n<ul>\n<li>Romorantin (N3) &#8211; Blois (N2)<\/li>\n<li>Fontenay Foot (N3) &#8211; Ch\u00e2teauroux (N1)<\/li>\n<li>APM Metz (R1) &#8211; Feignies-Aulnoye (N2)<\/li>\n<li>Steenvoorde (R1) &#8211; B\u00e9thune Stade (R1)<\/li>\n<li>Beauvais (N2) &#8211; Dieppe (N2)<\/li>\n<li>Abbeville (R2) &#8211; Dunkerque (L2)<\/li>\n<li>Marcq-en-Baroeul (R1) &#8211; Bondues (R1)<\/li>\n<li>Lyon-La Duch\u00e8re (N3) &#8211; Carnoux (N3)<\/li>\n<li>Selongey (R1) &#8211; Bourg-P\u00e9ronnas (N1)<\/li>\n<li>Chalon (N3) &#8211; Le Puy (N1)<\/li>\n<li>Plabennec (R1) &#8211; Les Herbiers (N2)<\/li>\n<li>Ancienne Ch\u00e2teau Gontier (R1) &#8211; Guingamp (L2)<\/li>\n<li>SA M\u00e9rignac (R1) &#8211; Pau (L2)<\/li>\n<li>Yvetot (R1) &#8211; Bayeux (R1)<\/li>\n<li>Montreuil (R1) &#8211; Granville (N2)<\/li>\n<\/ul>\n<p>Samedi 29 novembre, 19h00<\/p>\n<ul>\n<li>Maz\u00e8res Uzos Rontignon (R1) &#8211; Bordeaux (N2)<\/li>\n<\/ul>\n<p>Dimanche 30 novembre, 13h30<\/p>\n<ul>\n<li>Chauvigny (N3) &#8211; Poitiers (N2)<\/li>\n<li>P\u00e9rigny (R1) &#8211; Beaucouz\u00e9 (R1)<\/li>\n<li>Cormontreuil (R1) &#8211; Chantilly (N2)<\/li>\n<li>Bogny (R1) &#8211; Lusitanos Saint-Maur (N2)<\/li>\n<li>Saint-Cyr Collonges Mont d&rsquo;Or (R1) &#8211; Rh\u00f4ne Vall\u00e9es (R1)<\/li>\n<li>Seyssinet (N3) &#8211; Istres (N2)<\/li>\n<li>Marmande (R1) &#8211; Bassin d&rsquo;Arcachon (N3)<\/li>\n<li>Avranches (N2) &#8211; Aubervilliers (N3)<\/li>\n<li>Raon L&rsquo;\u00c9tape (R1) &#8211; Mulhouse (N3)<\/li>\n<li>FC 2 Rives 82 (R1) &#8211; Bordeaux (N2)<\/li>\n<\/ul>\n<p>Dimanche 30 novembre, 15h00<\/p>\n<ul>\n<li>Les Sables VF (N3) &#8211; Plouvorn (R1)<\/li>\n<\/ul>\n<p>Dimanche 30 novembre, 16h00<\/p>\n<ul>\n<li>UF Touraine (N3) &#8211; Troyes (L2)<\/li>\n<li>Furiani Agliani (N2) ou Sarreguemines FC (R1) &#8211; AS Nancy-Lorraine (L2)<\/li>\n<\/ul>\n<p>Partagez cette info avec vos amis et vos proches en cliquant ici<br \/>Pour r\u00e9sumer<\/p>\n<p>Demandez le programme ! Quelques jours apr\u00e8s le septi\u00e8me tour de la Coupe de France, la F\u00e9d\u00e9ration fran\u00e7aise de football (FFF) a d\u00e9voil\u00e9 la programmation compl\u00e8te du huiti\u00e8me tour de la 109e \u00e9dition de la plus vieille des comp\u00e9titions hexagonales.<\/p>\n<p> <img decoding=\"async\" width=\"76\" height=\"76\" loading=\"lazy\" src=\"https:\/\/static.wui.fr\/images_v3\/avatar-footnational.png\" alt=\"Youcef Ghalaza-Boudra\"\/><\/p>\n","protected":false},"excerpt":{"rendered":"Demandez le programme ! Quelques jours apr\u00e8s le septi\u00e8me tour de la Coupe de France, la F\u00e9d\u00e9ration fran\u00e7aise&hellip;\n","protected":false},"author":2,"featured_media":544072,"comment_status":"","ping_status":"","sticky":false,"template":"","format":"standard","meta":{"footnotes":""},"categories":[1410],"tags":[61432,63,1011,27,60],"class_list":{"0":"post-544071","1":"post","2":"type-post","3":"status-publish","4":"format-standard","5":"has-post-thumbnail","7":"category-football","8":"tag-coupes-coupe-de-france","9":"tag-football","10":"tag-fr","11":"tag-france","12":"tag-sports"},"share_on_mastodon":{"url":"https:\/\/pubeurope.com\/@fr\/115574872842232056","error":""},"_links":{"self":[{"href":"https:\/\/www.europesays.com\/fr\/wp-json\/wp\/v2\/posts\/544071","targetHints":{"allow":["GET"]}}],"collection":[{"href":"https:\/\/www.europesays.com\/fr\/wp-json\/wp\/v2\/posts"}],"about":[{"href":"https:\/\/www.europesays.com\/fr\/wp-json\/wp\/v2\/types\/post"}],"author":[{"embeddable":true,"href":"https:\/\/www.europesays.com\/fr\/wp-json\/wp\/v2\/users\/2"}],"replies":[{"embeddable":true,"href":"https:\/\/www.europesays.com\/fr\/wp-json\/wp\/v2\/comments?post=544071"}],"version-history":[{"count":0,"href":"https:\/\/www.europesays.com\/fr\/wp-json\/wp\/v2\/posts\/544071\/revisions"}],"wp:featuredmedia":[{"embeddable":true,"href":"https:\/\/www.europesays.com\/fr\/wp-json\/wp\/v2\/media\/544072"}],"wp:attachment":[{"href":"https:\/\/www.europesays.com\/fr\/wp-json\/wp\/v2\/media?parent=544071"}],"wp:term":[{"taxonomy":"category","embeddable":true,"href":"https:\/\/www.europesays.com\/fr\/wp-json\/wp\/v2\/categories?post=544071"},{"taxonomy":"post_tag","embeddable":true,"href":"https:\/\/www.europesays.com\/fr\/wp-json\/wp\/v2\/tags?post=544071"}],"curies":[{"name":"wp","href":"https:\/\/api.w.org\/{rel}","templated":true}]}}