{"id":544075,"date":"2025-11-19T06:10:35","date_gmt":"2025-11-19T06:10:35","guid":{"rendered":"https:\/\/www.europesays.com\/fr\/544075\/"},"modified":"2025-11-19T06:10:35","modified_gmt":"2025-11-19T06:10:35","slug":"linde-et-les-fantomes-de-pier-paolo-pasolini-captes-par-le-photographe-paolo-roversi","status":"publish","type":"post","link":"https:\/\/www.europesays.com\/fr\/544075\/","title":{"rendered":"L\u2019Inde et les fant\u00f4mes de Pier Paolo Pasolini capt\u00e9s par le photographe Paolo Roversi"},"content":{"rendered":"\n<p class=\"article__chapeau\">EN PHOTO \u2014 Au d\u00e9but des ann\u00e9es 1990, le photographe Paolo Roversi se rend en Inde, avec en poche le livre compos\u00e9 par le cin\u00e9aste \u00e9crivain entre Bombay et le Kerala. Les mots de Pasolini dialoguent avec les images de Roversi dans \u201cL\u2019Odeur de l\u2019Inde\u201d.<\/p>\n<p class=\"author author--simple\">Par  <a class=\"author author--link\" href=\"https:\/\/www.telerama.fr\/recherche\/articles?q=Laurent+Rigoulet\" rel=\"nofollow noopener\" target=\"_blank\"> Laurent Rigoulet <\/a>    <\/p>\n<p class=\"publication__date\">Publi\u00e9 le 18 novembre 2025 \u00e0 16h00<\/p>\n<p>   Partager   <\/p>\n<ul class=\"sharing-popin--results\">\n<li class=\"sharing-popin--item sharing-popin--item-container\"> Partage  <\/li>\n<li data-share=\"linkedin\" class=\"sharing-popin--item\">  LinkedIn <\/li>\n<li data-share=\"facebook\" class=\"sharing-popin--item\">  Facebook <\/li>\n<li data-share=\"mail\" data-social=\"mail\" class=\"sharing-popin--item\">  Envoyer par email <\/li>\n<li data-share=\"copy\" class=\"sharing-popin--item\">  Copier le lien <\/li>\n<\/ul>\n<p>        Favoris       <\/p>\n<p>                <a class=\"openapp__link\" data-event=\"click-open-app\" data-deep-link=\"tlrm:\/\/element?id=\/arts-expositions\/l-inde-et-les-fantomes-de-pier-paolo-pasolini-captes-par-le-photographe-paolo-roversi-7028353.php&amp;source=deeplink_site\">  Lire dans l&rsquo;application<br \/>\n  <\/a>                              <a href=\"https:\/\/www.europesays.com\/fr\/wp-content\/uploads\/2025\/11\/eaebd53_upload-1-txxbz1qm0tiw-g393-01-045.jpg\" data-pswp-width=\"\" data-pswp-height=\"\" class=\"media__hd\" target=\"_blank\">      <img decoding=\"async\" loading=\"lazy\" src=\"https:\/\/www.europesays.com\/fr\/wp-content\/uploads\/2025\/11\/eaebd53_upload-1-txxbz1qm0tiw-g393-01-045.jpg\" class=\"media__picture js-media-zoom  media__size--large\" alt=\"\" title=\"Photo Paolo Roversi\/Extrait de \u00ab\u00a0L\u2019Odeur de l\u2019Inde\u00a0\u00bb (Atelier EXB, Paris 2025)\"\/>      <\/p>\n<p class=\"media__legend\">   Photo Paolo Roversi\/Extrait de \u00ab\u00a0L\u2019Odeur de l\u2019Inde\u00a0\u00bb (Atelier EXB, Paris 2025)  <\/p>\n<p>     <\/a>                          <\/p>\n<p class=\"paragraph\">Voici un livre singulier que l\u2019on peut regarder et lire de bien des fa\u00e7ons. On peut s\u2019attacher d\u2019abord, puisqu\u2019elles en sont l\u2019objet premier, aux photographies r\u00e9alis\u00e9es en Inde par <a target=\"_blank\" href=\"https:\/\/www.telerama.fr\/arts-expositions\/le-photographe-paolo-roversi-un-mystique-de-la-mode-au-palais-galliera-7019692.php\" rel=\"nofollow noopener\">Paolo Roversi<\/a>, ma\u00eetre de la lumi\u00e8re et de la composition picturale n\u00e9 \u00e0 Ravenne, au bord de l\u2019Adriatique. Elles ont \u00e9t\u00e9 prises au tournant des ann\u00e9es 1990,\u00a0quand le photographe \u00e9tait au sommet de la gloire dans l\u2019image de mode, et cherchait un absolu de beaut\u00e9 dans son atelier de peintre du 14\u1d49 arrondissement de Paris. Ce passionn\u00e9 de po\u00e9sie, \u00e9pris des folies boh\u00e8mes de la <a target=\"_blank\" href=\"https:\/\/www.telerama.fr\/livre\/la-beat-generation-les-4-moments-cles-du-mouvement-de-la-contre-culture,144062.php\" rel=\"nofollow noopener\">Beat Generation<\/a> avait peu le go\u00fbt du voyage, mais quand il s\u2019\u00e9loignait de chez lui c\u2019\u00e9tait pour de bon, pour une exp\u00e9rience v\u00e9ritablement transcendentale.<\/p>\n<p class=\"paragraph\">Comme dans la chambre o\u00f9 Ni\u00e9pce a r\u00e9alis\u00e9 la photo originelle en 1827 et o\u00f9 il s\u2019est endormi \u00e0 m\u00eame le sol\u00a0: \u00ab\u00a0Allong\u00e9 sur le vieux parquet, encore tach\u00e9 par le bitume de Jud\u00e9e et l\u2019huile de lavande.\u00a0\u00bb Ou dans l\u2019Inde immense o\u00f9 il est parti sans id\u00e9e pr\u00e9cise, et o\u00f9 il a poursuivi sa qu\u00eate d\u2019une tendre, fervente et fragile luminosit\u00e9, figeant les gens et les paysages en sublimes couleurs spectrales, par la gr\u00e2ce desquelles le temps s\u2019\u00e9vapore. L\u2019Inde qu\u2019il traverse semble noble, tranquille et silencieuse, br\u00fblant d\u2019une douce flamme\u00a0: \u00ab\u00a0Il existe\u00a0les photographes de la douleur et des laideurs du monde, a -t-il coutume de dire,\u00a0et ceux de la beaut\u00e9, de la joie de vivre\u00a0: les photographes de guerre et les photographes de paix.\u00a0\u00bb<\/p>\n<p>                Avec la fi\u00e8vre de Pasolini                       <\/p>\n<p class=\"paragraph\">\u00c9videmment l\u2019artiste italien est plus d\u00e9chir\u00e9 qu\u2019il ne le dit. Et l\u2019on peut choisir de commencer l\u2019ouvrage par la lecture du r\u00e9cit de voyage en Inde de <a target=\"_blank\" href=\"https:\/\/www.telerama.fr\/cinema\/que-reste-t-il-de-pier-paolo-pasolini,104124.php\" rel=\"nofollow noopener\">Pier Paolo Pasolini<\/a>\u00a0\u2014 qui en occupe la seconde partie. Ce sont les feuillets du cin\u00e9aste \u00e9crivain, disparu il y a cinquante ans, qui lui donnent son titre\u00a0\u2014\u00a0L\u2019Odeur de l\u2019Inde\u00a0\u2014 et montrent le chemin \u00e0 Paolo Roversi. Dans un entretien avec le journaliste curateur Philippe S\u00e9clier, le photographe raconte qu\u2019il avait emport\u00e9 avec lui le livre \u00e9crit par Pasolini lors d\u2019une vir\u00e9e entre Bombay et le Kerala en 1960, en compagnie des \u00e9crivains Alberto Moravia et Elsa Morante. \u00ab\u00a0J\u2019ai appris \u00e0 regarder l\u2019Inde d\u2019une mani\u00e8re diff\u00e9rente. D\u2019une certaine fa\u00e7on, il m\u2019a aid\u00e9 \u00e0 mieux percevoir ce tr\u00e8s grand pays.\u00a0\u00bb Pasolini se jette \u00e0 corps perdu dans l\u2019\u00e9tranget\u00e9 de cette terre absolument \u00e9trang\u00e8re (\u00ab\u00a0Je ne sais pas dominer la b\u00eate assoiff\u00e9e qui tourne en moi, comme dans une cage\u00a0\u00bb). La f\u00e9brilit\u00e9 de ses mots, la fi\u00e8vre qui l\u2019habite invitent \u00e0 regarder autrement les images de Paolo Roversi comme si elles per\u00e7aient les ombres et les voiles pour r\u00e9veler chaque d\u00e9tail intime, chaque repli de rage et de souffrance, chaque blessure du pass\u00e9 creus\u00e9 dans les pierres \u00e9caill\u00e9es.<\/p>\n<p>                           <a href=\"https:\/\/www.europesays.com\/fr\/wp-content\/uploads\/2025\/11\/f7a213d_upload-1-3bj23g2drgi3-g392-01-026.jpg\" data-pswp-width=\"\" data-pswp-height=\"\" class=\"media__hd\" target=\"_blank\">      <img decoding=\"async\" loading=\"lazy\" src=\"https:\/\/www.europesays.com\/fr\/wp-content\/uploads\/2025\/11\/f7a213d_upload-1-3bj23g2drgi3-g392-01-026.jpg\" class=\"media__picture js-media-zoom  media__size--large\" alt=\"\" title=\"Photo Paolo Roversi\/Extrait de \u00ab\u00a0L\u2019Odeur de l\u2019Inde\u00a0\u00bb (Atelier EXB, Paris 2025)\"\/>      <\/p>\n<p class=\"media__legend\">   Photo Paolo Roversi\/Extrait de \u00ab\u00a0L\u2019Odeur de l\u2019Inde\u00a0\u00bb (Atelier EXB, Paris 2025)  <\/p>\n<p>     <\/a>                          <\/p>\n<p class=\"paragraph\">Pasolini, lui aussi, trouve une forme de paix\u00a0:\u00a0\u00ab\u00a0un profond sentiment de communion, de tranquillit\u00e9, et presque de joie \u00bb. Et l\u2019on vogue de l\u2019un \u00e0 l\u2019autre, de l\u2019\u00e9crit \u00e0 la photo, de l\u2019image au r\u00e9cit, comme en r\u00eavait Paolo Roversi, qui souhaitait publier ce recueil depuis une trentaine d\u2019ann\u00e9es. Le photographe s\u2019est coul\u00e9 dans les pas de son a\u00een\u00e9, il a cherch\u00e9, parmi la multitude, des figures que celui-ci aurait pu croiser. Il s\u2019est surtout frott\u00e9 aux m\u00eames interrogations, celle d\u2019un homme italien dont l\u2019enfance fut domin\u00e9e par le catholicisme et qui d\u00e9couvre une autre religion, une autre lumi\u00e8re, un autre rapport au monde\u00a0: \u00ab\u00a0L\u2019hindouisme est une religion magnifique, professait l\u2019ath\u00e9e Pasolini. Elle a rendu les hommes modestes, doux, raisonnables. C\u2019est cet esprit de qui\u00e9tude qui a rendu possible la remarquable action politique de Gandhi\u00a0: la non-violence.\u00a0\u00bb <\/p>\n<p class=\"edito__prefixe\">   \u00c0 lire aussi :   <\/p>\n<p class=\"edito__text-container\">   <a alt=\"Lire aussi\" href=\"https:\/\/www.telerama.fr\/idees\/la-non-violence-est-l-exercice-d-une-force-opposee-a-la-violence-pascal-tozzi,142759.php\" class=\"article__title--edito\" rel=\"nofollow noopener\" target=\"_blank\">\u201cLa non-violence est l\u2019exercice d\u2019une force oppos\u00e9e \u00e0 la violence\u201d<\/a>  <\/p>\n<p class=\"paragraph\">Cet \u00ab\u00a0esprit de qui\u00e9tude\u00a0\u00bb ne s\u2019\u00e9loigne ni de la m\u00e9lancolie ni de la douleur. Pour pr\u00e9senter cet hommage, Paolo Roversi confiait \u00e0 Philippe S\u00e9clier un souvenir d\u2019une d\u00e9chirante clart\u00e9. \u00ab\u00a0Lorsque j\u2019\u00e9tais \u00e9tudiant \u00e0 Ravenne. Ma professeure de latin, chez qui j\u2019allais souvent pour des cours priv\u00e9s, n\u2019\u00e9tait autre que la tante de Pasolini. Un jour, on sonne \u00e0 sa porte\u00a0: c\u2019\u00e9tait Pier Paolo. Elle lui demande ce qu\u2019il fait l\u00e0 et il l r\u00e9pond aussit\u00f4t qu\u2019il a besoin de s\u2019\u00e9loigner de Rome et de fuir la pers\u00e9cution dont il est victime \u00a0: les proc\u00e8s, critiques et attaques de toutes sortes. Je l\u2019ai vu s\u2019appuyer sur la table, la t\u00eate dans ses bras, et il a commenc\u00e9 \u00e0 pleurer. Voil\u00e0 l\u2019image qui me reste de Pier Paolo Pasolini. Celle d\u2019un tr\u00e8s grand po\u00e8te en larmes, \u00e0 qui l\u2019on a fait beaucoup de mal.\u00a0\u00bb<\/p>\n<p>                           <a href=\"https:\/\/www.europesays.com\/fr\/wp-content\/uploads\/2025\/11\/0e53de0_upload-1-7flbzj2p0fan-g392-01-043.jpg\" data-pswp-width=\"\" data-pswp-height=\"\" class=\"media__hd\" target=\"_blank\">      <img decoding=\"async\" loading=\"lazy\" src=\"https:\/\/www.europesays.com\/fr\/wp-content\/uploads\/2025\/11\/0e53de0_upload-1-7flbzj2p0fan-g392-01-043.jpg\" class=\"media__picture js-media-zoom  media__size--large\" alt=\"\" title=\"Photo Paolo Roversi\/Extrait de \u00ab\u00a0L\u2019Odeur de l\u2019Inde\u00a0\u00bb (Atelier EXB, Paris 2025)\"\/>      <\/p>\n<p class=\"media__legend\">   Photo Paolo Roversi\/Extrait de \u00ab\u00a0L\u2019Odeur de l\u2019Inde\u00a0\u00bb (Atelier EXB, Paris 2025)  <\/p>\n<p>     <\/a>                               <a href=\"https:\/\/www.europesays.com\/fr\/wp-content\/uploads\/2025\/11\/d55a957_upload-1-abzvk7ixuznh-g392-01-024.jpg\" data-pswp-width=\"\" data-pswp-height=\"\" class=\"media__hd\" target=\"_blank\">      <img decoding=\"async\" loading=\"lazy\" src=\"https:\/\/www.europesays.com\/fr\/wp-content\/uploads\/2025\/11\/d55a957_upload-1-abzvk7ixuznh-g392-01-024.jpg\" class=\"media__picture js-media-zoom  media__size--large\" alt=\"\" title=\"Photo Paolo Roversi\/Extrait de \u00ab\u00a0L\u2019Odeur de l\u2019Inde\u00a0\u00bb (Atelier EXB, Paris 2025)\"\/>      <\/p>\n<p class=\"media__legend\">   Photo Paolo Roversi\/Extrait de \u00ab\u00a0L\u2019Odeur de l\u2019Inde\u00a0\u00bb (Atelier EXB, Paris 2025)  <\/p>\n<p>     <\/a>                               <a href=\"https:\/\/www.europesays.com\/fr\/wp-content\/uploads\/2025\/11\/e3298e1_upload-1-yk4hqovdkqsl-g392-01-030.jpg\" data-pswp-width=\"\" data-pswp-height=\"\" class=\"media__hd\" target=\"_blank\">      <img decoding=\"async\" loading=\"lazy\" src=\"https:\/\/www.europesays.com\/fr\/wp-content\/uploads\/2025\/11\/e3298e1_upload-1-yk4hqovdkqsl-g392-01-030.jpg\" class=\"media__picture js-media-zoom  media__size--large\" alt=\"\" title=\"Photo Paolo Roversi\/Extrait de \u00ab\u00a0L\u2019Odeur de l\u2019Inde\u00a0\u00bb (Atelier EXB, Paris 2025)\"\/>      <\/p>\n<p class=\"media__legend\">   Photo Paolo Roversi\/Extrait de \u00ab\u00a0L\u2019Odeur de l\u2019Inde\u00a0\u00bb (Atelier EXB, Paris 2025)  <\/p>\n<p>     <\/a>                               <a href=\"https:\/\/www.europesays.com\/fr\/wp-content\/uploads\/2025\/11\/0407b99_upload-1-l57zxqz5oyxi-g392-01-031.jpg\" data-pswp-width=\"\" data-pswp-height=\"\" class=\"media__hd\" target=\"_blank\">      <img decoding=\"async\" loading=\"lazy\" src=\"https:\/\/www.europesays.com\/fr\/wp-content\/uploads\/2025\/11\/0407b99_upload-1-l57zxqz5oyxi-g392-01-031.jpg\" class=\"media__picture js-media-zoom  media__size--large\" alt=\"\" title=\"Photo Paolo Roversi\/Extrait de \u00ab\u00a0L\u2019Odeur de l\u2019Inde\u00a0\u00bb (Atelier EXB, Paris 2025)\"\/>      <\/p>\n<p class=\"media__legend\">   Photo Paolo Roversi\/Extrait de \u00ab\u00a0L\u2019Odeur de l\u2019Inde\u00a0\u00bb (Atelier EXB, Paris 2025)  <\/p>\n<p>     <\/a>                               <a href=\"https:\/\/www.europesays.com\/fr\/wp-content\/uploads\/2025\/11\/cb02846_upload-1-ykjyf4umwnh6-g392-01-013.jpg\" data-pswp-width=\"\" data-pswp-height=\"\" class=\"media__hd\" target=\"_blank\">      <img decoding=\"async\" loading=\"lazy\" src=\"https:\/\/www.europesays.com\/fr\/wp-content\/uploads\/2025\/11\/cb02846_upload-1-ykjyf4umwnh6-g392-01-013.jpg\" class=\"media__picture js-media-zoom  media__size--large\" alt=\"\" title=\"Photo Paolo Roversi\/Extrait de \u00ab\u00a0L\u2019Odeur de l\u2019Inde\u00a0\u00bb (Atelier EXB, Paris 2025)\"\/>      <\/p>\n<p class=\"media__legend\">   Photo Paolo Roversi\/Extrait de \u00ab\u00a0L\u2019Odeur de l\u2019Inde\u00a0\u00bb (Atelier EXB, Paris 2025)  <\/p>\n<p>     <\/a>                               <a href=\"https:\/\/www.europesays.com\/fr\/wp-content\/uploads\/2025\/11\/4ea0b00_upload-1-8ah6cxri8sou-g392-01-027.jpg\" data-pswp-width=\"\" data-pswp-height=\"\" class=\"media__hd\" target=\"_blank\">      <img decoding=\"async\" loading=\"lazy\" src=\"https:\/\/www.europesays.com\/fr\/wp-content\/uploads\/2025\/11\/4ea0b00_upload-1-8ah6cxri8sou-g392-01-027.jpg\" class=\"media__picture js-media-zoom  media__size--large\" alt=\"\" title=\"Photo Paolo Roversi\/Extrait de \u00ab\u00a0L\u2019Odeur de l\u2019Inde\u00a0\u00bb (Atelier EXB, Paris 2025)\"\/>      <\/p>\n<p class=\"media__legend\">   Photo Paolo Roversi\/Extrait de \u00ab\u00a0L\u2019Odeur de l\u2019Inde\u00a0\u00bb (Atelier EXB, Paris 2025)  <\/p>\n<p>     <\/a>                               <a href=\"https:\/\/www.europesays.com\/fr\/wp-content\/uploads\/2025\/11\/e02b85c_upload-1-bdb7oritvzqn-g398-01-011.jpg\" data-pswp-width=\"\" data-pswp-height=\"\" class=\"media__hd\" target=\"_blank\">      <img decoding=\"async\" loading=\"lazy\" src=\"https:\/\/www.europesays.com\/fr\/wp-content\/uploads\/2025\/11\/e02b85c_upload-1-bdb7oritvzqn-g398-01-011.jpg\" class=\"media__picture js-media-zoom  media__size--large\" alt=\"\" title=\"Photo Paolo Roversi\/Extrait de \u00ab\u00a0L\u2019Odeur de l\u2019Inde\u00a0\u00bb (Atelier EXB, Paris 2025)\"\/>      <\/p>\n<p class=\"media__legend\">   Photo Paolo Roversi\/Extrait de \u00ab\u00a0L\u2019Odeur de l\u2019Inde\u00a0\u00bb (Atelier EXB, Paris 2025)  <\/p>\n<p>     <\/a>                               <a href=\"https:\/\/www.europesays.com\/fr\/wp-content\/uploads\/2025\/11\/9bedc12_upload-1-vz5ajeouewyq-g392-01-022.jpg\" data-pswp-width=\"\" data-pswp-height=\"\" class=\"media__hd\" target=\"_blank\">      <img decoding=\"async\" loading=\"lazy\" src=\"https:\/\/www.europesays.com\/fr\/wp-content\/uploads\/2025\/11\/9bedc12_upload-1-vz5ajeouewyq-g392-01-022.jpg\" class=\"media__picture js-media-zoom  media__size--large\" alt=\"\" title=\"Photo Paolo Roversi\/Extrait de \u00ab\u00a0L\u2019Odeur de l\u2019Inde\u00a0\u00bb (Atelier EXB, Paris 2025)\"\/>      <\/p>\n<p class=\"media__legend\">   Photo Paolo Roversi\/Extrait de \u00ab\u00a0L\u2019Odeur de l\u2019Inde\u00a0\u00bb (Atelier EXB, Paris 2025)  <\/p>\n<p>     <\/a>                               <a href=\"https:\/\/www.europesays.com\/fr\/wp-content\/uploads\/2025\/11\/992562d_upload-1-70pyfozhgevi-g392-01-001-agra-90.jpg\" data-pswp-width=\"\" data-pswp-height=\"\" class=\"media__hd\" target=\"_blank\">      <img decoding=\"async\" loading=\"lazy\" src=\"https:\/\/www.europesays.com\/fr\/wp-content\/uploads\/2025\/11\/992562d_upload-1-70pyfozhgevi-g392-01-001-agra-90.jpg\" class=\"media__picture js-media-zoom  media__size--large\" alt=\"\" title=\"Photo Paolo Roversi\/Extrait de \u00ab\u00a0L\u2019Odeur de l\u2019Inde\u00a0\u00bb (Atelier EXB, Paris 2025)\"\/>      <\/p>\n<p class=\"media__legend\">   Photo Paolo Roversi\/Extrait de \u00ab\u00a0L\u2019Odeur de l\u2019Inde\u00a0\u00bb (Atelier EXB, Paris 2025)  <\/p>\n<p>     <\/a>                               <a href=\"https:\/\/www.europesays.com\/fr\/wp-content\/uploads\/2025\/11\/b384907_upload-1-v9omzdrrxu2u-g392-01-032-agra-fev-90.jpg\" data-pswp-width=\"\" data-pswp-height=\"\" class=\"media__hd\" target=\"_blank\">      <img decoding=\"async\" loading=\"lazy\" src=\"https:\/\/www.europesays.com\/fr\/wp-content\/uploads\/2025\/11\/b384907_upload-1-v9omzdrrxu2u-g392-01-032-agra-fev-90.jpg\" class=\"media__picture js-media-zoom  media__size--large\" alt=\"\" title=\"Photo Paolo Roversi\/Extrait de \u00ab\u00a0L\u2019Odeur de l\u2019Inde\u00a0\u00bb (Atelier EXB, Paris 2025)\"\/>      <\/p>\n<p class=\"media__legend\">   Photo Paolo Roversi\/Extrait de \u00ab\u00a0L\u2019Odeur de l\u2019Inde\u00a0\u00bb (Atelier EXB, Paris 2025)  <\/p>\n<p>     <\/a>                               <a href=\"https:\/\/www.europesays.com\/fr\/wp-content\/uploads\/2025\/11\/73b6081_upload-1-lu6ct7l5y8qi-hdcouvfr-l-odeur-de-l-inde.png\" data-pswp-width=\"\" data-pswp-height=\"\" class=\"media__hd\" target=\"_blank\">      <img decoding=\"async\" loading=\"lazy\" src=\"https:\/\/www.europesays.com\/fr\/wp-content\/uploads\/2025\/11\/73b6081_upload-1-lu6ct7l5y8qi-hdcouvfr-l-odeur-de-l-inde.png\" class=\"media__picture js-media-zoom  media__size--small\" alt=\"\" title=\"\"\/>       <\/a>                            L\u2019Odeur de l\u2019Inde, photographies\u00a0de Paolo Roversi, textes\u00a0de Pier Paolo Pasolini et Paolo Roversi, <a target=\"_blank\" href=\"https:\/\/exb.fr\/fr\/home\/681-l-odeur-de-l-inde.html\" rel=\"nofollow noopener\">\u00e9d. Atelier EXB,<\/a> 192\u00a0pages, 55\u00a0\u20ac.          <\/p>\n","protected":false},"excerpt":{"rendered":"EN PHOTO \u2014 Au d\u00e9but des ann\u00e9es 1990, le photographe Paolo Roversi se rend en Inde, avec en&hellip;\n","protected":false},"author":2,"featured_media":544076,"comment_status":"","ping_status":"","sticky":false,"template":"","format":"standard","meta":{"footnotes":""},"categories":[1358],"tags":[1348,1384,1385,1386,58,59,1011,27],"class_list":{"0":"post-544075","1":"post","2":"type-post","3":"status-publish","4":"format-standard","5":"has-post-thumbnail","7":"category-arts-et-design","8":"tag-arts","9":"tag-arts-and-design","10":"tag-arts-et-design","11":"tag-design","12":"tag-divertissement","13":"tag-entertainment","14":"tag-fr","15":"tag-france"},"share_on_mastodon":{"url":"https:\/\/pubeurope.com\/@fr\/115574883013876856","error":""},"_links":{"self":[{"href":"https:\/\/www.europesays.com\/fr\/wp-json\/wp\/v2\/posts\/544075","targetHints":{"allow":["GET"]}}],"collection":[{"href":"https:\/\/www.europesays.com\/fr\/wp-json\/wp\/v2\/posts"}],"about":[{"href":"https:\/\/www.europesays.com\/fr\/wp-json\/wp\/v2\/types\/post"}],"author":[{"embeddable":true,"href":"https:\/\/www.europesays.com\/fr\/wp-json\/wp\/v2\/users\/2"}],"replies":[{"embeddable":true,"href":"https:\/\/www.europesays.com\/fr\/wp-json\/wp\/v2\/comments?post=544075"}],"version-history":[{"count":0,"href":"https:\/\/www.europesays.com\/fr\/wp-json\/wp\/v2\/posts\/544075\/revisions"}],"wp:featuredmedia":[{"embeddable":true,"href":"https:\/\/www.europesays.com\/fr\/wp-json\/wp\/v2\/media\/544076"}],"wp:attachment":[{"href":"https:\/\/www.europesays.com\/fr\/wp-json\/wp\/v2\/media?parent=544075"}],"wp:term":[{"taxonomy":"category","embeddable":true,"href":"https:\/\/www.europesays.com\/fr\/wp-json\/wp\/v2\/categories?post=544075"},{"taxonomy":"post_tag","embeddable":true,"href":"https:\/\/www.europesays.com\/fr\/wp-json\/wp\/v2\/tags?post=544075"}],"curies":[{"name":"wp","href":"https:\/\/api.w.org\/{rel}","templated":true}]}}