{"id":544079,"date":"2025-11-19T06:13:14","date_gmt":"2025-11-19T06:13:14","guid":{"rendered":"https:\/\/www.europesays.com\/fr\/544079\/"},"modified":"2025-11-19T06:13:14","modified_gmt":"2025-11-19T06:13:14","slug":"paris-jackson-pourquoi-la-fille-de-michael-jackson-est-contre-le-biopic-sur-son-pere","status":"publish","type":"post","link":"https:\/\/www.europesays.com\/fr\/544079\/","title":{"rendered":"Paris Jackson : pourquoi la fille de Michael Jackson est contre le biopic sur son p\u00e8re"},"content":{"rendered":"<p data-start=\"144\" data-end=\"734\">Le 25 juin 2009, Michael Jackson<br \/>\ns\u2019\u00e9teignait \u00e0 l\u2019\u00e2ge de 50 ans, victime d\u2019un arr\u00eat cardiaque li\u00e9 \u00e0<br \/>\n<strong>une surdose de m\u00e9dicaments<\/strong> dans sa r\u00e9sidence<br \/>\nd\u2019Holmby Hills, \u00e0 Los Angeles. La disparition du chanteur plongeait<br \/>\ndes millions de fans dans le deuil et d\u00e9clenchait une vague<br \/>\nd\u2019hommages imm\u00e9diate, marquant le d\u00e9but d\u2019une l\u00e9gende.<\/p>\n<p data-start=\"784\" data-end=\"1411\" data-is-last-node=\"\" data-is-only-node=\"\">Alors que d\u2019autres ic\u00f4nes comme <a href=\"https:\/\/www.closermag.fr\/people\/freddie-mercury-son-enfant-cache-issu-dune-liaison-avec-la-femme-dun-ami-proche-sort-du-silence-3548271\" target=\"_blank\" rel=\"noopener\"><br \/>\nFreddie Mercury<\/a>, Elton John ou Bob Marley ont rapidement eu<br \/>\ndroit \u00e0 leurs films, il aura fallu attendre longtemps pour que<br \/>\n<strong>le cin\u00e9ma s\u2019int\u00e9resse \u00e0 la vie de Michael Jackson<\/strong>.<br \/>\nPr\u00e9vu dans les salles fran\u00e7aises en avril 2026, le biopic sobrement<br \/>\nintitul\u00e9 Michael<br \/>\ns\u2019appr\u00eate enfin \u00e0 raconter son parcours. R\u00e9alis\u00e9 par Antoine Fuqua,<br \/>\nle film a choisi Jaafar Jackson pour incarner le r\u00f4le principal,<br \/>\ngr\u00e2ce \u00e0 une ressemblance frappante. Mais malgr\u00e9 ce casting<br \/>\nprometteur, tout le clan Jackson n\u2019a pas \u00e9t\u00e9 convaincu, et la fille<br \/>\ndu chanteur, Paris, a notamment exprim\u00e9 ses r\u00e9serves.<\/p>\n<p><strong data-start=\"167\" data-end=\"239\">Paris Jackson prend ses distances avec le biopic sur<br \/>\nMichael Jackson<\/strong><\/p>\n<p data-start=\"241\" data-end=\"970\">Paris Jackson tient \u00e0 clarifier<br \/>\nsa position : elle ne veut aucun lien avec le biopic tr\u00e8s attendu<br \/>\nsur la vie de <a href=\"https:\/\/www.closermag.fr\/people\/michael-jackson-combien-sa-fille-paris-a-t-elle-touche-depuis-son-deces-la-somme-faramineuse-a-ete-revelee-3589239\" target=\"_blank\" rel=\"noopener\"><br \/>\nson p\u00e8re<\/a>, Michael Jackson. Alors que l\u2019acteur Colman Domingo,<br \/>\nincarnant Joe Jackson dans le film, affirmait que Paris soutenait<br \/>\nle projet, elle a r\u00e9pondu fermement sur Instagram :<br \/>\n<strong data-start=\"533\" data-end=\"565\">\u201cje n\u2019ai aucune<br \/>\nimplication\u201d<\/strong> dans ce film.<\/p>\n<p data-start=\"241\" data-end=\"970\">Selon elle, le projet manque de<br \/>\nsinc\u00e9rit\u00e9 et d\u00e9forme la r\u00e9alit\u00e9. Pour Paris, le film<br \/>\n<strong data-start=\"802\" data-end=\"834\">\u201cfait trop dans le<br \/>\nfantasme\u201d<\/strong>, s\u2019adressant \u00e0 un public qui pr\u00e9f\u00e8re une<br \/>\nhistoire lisse et romantique plut\u00f4t qu\u2019une repr\u00e9sentation fid\u00e8le de<br \/>\nla vie de Michael Jackson.<\/p>\n<p><strong data-start=\"980\" data-end=\"1049\">Une prise de position<br \/>\nclaire pour prot\u00e9ger l\u2019h\u00e9ritage de son p\u00e8re<\/strong><\/p>\n<p data-start=\"1051\" data-end=\"1970\" data-is-last-node=\"\" data-is-only-node=\"\">Paris Jackson, <a href=\"https:\/\/www.closermag.fr\/people\/la-drogue-a-ruine-sa-vie-paris-jackson-revele-avoir-une-perforation-de-la-cloison-nasale-3592921\" target=\"_blank\" rel=\"noopener\"><br \/>\nqui s&rsquo;est r\u00e9cemment confi\u00e9e sur la drogue qui a d\u00e9truit sa vie<\/a>,<br \/>\ninsiste : elle ne veut pas cautionner une version \u00e9dulcor\u00e9e ou<br \/>\nmarketing de l\u2019histoire de son p\u00e8re. Elle dit avoir consult\u00e9 l\u2019un<br \/>\ndes premiers sc\u00e9narios et partag\u00e9 ses retours, mais, lorsque<br \/>\n<strong>la production les a ignor\u00e9s<\/strong>, elle a d\u00e9cid\u00e9 de se<br \/>\nretirer. Colman Domingo avait pourtant affirm\u00e9 que Paris et son<br \/>\nfr\u00e8re Prince soutenaient le film, une d\u00e9claration qui a provoqu\u00e9 la<br \/>\ncol\u00e8re de Paris.<\/p>\n<p data-start=\"1051\" data-end=\"1970\" data-is-last-node=\"\" data-is-only-node=\"\">Sur Instagram, elle pr\u00e9cise qu\u2019il ne faut pas<br \/>\nlaisser penser qu\u2019elle a \u201caid\u00e9 sur le tournage\u201d alors<br \/>\nqu\u2019elle n\u2019a \u201c<strong>jamais fait partie de ce<br \/>\nprojet<\/strong>\u201d. Elle refuse de se laisser utiliser comme<br \/>\nsimple outil promotionnel et exige que l\u2019h\u00e9ritage de Michael<br \/>\nJackson raconte la v\u00e9rit\u00e9 avec respect et honn\u00eatet\u00e9.<\/p>\n","protected":false},"excerpt":{"rendered":"Le 25 juin 2009, Michael Jackson s\u2019\u00e9teignait \u00e0 l\u2019\u00e2ge de 50 ans, victime d\u2019un arr\u00eat cardiaque li\u00e9 \u00e0&hellip;\n","protected":false},"author":2,"featured_media":544080,"comment_status":"","ping_status":"","sticky":false,"template":"","format":"standard","meta":{"footnotes":""},"categories":[1355],"tags":[58,59,1011,27,35268,1361,873,42953],"class_list":{"0":"post-544079","1":"post","2":"type-post","3":"status-publish","4":"format-standard","5":"has-post-thumbnail","7":"category-musique","8":"tag-divertissement","9":"tag-entertainment","10":"tag-fr","11":"tag-france","12":"tag-michael-jackson","13":"tag-music","14":"tag-musique","15":"tag-paris-jackson"},"share_on_mastodon":{"url":"https:\/\/pubeurope.com\/@fr\/115574892373809254","error":""},"_links":{"self":[{"href":"https:\/\/www.europesays.com\/fr\/wp-json\/wp\/v2\/posts\/544079","targetHints":{"allow":["GET"]}}],"collection":[{"href":"https:\/\/www.europesays.com\/fr\/wp-json\/wp\/v2\/posts"}],"about":[{"href":"https:\/\/www.europesays.com\/fr\/wp-json\/wp\/v2\/types\/post"}],"author":[{"embeddable":true,"href":"https:\/\/www.europesays.com\/fr\/wp-json\/wp\/v2\/users\/2"}],"replies":[{"embeddable":true,"href":"https:\/\/www.europesays.com\/fr\/wp-json\/wp\/v2\/comments?post=544079"}],"version-history":[{"count":0,"href":"https:\/\/www.europesays.com\/fr\/wp-json\/wp\/v2\/posts\/544079\/revisions"}],"wp:featuredmedia":[{"embeddable":true,"href":"https:\/\/www.europesays.com\/fr\/wp-json\/wp\/v2\/media\/544080"}],"wp:attachment":[{"href":"https:\/\/www.europesays.com\/fr\/wp-json\/wp\/v2\/media?parent=544079"}],"wp:term":[{"taxonomy":"category","embeddable":true,"href":"https:\/\/www.europesays.com\/fr\/wp-json\/wp\/v2\/categories?post=544079"},{"taxonomy":"post_tag","embeddable":true,"href":"https:\/\/www.europesays.com\/fr\/wp-json\/wp\/v2\/tags?post=544079"}],"curies":[{"name":"wp","href":"https:\/\/api.w.org\/{rel}","templated":true}]}}