{"id":544081,"date":"2025-11-19T06:14:14","date_gmt":"2025-11-19T06:14:14","guid":{"rendered":"https:\/\/www.europesays.com\/fr\/544081\/"},"modified":"2025-11-19T06:14:14","modified_gmt":"2025-11-19T06:14:14","slug":"dossier-137-pompei-sotto-le-nuvole-des-preuves-damour-jean-valjean","status":"publish","type":"post","link":"https:\/\/www.europesays.com\/fr\/544081\/","title":{"rendered":"\u00ab\u00a0Dossier 137\u00a0\u00bb, \u00ab\u00a0Pompei. Sotto le Nuvole\u00a0\u00bb, \u00ab\u00a0Des preuves d\u2019amour\u00a0\u00bb, \u00ab\u00a0Jean Valjean\u00a0\u00bb\u2026"},"content":{"rendered":"\n<p class=\"article__fact article__fact--false\">LA LISTE DE LA MATINALE<\/p>\n<p>                     <img loading=\"lazy\" decoding=\"async\" src=\"https:\/\/www.europesays.com\/fr\/wp-content\/uploads\/2025\/11\/5cae900_sirius-fs-upload-1-oqhc5buh9gtx-1747644150360-dpda-photogramme-etalo-04-20250407-00087673-1..jpeg\" alt=\"Nadia (Monia Chokri) et C\u00e9line (Ella Rumpf) dans \u00ab\u00a0Des preuves d\u2019amour\u00a0\u00bb, d\u2019Alice Douard.\"   width=\"664\" height=\"443\"\/>    Nadia (Monia Chokri) et C\u00e9line (Ella Rumpf) dans \u00ab\u00a0Des preuves d\u2019amour\u00a0\u00bb, d\u2019Alice Douard.  TANDEM FILMS                 <\/p>\n<p class=\"article__paragraph  \">Une riche semaine attend les cin\u00e9philes, avec des films fran\u00e7ais attendus, tels Dossier 137, de Dominik Moll, Des preuves d\u2019amour, d\u2019Alice Douard, et Jean Valjean, d\u2019Eric Besnard\u00a0; mais aussi le documentaire Pompei. Sotto le Nuvole, de Gianfranco Rosi, ou encore le premier long-m\u00e9trage r\u00e9alis\u00e9 par l\u2019actrice Scarlett Johansson, Eleanor the Great.<\/p>\n<p class=\"article__paragraph  \"><strong>A ne pas manquer<\/strong><\/p>\n<p>           \u00ab\u00a0Dossier 137\u00a0\u00bb\u00a0: la \u00ab\u00a0police des polices\u00a0\u00bb sur la sellette           <\/p>\n<p class=\"article__paragraph  \">En ce jour de d\u00e9cembre\u00a02018, Guillaume est venu manifester en famille \u00e0 Paris, depuis Saint-Dizier (Haute-Marne), pour d\u00e9fendre les services publics aux c\u00f4t\u00e9s des \u00ab\u00a0gilets jaunes\u00a0\u00bb. Plus tard, il est retrouv\u00e9 au sol pr\u00e8s des Champs-Elys\u00e9es, la t\u00eate en sang apr\u00e8s avoir \u00e9t\u00e9 touch\u00e9 par un tir de lanceur de balles de d\u00e9fense (LBD) utilis\u00e9 par des policiers en civil. A l\u2019inspection g\u00e9n\u00e9rale de la police nationale (IGPN) de recontextualiser le drame et d\u2019identifier les \u00e9ventuels fautifs.<\/p>\n<p class=\"article__paragraph  \">En s\u2019attachant \u00e0 cette enqu\u00eate men\u00e9e par St\u00e9phanie (L\u00e9a Drucker, une nouvelle fois magistrale) et son \u00e9quipe, Dominik Moll poursuit avec Dossier 137\u00a0le <a href=\"https:\/\/www.lemonde.fr\/culture\/article\/2022\/07\/13\/la-nuit-du-12-un-duo-de-flics-a-l-epreuve-d-un-feminicide_6134616_3246.html\" rel=\"nofollow noopener\" target=\"_blank\">geste cin\u00e9matographique entam\u00e9 avec La\u00a0Nuit du\u00a012 (2022)<\/a>\u00a0: se servir du film de genre pour mettre le doigt sur un dysfonctionnement de la soci\u00e9t\u00e9.<\/p>\n<p class=\"reading-mode-only \"><strong>Il vous reste 92.76% de cet article \u00e0 lire. La suite est r\u00e9serv\u00e9e aux abonn\u00e9s.<\/strong><\/p>\n","protected":false},"excerpt":{"rendered":"LA LISTE DE LA MATINALE Nadia (Monia Chokri) et C\u00e9line (Ella Rumpf) dans \u00ab\u00a0Des preuves d\u2019amour\u00a0\u00bb, d\u2019Alice Douard.&hellip;\n","protected":false},"author":2,"featured_media":544082,"comment_status":"","ping_status":"","sticky":false,"template":"","format":"standard","meta":{"footnotes":""},"categories":[1354],"tags":[58,59,1346,1011,27,1360],"class_list":{"0":"post-544081","1":"post","2":"type-post","3":"status-publish","4":"format-standard","5":"has-post-thumbnail","7":"category-films","8":"tag-divertissement","9":"tag-entertainment","10":"tag-films","11":"tag-fr","12":"tag-france","13":"tag-movies"},"share_on_mastodon":{"url":"https:\/\/pubeurope.com\/@fr\/115574897252059932","error":""},"_links":{"self":[{"href":"https:\/\/www.europesays.com\/fr\/wp-json\/wp\/v2\/posts\/544081","targetHints":{"allow":["GET"]}}],"collection":[{"href":"https:\/\/www.europesays.com\/fr\/wp-json\/wp\/v2\/posts"}],"about":[{"href":"https:\/\/www.europesays.com\/fr\/wp-json\/wp\/v2\/types\/post"}],"author":[{"embeddable":true,"href":"https:\/\/www.europesays.com\/fr\/wp-json\/wp\/v2\/users\/2"}],"replies":[{"embeddable":true,"href":"https:\/\/www.europesays.com\/fr\/wp-json\/wp\/v2\/comments?post=544081"}],"version-history":[{"count":0,"href":"https:\/\/www.europesays.com\/fr\/wp-json\/wp\/v2\/posts\/544081\/revisions"}],"wp:featuredmedia":[{"embeddable":true,"href":"https:\/\/www.europesays.com\/fr\/wp-json\/wp\/v2\/media\/544082"}],"wp:attachment":[{"href":"https:\/\/www.europesays.com\/fr\/wp-json\/wp\/v2\/media?parent=544081"}],"wp:term":[{"taxonomy":"category","embeddable":true,"href":"https:\/\/www.europesays.com\/fr\/wp-json\/wp\/v2\/categories?post=544081"},{"taxonomy":"post_tag","embeddable":true,"href":"https:\/\/www.europesays.com\/fr\/wp-json\/wp\/v2\/tags?post=544081"}],"curies":[{"name":"wp","href":"https:\/\/api.w.org\/{rel}","templated":true}]}}