{"id":544093,"date":"2025-11-19T06:20:16","date_gmt":"2025-11-19T06:20:16","guid":{"rendered":"https:\/\/www.europesays.com\/fr\/544093\/"},"modified":"2025-11-19T06:20:16","modified_gmt":"2025-11-19T06:20:16","slug":"lorganisation-des-freres-musulmans-classee-comme-terroriste-au-texas","status":"publish","type":"post","link":"https:\/\/www.europesays.com\/fr\/544093\/","title":{"rendered":"L\u2019organisation des Fr\u00e8res musulmans class\u00e9e comme terroriste au Texas"},"content":{"rendered":"<p>Soutien sans r\u00e9serve d\u2019Isra\u00ebl et pourfendeur des manifestations \u00e9tudiantes propalestiniennes qui se sont tenues dans son Etat depuis le d\u00e9but de la guerre entre l\u2019Etat h\u00e9breu et le Hamas <a href=\"https:\/\/www.20minutes.fr\/societe\/4177446-20251007-7-octobre-deux-ans-apres-juifs-france-tetanises-silence-entoure-montee-antisemitisme\" target=\"_blank\" class=\"c-link c-link--is-underlined\" rel=\"noopener\">le 7\u00a0octobre 2023<\/a>, le gouverneur du Texas Greg Abbott a d\u00e9cid\u00e9 de s\u2019en prendre aux organisations musulmanes. Le Texas a ainsi annonc\u00e9 mardi d\u00e9signer <a href=\"https:\/\/www.20minutes.fr\/monde\/4183972-20251106-nouveau-maire-new-york-zohran-mamdani-liens-freres-musulmans\" target=\"_blank\" class=\"c-link c-link--is-underlined\" rel=\"noopener\">les Fr\u00e8res musulmans<\/a> comme \u00ab\u00a0terroristes\u00a0\u00bb.<\/p>\n<p>Outre les Fr\u00e8res musulmans, le gouverneur r\u00e9publicain a aussi plac\u00e9 le Conseil sur les relations am\u00e9ricano-islamiques (CAIR), l\u2019une des principales organisations am\u00e9ricaines de d\u00e9fense des droits des musulmans, sur la liste texane des entit\u00e9s terroristes. Cette d\u00e9cision \u00ab\u00a0leur interdit d\u2019acheter ou d\u2019acqu\u00e9rir des terrains au Texas\u00a0\u00bb et autorise les autorit\u00e9s de l\u2019Etat \u00e0 \u00ab\u00a0engager des poursuites pour les faire fermer\u00a0\u00bb, a pr\u00e9cis\u00e9 Greg Abbott sur X.<\/p>\n<p>Abbott accus\u00e9 de d\u00e9fendre uniquement Isra\u00ebl<\/p>\n<p>CAIR, qui poss\u00e8de une trentaine d\u2019antennes \u00e0 travers le pays, dont trois au Texas, a d\u00e9nonc\u00e9 sur X une d\u00e9cision \u00ab\u00a0diffamatoire\u00a0\u00bb d\u00e9nu\u00e9e de \u00ab\u00a0fondement factuel ou juridique\u00a0\u00bb. Tr\u00e8s oppos\u00e9e \u00e0 la politique am\u00e9ricaine vis-\u00e0-vis de <a href=\"https:\/\/www.20minutes.fr\/monde\/israel\/4186211-20251118-conflit-israelo-palestinien-conseil-securite-onu-approuve-plan-paix-trump-gaza\" target=\"_blank\" class=\"c-link c-link--is-underlined\" rel=\"noopener\">la guerre \u00e0 Gaza<\/a>, l\u2019organisation a aussi accus\u00e9 Greg Abbott de d\u00e9fendre un agenda pro-isra\u00e9lien et d\u2019attiser depuis des mois \u00ab\u00a0l\u2019hyst\u00e9rie antimusulmane afin de discr\u00e9diter les musulmans am\u00e9ricains critiques du gouvernement isra\u00e9lien\u00a0\u00bb.<\/p>\n<\/p>\n<p>La d\u00e9signation d\u2019entit\u00e9s comme organisations terroristes rel\u00e8ve habituellement du gouvernement f\u00e9d\u00e9ral et non des \u00c9tats. Greg Abbott avait cependant d\u00e9j\u00e0 d\u00e9sign\u00e9 le gang v\u00e9n\u00e9zu\u00e9lien Tren de Aragua comme \u00ab\u00a0organisation terroriste \u00e9trang\u00e8re\u00a0\u00bb en septembre\u00a02024, quelques mois avant que son alli\u00e9 Donald Trump n\u2019en fasse de m\u00eame au niveau f\u00e9d\u00e9ral en f\u00e9vrier\u00a02025, apr\u00e8s son retour \u00e0 la Maison-Blanche.<\/p>\n<p><a href=\"https:\/\/www.20minutes.fr\/monde\/etats-unis\/\" target=\"_blank\" class=\"c-link c-btn c-btn--primary\" rel=\"noopener\">Notre dossier sur les Etats-Unis<\/a><\/p>\n<p>En r\u00e9ponse \u00e0 un projet immobilier destin\u00e9 \u00e0 des musulmans, comprenant notamment une mosqu\u00e9e, il avait par ailleurs promulgu\u00e9 en septembre une loi interdisant de cr\u00e9er au Texas des complexes soumis \u00e0 la charia, la loi islamique.<\/p>\n","protected":false},"excerpt":{"rendered":"Soutien sans r\u00e9serve d\u2019Isra\u00ebl et pourfendeur des manifestations \u00e9tudiantes propalestiniennes qui se sont tenues dans son Etat depuis&hellip;\n","protected":false},"author":2,"featured_media":544094,"comment_status":"","ping_status":"","sticky":false,"template":"","format":"standard","meta":{"footnotes":""},"categories":[5],"tags":[47,11,3259,73,1011,27,9305,14,664,74,28052,12,3926,133,28],"class_list":{"0":"post-544093","1":"post","2":"type-post","3":"status-publish","4":"format-standard","5":"has-post-thumbnail","7":"category-international","8":"tag-actualite","9":"tag-actualites","10":"tag-conflit-israelo-palestinien","11":"tag-etats-unis","12":"tag-fr","13":"tag-france","14":"tag-freres-musulmans","15":"tag-international","16":"tag-israel","17":"tag-monde","18":"tag-musulman","19":"tag-news","20":"tag-texas","21":"tag-video","22":"tag-world"},"share_on_mastodon":{"url":"https:\/\/pubeurope.com\/@fr\/115574919926962507","error":""},"_links":{"self":[{"href":"https:\/\/www.europesays.com\/fr\/wp-json\/wp\/v2\/posts\/544093","targetHints":{"allow":["GET"]}}],"collection":[{"href":"https:\/\/www.europesays.com\/fr\/wp-json\/wp\/v2\/posts"}],"about":[{"href":"https:\/\/www.europesays.com\/fr\/wp-json\/wp\/v2\/types\/post"}],"author":[{"embeddable":true,"href":"https:\/\/www.europesays.com\/fr\/wp-json\/wp\/v2\/users\/2"}],"replies":[{"embeddable":true,"href":"https:\/\/www.europesays.com\/fr\/wp-json\/wp\/v2\/comments?post=544093"}],"version-history":[{"count":0,"href":"https:\/\/www.europesays.com\/fr\/wp-json\/wp\/v2\/posts\/544093\/revisions"}],"wp:featuredmedia":[{"embeddable":true,"href":"https:\/\/www.europesays.com\/fr\/wp-json\/wp\/v2\/media\/544094"}],"wp:attachment":[{"href":"https:\/\/www.europesays.com\/fr\/wp-json\/wp\/v2\/media?parent=544093"}],"wp:term":[{"taxonomy":"category","embeddable":true,"href":"https:\/\/www.europesays.com\/fr\/wp-json\/wp\/v2\/categories?post=544093"},{"taxonomy":"post_tag","embeddable":true,"href":"https:\/\/www.europesays.com\/fr\/wp-json\/wp\/v2\/tags?post=544093"}],"curies":[{"name":"wp","href":"https:\/\/api.w.org\/{rel}","templated":true}]}}