{"id":544097,"date":"2025-11-19T06:22:14","date_gmt":"2025-11-19T06:22:14","guid":{"rendered":"https:\/\/www.europesays.com\/fr\/544097\/"},"modified":"2025-11-19T06:22:14","modified_gmt":"2025-11-19T06:22:14","slug":"cette-astuce-de-bercy-pour-la-faire-augmenter-en-catimini","status":"publish","type":"post","link":"https:\/\/www.europesays.com\/fr\/544097\/","title":{"rendered":"Cette astuce de Bercy pour la faire augmenter en catimini"},"content":{"rendered":"<p>La prochaine campagne de <a href=\"https:\/\/www.20minutes.fr\/dossier\/taxe_fonciere\" target=\"_blank\" class=\"c-link c-link--is-underlined\" rel=\"noopener\">taxe fonci\u00e8re<\/a> s\u2019annonce agit\u00e9e, car <a href=\"https:\/\/www.20minutes.fr\/dossier\/bercy\" target=\"_blank\" class=\"c-link c-link--is-underlined\" rel=\"noopener\">Bercy<\/a> pr\u00e9pare une revalorisation automatique qui pourrait toucher plusieurs millions de propri\u00e9taires. Selon les informations du <a href=\"https:\/\/www.leparisien.fr\/economie\/impots\/bercy-va-augmenter-doffice-la-taxe-fonciere-pour-74-millions-de-logements-en-2026-18-11-2025-BNTEXGPX45HJPG52AJCMIN6KNY.php\" rel=\"nofollow noopener\" target=\"_blank\" class=\"c-link c-link--is-underlined\">Parisien<\/a>, l\u2019administration fiscale a d\u00e9cid\u00e9 de mettre \u00e0 jour les donn\u00e9es utilis\u00e9es pour calculer la taxe, en int\u00e9grant d\u2019office des \u00e9quipements de confort jug\u00e9s d\u00e9sormais courants. Eau courante, \u00e9lectricit\u00e9, salle de bains ou chauffage figurent parmi les \u00e9l\u00e9ments que la <a href=\"https:\/\/www.20minutes.fr\/dossier\/finances_publiques\" target=\"_blank\" class=\"c-link c-link--is-underlined\" rel=\"noopener\">Direction g\u00e9n\u00e9rale des finances publiques (DGFIP)<\/a> consid\u00e8re comme quasi syst\u00e9matiques dans les logements actuels.<\/p>\n<p>Cette r\u00e9vision concerne 7,4\u00a0millions de <a href=\"https:\/\/www.20minutes.fr\/dossier\/logement\" target=\"_blank\" class=\"c-link c-link--is-underlined\" rel=\"noopener\">logements<\/a> dont les bases fiscales, inchang\u00e9es depuis les ann\u00e9es\u00a01970, ne refl\u00e8tent plus la r\u00e9alit\u00e9. La mise \u00e0 jour sera effectu\u00e9e sans demander de nouvelle d\u00e9claration aux propri\u00e9taires, ce qui entra\u00eenera une hausse moyenne de 63 euros pour les logements concern\u00e9s. Seuls ceux subissant une variation jug\u00e9e importante recevront une notification dans leur espace en ligne, ce qui suscite d\u00e9j\u00e0 des critiques sur le manque d\u2019information.<\/p>\n<\/p>\n<p>Alerte sur de possibles d\u00e9rives<\/p>\n<p>Les <a href=\"https:\/\/www.20minutes.fr\/dossier\/syndicat\" target=\"_blank\" class=\"c-link c-link--is-underlined\" rel=\"noopener\">syndicats<\/a> et associations de propri\u00e9taires alertent sur les d\u00e9rives possibles. La <a href=\"https:\/\/www.20minutes.fr\/dossier\/cgt\" target=\"_blank\" class=\"c-link c-link--is-underlined\" rel=\"noopener\">CGT<\/a> Finances publiques, cit\u00e9e par Le Parisien, estime que l\u2019Etat part d\u2019hypoth\u00e8ses non v\u00e9rifi\u00e9es, au risque de p\u00e9naliser des foyers modestes ou des logements anciens o\u00f9 le niveau de confort n\u2019est pas uniforme. L\u2019Union nationale des propri\u00e9taires immobiliers redoute, elle, une multiplication des contestations, rappelant qu\u2019un ajustement de ce type repose normalement sur une v\u00e9rification sur place.<\/p>\n<p><a href=\"https:\/\/www.20minutes.fr\/dossier\/taxe_fonciere\" target=\"_blank\" class=\"c-link c-btn c-btn--primary\" rel=\"noopener\">Notre dossier sur la taxe fonci\u00e8re<\/a><\/p>\n<p>La DGFIP assure n\u00e9anmoins que les propri\u00e9taires pourront demander un d\u00e9gr\u00e8vement si leur logement ne dispose pas des \u00e9quipements suppos\u00e9s. Mais cette mise \u00e0 jour, men\u00e9e de fa\u00e7on discr\u00e8te et fond\u00e9e sur des pr\u00e9somptions plut\u00f4t que sur des constats, s\u2019annonce comme l\u2019un des dossiers fiscaux les plus sensibles de\u00a02026. La revalorisation des bases pourrait g\u00e9n\u00e9rer 466\u00a0millions d\u2019euros suppl\u00e9mentaires, sans compter la hausse automatique de la taxe d\u2019habitation sur les r\u00e9sidences secondaires.<\/p>\n","protected":false},"excerpt":{"rendered":"La prochaine campagne de taxe fonci\u00e8re s\u2019annonce agit\u00e9e, car Bercy pr\u00e9pare une revalorisation automatique qui pourrait toucher plusieurs&hellip;\n","protected":false},"author":2,"featured_media":544098,"comment_status":"","ping_status":"","sticky":false,"template":"","format":"standard","meta":{"footnotes":""},"categories":[2],"tags":[47,11,14846,1003,1674,33,1011,27,342,1908,12,9908],"class_list":{"0":"post-544097","1":"post","2":"type-post","3":"status-publish","4":"format-standard","5":"has-post-thumbnail","7":"category-actualites","8":"tag-actualite","9":"tag-actualites","10":"tag-bercy","11":"tag-budget","12":"tag-communes","13":"tag-economie","14":"tag-fr","15":"tag-france","16":"tag-impots","17":"tag-logement","18":"tag-news","19":"tag-taxe-fonciere"},"share_on_mastodon":{"url":"https:\/\/pubeurope.com\/@fr\/115574928017469269","error":""},"_links":{"self":[{"href":"https:\/\/www.europesays.com\/fr\/wp-json\/wp\/v2\/posts\/544097","targetHints":{"allow":["GET"]}}],"collection":[{"href":"https:\/\/www.europesays.com\/fr\/wp-json\/wp\/v2\/posts"}],"about":[{"href":"https:\/\/www.europesays.com\/fr\/wp-json\/wp\/v2\/types\/post"}],"author":[{"embeddable":true,"href":"https:\/\/www.europesays.com\/fr\/wp-json\/wp\/v2\/users\/2"}],"replies":[{"embeddable":true,"href":"https:\/\/www.europesays.com\/fr\/wp-json\/wp\/v2\/comments?post=544097"}],"version-history":[{"count":0,"href":"https:\/\/www.europesays.com\/fr\/wp-json\/wp\/v2\/posts\/544097\/revisions"}],"wp:featuredmedia":[{"embeddable":true,"href":"https:\/\/www.europesays.com\/fr\/wp-json\/wp\/v2\/media\/544098"}],"wp:attachment":[{"href":"https:\/\/www.europesays.com\/fr\/wp-json\/wp\/v2\/media?parent=544097"}],"wp:term":[{"taxonomy":"category","embeddable":true,"href":"https:\/\/www.europesays.com\/fr\/wp-json\/wp\/v2\/categories?post=544097"},{"taxonomy":"post_tag","embeddable":true,"href":"https:\/\/www.europesays.com\/fr\/wp-json\/wp\/v2\/tags?post=544097"}],"curies":[{"name":"wp","href":"https:\/\/api.w.org\/{rel}","templated":true}]}}