{"id":544099,"date":"2025-11-19T06:23:13","date_gmt":"2025-11-19T06:23:13","guid":{"rendered":"https:\/\/www.europesays.com\/fr\/544099\/"},"modified":"2025-11-19T06:23:13","modified_gmt":"2025-11-19T06:23:13","slug":"la-librairie-de-paris-devient-un-bar-clandestin","status":"publish","type":"post","link":"https:\/\/www.europesays.com\/fr\/544099\/","title":{"rendered":"la Librairie de Paris devient un bar clandestin"},"content":{"rendered":"<p>Des banquettes en velours. Un \u00e9clairage \u00e0 la bougie. Des gangsters en train de pr\u00e9parer un coup. Et de l\u2019alcool. Voil\u00e0 \u00e0 quoi ressemblera la Librairie de Paris jeudi (20 heures) pour l\u2019ouverture du 8 e festival Les Gueules noires du polar.<\/p>\n<p>  \u00ab\u00a0Costume pour les messieurs et robe au style ann\u00e9es 1920 pour les dames\u00a0\u00bb<\/p>\n<p>L\u2019occasion de plonger dans un environnement de prohibition en go\u00fbtant \u00e0 l\u2019ambiance des plus sombres speakeasys des grandes villes am\u00e9ricaines est belle. Bon, on avoue, on a sans doute un peu exag\u00e9r\u00e9 le tableau. Il n\u2019y aura probablement ni membres de l\u2019Outfit de Chicago ni alcool frelat\u00e9 ni mot de passe \u00e0 chuchoter au videur veillant au bon fonctionnement d\u2019une porte d\u00e9rob\u00e9e\u00a0: \u00ab\u00a0On offrira quand m\u00eame deux consommations. D\u2019ailleurs, on est en train de travailler sur les recettes de cocktails, c\u2019est un gros enjeu\u00a0\u00bb, se marre Anne-Laure Billon la salari\u00e9e de <a href=\"https:\/\/www.leprogres.fr\/economie\/2024\/08\/30\/un-cultura-a-villars-la-librairie-de-paris-tire-la-sonnette-d-alarme\" target=\"_blank\" rel=\"nofollow noopener\">la librairie st\u00e9phanoise<\/a> \u00e0 l\u2019origine de la cr\u00e9ation du festival.<\/p>\n<p>Et surtout, ce bar clandestin d\u2019un soir sera dot\u00e9 d\u2019une atmosph\u00e8re tr\u00e8s swing. The Green Street Speakeasy, un quartet st\u00e9phanois, se chargera de transformer la Librairie de Paris en bo\u00eete de jazz\u00a0: \u00ab\u00a0\u00c7a fait tr\u00e8s longtemps qu\u2019on r\u00eavait d\u2019une soir\u00e9e musicale ici. Et on sait que les habitu\u00e9s sont friands de d\u00e9couvrir l\u2019\u00e9tablissement sous un autre jour. On esp\u00e8re que le dress code sera suivi\u00a0: costume pour les messieurs et robe au style ann\u00e9es 1920 pour les dames.\u00a0\u00bb En revanche, ne trainez pas pour r\u00e9server votre place dans cet espace qui baignera dans un nuage de fum\u00e9e de cigares (on exag\u00e8re encore), le nombre de places est tr\u00e8s limit\u00e9 (1).<\/p>\n<p>  Le premier roman de Sidonie Bonnec et le \u00ab\u00a0Simenon italien\u00a0\u00bb<\/p>\n<p>D\u00e8s le lendemain, vous pourrez ranger vos f\u00e9doras. Les rencontres avec les auteurs du festival de litt\u00e9rature polici\u00e8re commenceront vendredi (18 heures) par la venue du romancier et journaliste italien Valerio Varesi\u00a0: \u00ab\u00a0Il est le premier \u00e9crivain \u00e9tranger \u00e0 venir aux Gueules noires du polar, se rejouit Anne-Laure Billon. Son personnage, le commissaire Soneri, m\u00e8ne des enqu\u00eates de bouquins en bouquins. On dit souvent que c\u2019est le Simenon italien.\u00a0\u00bb Apr\u00e8s cette d\u00e9dicace, la soir\u00e9e se poursuivra avec les \u00e9l\u00e8ves de l\u2019\u00c9cole h\u00f4teli\u00e8re Renouveau (Saint-Genest-Lerpt) qui adapteront culinairement leur lecture de l\u2019univers de Varesi. Pour le public, l\u2019exp\u00e9rience sera gustative et litt\u00e9raire.<\/p>\n<p>Samedi matin (9\u00a0h\u00a045), place sera donn\u00e9e au polar historique. Laurent Guillaume parlera de son livre Opium Lady  : \u00ab\u00a0C\u2019est l\u2019histoire d\u2019une reporter de guerre en contact avec une princesse birmane qui \u00e9tait la plus grosse trafiquante d\u2019opium de l\u2019Asie du Sud-Est dans les ann\u00e9es 1950\u00a0\u00bb.<\/p>\n<p>Rencontre avec les auteurs<\/p>\n<p>Et Stanislas Petrosky, qui est aussi thanatopracteur, de son personnage d\u2019Ange Cl\u00e9ment, l\u2019assistant du professeur Lacassagne, p\u00e8re de la m\u00e9decine l\u00e9gale \u00e0 Lyon. En fin de matin\u00e9e (11 heures) <a href=\"https:\/\/www.leprogres.fr\/magazine-lifestyle\/2023\/03\/31\/culture-generale-les-secrets-de-nos-regions-a-connaitre-pour-briller-en-societe\" target=\"_blank\" rel=\"nofollow noopener\">l\u2019animatrice de radio et de t\u00e9l\u00e9vision Sidonie Bonnec<\/a> fera d\u00e9couvrir son premier thriller psychologique La Fille au pair \u00a0: \u00ab\u00a0Son personnage est au sein d\u2019une famille anglaise aux apparences bien trompeuses. Le roman, inspir\u00e9 de la propre histoire de l\u2019autrice, est extr\u00eamement bien \u00e9crit\u00a0\u00bb, d\u00e9taille Anne-Laure Billon. L\u2019apr\u00e8s-midi (\u00e0 partir de 14\u00a0h\u00a030), la librairie de Paris recevra Yves Grevet, Jean-Michel Payet et Jean-Christophe Tixier autour d\u2019une d\u00e9dicace suivie d\u2019une table ronde sur le th\u00e8me \u00ab\u00a0\u00e9crire pour les adultes ou pour les ados\u00a0\u00bb.<\/p>\n<p>Fr\u00e9n\u00e9sie, cadavres et manipulations. Le programme des Gueules noires du polar devrait plaire aux amateurs de ce genre litt\u00e9raire qui pourront poser toutes leurs questions aux auteurs. De l\u00e0 \u00e0 s\u2019inspirer d\u2019 <a href=\"https:\/\/www.leprogres.fr\/magazine-lifestyle\/2021\/10\/13\/le-pistolet-favori-d-al-capone-vendu-aux-encheres-745-000-euros\" target=\"_blank\" rel=\"nofollow noopener\">Al Capone<\/a> , que vous croiserez peut-\u00eatre jeudi soir, lequel affirmait qu\u2019\u00ab\u00a0on peut obtenir beaucoup plus avec un mot gentil et un revolver qu\u2019avec un mot gentil tout seul\u00a0\u00bb\u2026<\/p>\n<p class=\"note\">(1) Festival Les Gueules noires du polar, du 20 au 22\u00a0novembre, \u00e0 la Librairie de Paris (6, rue Michel-Rondet). La soir\u00e9e \u00ab\u00a0The secret Jazz Room\u00a0\u00bb du jeudi est payante (19,99\u00a0euros avec deux consommations offertes). Billetterie sur www.librairiedeparis.com. Les rencontres avec les auteurs sont gratuites mais il faut quand m\u00eame s\u2019inscrire sur le site de la librairie.<\/p>\n","protected":false},"excerpt":{"rendered":"Des banquettes en velours. Un \u00e9clairage \u00e0 la bougie. Des gangsters en train de pr\u00e9parer un coup. Et&hellip;\n","protected":false},"author":2,"featured_media":544100,"comment_status":"","ping_status":"","sticky":false,"template":"","format":"standard","meta":{"footnotes":""},"categories":[9653],"tags":[1111,11,2430,1687,7539,1777,674,1011,27,2410,3367,873,12,25,4001,7538,3140],"class_list":{"0":"post-544099","1":"post","2":"type-post","3":"status-publish","4":"format-standard","5":"has-post-thumbnail","7":"category-saint-etienne","8":"tag-actu","9":"tag-actualites","10":"tag-auvergne-rhone-alpes","11":"tag-culture-loisirs","12":"tag-edition-loire-sud","13":"tag-eu","14":"tag-europe","15":"tag-fr","16":"tag-france","17":"tag-livres-bd","18":"tag-loire","19":"tag-musique","20":"tag-news","21":"tag-republique-francaise","22":"tag-saint-etienne","23":"tag-saint-etienne-ville","24":"tag-spectacle"},"share_on_mastodon":{"url":"https:\/\/pubeurope.com\/@fr\/115574931806877572","error":""},"_links":{"self":[{"href":"https:\/\/www.europesays.com\/fr\/wp-json\/wp\/v2\/posts\/544099","targetHints":{"allow":["GET"]}}],"collection":[{"href":"https:\/\/www.europesays.com\/fr\/wp-json\/wp\/v2\/posts"}],"about":[{"href":"https:\/\/www.europesays.com\/fr\/wp-json\/wp\/v2\/types\/post"}],"author":[{"embeddable":true,"href":"https:\/\/www.europesays.com\/fr\/wp-json\/wp\/v2\/users\/2"}],"replies":[{"embeddable":true,"href":"https:\/\/www.europesays.com\/fr\/wp-json\/wp\/v2\/comments?post=544099"}],"version-history":[{"count":0,"href":"https:\/\/www.europesays.com\/fr\/wp-json\/wp\/v2\/posts\/544099\/revisions"}],"wp:featuredmedia":[{"embeddable":true,"href":"https:\/\/www.europesays.com\/fr\/wp-json\/wp\/v2\/media\/544100"}],"wp:attachment":[{"href":"https:\/\/www.europesays.com\/fr\/wp-json\/wp\/v2\/media?parent=544099"}],"wp:term":[{"taxonomy":"category","embeddable":true,"href":"https:\/\/www.europesays.com\/fr\/wp-json\/wp\/v2\/categories?post=544099"},{"taxonomy":"post_tag","embeddable":true,"href":"https:\/\/www.europesays.com\/fr\/wp-json\/wp\/v2\/tags?post=544099"}],"curies":[{"name":"wp","href":"https:\/\/api.w.org\/{rel}","templated":true}]}}